{"id":13910,"date":"2024-10-02T11:21:18","date_gmt":"2024-10-02T14:21:18","guid":{"rendered":"https:\/\/blog.cancaonova.com\/gravata\/?p=13910"},"modified":"2024-10-02T14:32:52","modified_gmt":"2024-10-02T17:32:52","slug":"13910","status":"publish","type":"post","link":"https:\/\/blog.cancaonova.com\/gravata\/2024\/10\/02\/13910\/","title":{"rendered":"Acampamento : A profecia do avivamento"},"content":{"rendered":"<p><img loading=\"lazy\" decoding=\"async\" class=\"wp-image-13911 aligncenter\" src=\"http:\/\/blog.cancaonova.com\/gravata\/files\/2024\/10\/WhatsApp-Image-2024-10-02-at-11.20.10-96x120.jpeg\" alt=\"\" width=\"379\" height=\"473\" srcset=\"https:\/\/blog.cancaonova.com\/gravata\/files\/2024\/10\/WhatsApp-Image-2024-10-02-at-11.20.10-96x120.jpeg 96w, https:\/\/blog.cancaonova.com\/gravata\/files\/2024\/10\/WhatsApp-Image-2024-10-02-at-11.20.10-768x960.jpeg 768w, https:\/\/blog.cancaonova.com\/gravata\/files\/2024\/10\/WhatsApp-Image-2024-10-02-at-11.20.10.jpeg 1080w\" sizes=\"(max-width: 379px) 100vw, 379px\" \/><\/p>\n<p>A Comunidade Can\u00e7\u00e3o Nova em Pernambuco promove, de 11 a 13 de outubro, o Acampamento \u201cA profecia do Avivamento \u201d no Rinc\u00e3o do Meu Senhor,\u00a0 sua sede da miss\u00e3o na Ch\u00e1cara de S\u00e3o Jos\u00e9 em Gravat\u00e1.<\/p>\n<p>O tema deste ano ser\u00e1 \u201cN\u00e3o dar mais para voltar , ide as na\u00e7\u00f5es!\u201d.<\/p>\n<div class=\"WaaZC\">\n<div class=\"RJPOee EIJn2\">\n<div class=\"rPeykc PZPZlf\" data-attrid=\"SGEParagraphFeedback\" data-hveid=\"CAIQAQ\" data-ved=\"2ahUKEwjpx5DWkvCIAxWRJbkGHfI_KUoQo_EKegQIAhAB\">\n<p>A Profecia do Avivamento , \u00e9 um acampamento de ora\u00e7\u00e3o que teve seu inicio na sede da comunidade em Cachoeira Paulista, e que se expandiu para nossas casas de miss\u00f5es . O objetivo do acampamento \u00e9 formar disc\u00edpulos mission\u00e1rios que sirvam \u00e0s causas da evangeliza\u00e7\u00e3o.<span class=\"UV3uM\">\u00a0<\/span><\/p>\n<div class=\"NPrrbc\" data-cid=\"_r3j9Zqm0H5HL5OUP8v-k0QQ_4\">\n<div class=\"BMebGe btku5b k0Jjg fCrZyc LwdV0e FR7ZSc OJeuxf\" role=\"button\" aria-label=\"Abrir\" data-hveid=\"CAQQAQ\" data-ved=\"2ahUKEwjpx5DWkvCIAxWRJbkGHfI_KUoQ3fYKegQIBBAB\">\n<div class=\"niO4u\">\n<div class=\"kHtcsd\"><\/div>\n<\/div>\n<\/div>\n<\/div>\n<\/div>\n<\/div>\n<\/div>\n<div class=\"WaaZC\">\n<div class=\"RJPOee EIJn2\">\n<div class=\"rPeykc PZPZlf\" data-attrid=\"SGEParagraphFeedback\" data-hveid=\"CAcQAQ\" data-ved=\"2ahUKEwjpx5DWkvCIAxWRJbkGHfI_KUoQo_EKegQIBxAB\">\n<p>O avivamento \u00e9 um termo teol\u00f3gico que se refere a um despertar religioso em um determinado lugar.\u00a0No cristianismo, o avivamento \u00e9 uma b\u00ean\u00e7\u00e3o concedida a quem acredita no Divino Esp\u00edrito Santo.<span class=\"UV3uM\">\u00a0<\/span><\/p>\n<div class=\"NPrrbc\" data-cid=\"_r3j9Zqm0H5HL5OUP8v-k0QQ_7\">\n<div class=\"BMebGe btku5b k0Jjg fCrZyc LwdV0e FR7ZSc OJeuxf\" role=\"button\" aria-label=\"Abrir\" data-hveid=\"CAgQAQ\" data-ved=\"2ahUKEwjpx5DWkvCIAxWRJbkGHfI_KUoQ3fYKegQICBAB\">\n<div class=\"niO4u\">\n<div class=\"kHtcsd\"><\/div>\n<\/div>\n<\/div>\n<\/div>\n<\/div>\n<\/div>\n<\/div>\n<div class=\"WaaZC\">\n<div class=\"RJPOee EIJn2\">\n<div class=\"rPeykc uP58nb PZPZlf\" data-attrid=\"SGEParagraphFeedback\" data-hveid=\"CA8QAQ\" data-ved=\"2ahUKEwjpx5DWkvCIAxWRJbkGHfI_KUoQo_EKegQIDxAB\"><span role=\"heading\">Alguns elementos de um avivamento genu\u00edno s\u00e3o:<\/span><\/div>\n<\/div>\n<\/div>\n<div class=\"WaaZC\">\n<div class=\"RJPOee EIJn2\">\n<ul data-hveid=\"CB0QAQ\" data-ved=\"2ahUKEwjpx5DWkvCIAxWRJbkGHfI_KUoQm_YKegQIHRAB\">\n<li class=\"PZPZlf\" data-attrid=\"SGEListItem\">Retorno sincero \u00e0 palavra de Deus<\/li>\n<li class=\"PZPZlf\" data-attrid=\"SGEListItem\">Busca por santidade<\/li>\n<li class=\"PZPZlf\" data-attrid=\"SGEListItem\">Arrependimento<\/li>\n<li class=\"PZPZlf\" data-attrid=\"SGEListItem\">Convers\u00f5es genu\u00ednas<\/li>\n<li class=\"PZPZlf\" data-attrid=\"SGEListItem\">Impacto missional<\/li>\n<li class=\"PZPZlf\" data-attrid=\"SGEListItem\">Testemunho de Cristo perante a sociedade<span class=\"UV3uM\">\u00a0<\/span><\/li>\n<\/ul>\n<p>O evento \u00e9 gratuito* e n\u00e3o h\u00e1 limite de idade para participar.<\/p>\n<h3><strong>Hospedagem \u2013 ALOJAMENTO ou ACAMPAMENTO\u00a0<\/strong><\/h3>\n<p>* Para ficar em alojamento dentro da Ch\u00e1cara, taxa 20,00,\u00a0<strong><a href=\"https:\/\/docs.google.com\/forms\/d\/1qzm1wXK1MmlNeVT4FGWoYRC8h9FaQHw-fArlv2iMw6M\/viewform?edit_requested=true\" target=\"_blank\" rel=\"noopener\">fa\u00e7a sua inscri\u00e7\u00e3o aqui!<\/a><br \/>\n*\u00a0<\/strong>Acampamento \u2013 Voc\u00ea que deseja trazer barraca,\u00a0<a href=\"https:\/\/blog.cancaonova.com\/gravata\/regulamento-do-camping\/\">informa\u00e7\u00f5es!<\/a><strong><br \/>\n<\/strong>*Vagas limitadas.*<br \/>\n*N\u00e3o h\u00e1 limite de idade para participar.<br \/>\n*No local h\u00e1 estacionamento gratuito (vagas limitadas), banheiros, lanchonete,<br \/>\nalmo\u00e7o e Loja Can\u00e7\u00e3o Nova.<\/p>\n<p><strong>Parcerias \u2013 POUSADAS<\/strong><br \/>\n<strong><a href=\"https:\/\/www.instagram.com\/casulo.pousada\/\" target=\"_blank\" rel=\"noopener\">Pousada Casulo<\/a><\/strong><br \/>\n(81) 3533-2343 | (81) 99982-6003<\/p>\n<p><strong><a href=\"https:\/\/www.instagram.com\/pousadavaledogravata\/\" target=\"_blank\" rel=\"noopener\">Pousada Vale do Gravat\u00e1<\/a><\/strong><br \/>\n(81) 35330074<\/p>\n<p>Organize sua caravana, convide seus amigos e familiares e venha participar!<\/p>\n<h3><strong><a href=\"https:\/\/docs.google.com\/forms\/d\/e\/1FAIpQLSdZJCkpCPQfSmp31pWWVu1-Fl0sGfzW_7toa0UY4o2UfQJexg\/viewform\" target=\"_blank\" rel=\"noopener\">Cadastre sua caravana aqui!<\/a><\/strong><\/h3>\n<p><strong>Siga-nos nas Redes Sociais:<\/strong><br \/>\nSiga o nosso Instagram:\u00a0<a href=\"https:\/\/www.instagram.com\/cancaonovagravata\/\" target=\"_blank\" rel=\"noopener\">@cancaonovagravata<\/a>\u00a0<a href=\"https:\/\/www.instagram.com\/radiocngravata\/\" target=\"_blank\" rel=\"noopener\">@radiocngravata<\/a><\/p>\n<\/div>\n<\/div>\n","protected":false},"excerpt":{"rendered":"<p>A Comunidade Can\u00e7\u00e3o Nova em Pernambuco promove, de 11 a 13 de outubro, o Acampamento \u201cA profecia do Avivamento \u201d no Rinc\u00e3o do Meu Senhor,\u00a0 sua sede da miss\u00e3o na Ch\u00e1cara de S\u00e3o Jos\u00e9 em Gravat\u00e1. O tema deste ano&#8230;<\/p>\n","protected":false},"author":4786,"featured_media":13918,"comment_status":"closed","ping_status":"closed","sticky":false,"template":"","format":"standard","meta":{"_mi_skip_tracking":false,"_monsterinsights_sitenote_active":false,"_monsterinsights_sitenote_note":"","_monsterinsights_sitenote_category":0,"footnotes":""},"categories":[],"tags":[],"_links":{"self":[{"href":"https:\/\/blog.cancaonova.com\/gravata\/wp-json\/wp\/v2\/posts\/13910"}],"collection":[{"href":"https:\/\/blog.cancaonova.com\/gravata\/wp-json\/wp\/v2\/posts"}],"about":[{"href":"https:\/\/blog.cancaonova.com\/gravata\/wp-json\/wp\/v2\/types\/post"}],"author":[{"embeddable":true,"href":"https:\/\/blog.cancaonova.com\/gravata\/wp-json\/wp\/v2\/users\/4786"}],"replies":[{"embeddable":true,"href":"https:\/\/blog.cancaonova.com\/gravata\/wp-json\/wp\/v2\/comments?post=13910"}],"version-history":[{"count":5,"href":"https:\/\/blog.cancaonova.com\/gravata\/wp-json\/wp\/v2\/posts\/13910\/revisions"}],"predecessor-version":[{"id":13919,"href":"https:\/\/blog.cancaonova.com\/gravata\/wp-json\/wp\/v2\/posts\/13910\/revisions\/13919"}],"wp:featuredmedia":[{"embeddable":true,"href":"https:\/\/blog.cancaonova.com\/gravata\/wp-json\/wp\/v2\/media\/13918"}],"wp:attachment":[{"href":"https:\/\/blog.cancaonova.com\/gravata\/wp-json\/wp\/v2\/media?parent=13910"}],"wp:term":[{"taxonomy":"category","embeddable":true,"href":"https:\/\/blog.cancaonova.com\/gravata\/wp-json\/wp\/v2\/categories?post=13910"},{"taxonomy":"post_tag","embeddable":true,"href":"https:\/\/blog.cancaonova.com\/gravata\/wp-json\/wp\/v2\/tags?post=13910"}],"curies":[{"name":"wp","href":"https:\/\/api.w.org\/{rel}","templated":true}]}}