{"id":13922,"date":"2024-10-23T16:35:34","date_gmt":"2024-10-23T19:35:34","guid":{"rendered":"https:\/\/blog.cancaonova.com\/gravata\/?p=13922"},"modified":"2024-10-23T16:37:47","modified_gmt":"2024-10-23T19:37:47","slug":"13922","status":"publish","type":"post","link":"https:\/\/blog.cancaonova.com\/gravata\/2024\/10\/23\/13922\/","title":{"rendered":"Acampamento Hosana Pernambuco"},"content":{"rendered":"<div class=\"WaaZC\">\n<div class=\"RJPOee EIJn2\">\n<p><img loading=\"lazy\" decoding=\"async\" class=\"wp-image-13923 aligncenter\" src=\"http:\/\/blog.cancaonova.com\/gravata\/files\/2024\/10\/WhatsApp-Image-2024-10-04-at-11.32.20-96x120.jpeg\" alt=\"\" width=\"268\" height=\"335\" srcset=\"https:\/\/blog.cancaonova.com\/gravata\/files\/2024\/10\/WhatsApp-Image-2024-10-04-at-11.32.20-96x120.jpeg 96w, https:\/\/blog.cancaonova.com\/gravata\/files\/2024\/10\/WhatsApp-Image-2024-10-04-at-11.32.20-768x960.jpeg 768w, https:\/\/blog.cancaonova.com\/gravata\/files\/2024\/10\/WhatsApp-Image-2024-10-04-at-11.32.20.jpeg 1080w\" sizes=\"(max-width: 268px) 100vw, 268px\" \/><\/p>\n<p>A Comunidade Can\u00e7\u00e3o Nova em Pernambuco promove, de 06 a 08 de dezembro, o Acampamento \u201cHosana Pernambuco \u201d no Rinc\u00e3o do Meu Senhor,\u00a0 sua sede da miss\u00e3o na Ch\u00e1cara de S\u00e3o Jos\u00e9 em Gravat\u00e1.<\/p>\n<p>O tema deste ano ser\u00e1 \u201cCom Cristo somos mais que vencedores!\u201d.<\/p>\n<div class=\"WaaZC\">\n<div class=\"RJPOee EIJn2\">\n<div class=\"rPeykc PZPZlf\" data-attrid=\"SGEParagraphFeedback\" data-hveid=\"CAIQAQ\" data-ved=\"2ahUKEwjpx5DWkvCIAxWRJbkGHfI_KUoQo_EKegQIAhAB\">\n<p>O Hosana Pernambuco , \u00e9 um acampamento de ora\u00e7\u00e3o que tem como intuito celebrar as vit\u00f3rias de Deus durante o ano .<\/p>\n<p>O Hosana Brasil teve sua origem em 2004, quando a constru\u00e7\u00e3o do Centro de Evangeliza\u00e7\u00e3o Dom Jo\u00e3o Hip\u00f3lito de Moraes foi finalizada. E para inaugur\u00e1-lo, a inten\u00e7\u00e3o era criar um acampamento para agradecer a Deus por mais essa vit\u00f3ria alcan\u00e7ada pela Comunidade Can\u00e7\u00e3o Nova, que s\u00f3 foi poss\u00edvel gra\u00e7as \u00e0s doa\u00e7\u00f5es feitas por milhares de pessoas. E com intuito de levar essa ben\u00e7\u00e3o para as nossas casas de Miss\u00f5es , cada frente de miss\u00e3o foi tamb\u00e9m colocando na sua agenda anual , esse acampamento celebrativo .<\/p>\n<\/div>\n<\/div>\n<\/div>\n<div class=\"WaaZC\">\n<div class=\"RJPOee EIJn2\">\n<p>O evento \u00e9 gratuito* e n\u00e3o h\u00e1 limite de idade para participar.<\/p>\n<h3><strong>Hospedagem \u2013 ALOJAMENTO ou ACAMPAMENTO\u00a0<\/strong><\/h3>\n<p>* Para ficar em alojamento dentro da Ch\u00e1cara, taxa 20,00,\u00a0<strong><a href=\"https:\/\/docs.google.com\/forms\/d\/1eF3QgU25WZqImJllon3BVqlRE1n3IbGQfWG4-qAGHtU\" target=\"_blank\" rel=\"noopener\">fa\u00e7a sua inscri\u00e7\u00e3o aqui!<\/a><br \/>\n*\u00a0<\/strong>Acampamento \u2013 Voc\u00ea que deseja trazer barraca,\u00a0<a href=\"https:\/\/blog.cancaonova.com\/gravata\/regulamento-do-camping\/\">informa\u00e7\u00f5es!<\/a><strong><br \/>\n<\/strong>*Vagas limitadas.*<br \/>\n*N\u00e3o h\u00e1 limite de idade para participar.<br \/>\n*No local h\u00e1 estacionamento gratuito (vagas limitadas), banheiros, lanchonete,<br \/>\nalmo\u00e7o e Loja Can\u00e7\u00e3o Nova.<\/p>\n<p><strong>Parcerias \u2013 POUSADAS<\/strong><br \/>\n<strong><a href=\"https:\/\/www.instagram.com\/casulo.pousada\/\" target=\"_blank\" rel=\"noopener\">Pousada Casulo<\/a><\/strong><br \/>\n(81) 3533-2343 | (81) 99982-6003<\/p>\n<p><strong><a href=\"https:\/\/www.instagram.com\/pousadavaledogravata\/\" target=\"_blank\" rel=\"noopener\">Pousada Vale do Gravat\u00e1<\/a><\/strong><br \/>\n(81) 35330074<\/p>\n<p>Organize sua caravana, convide seus amigos e familiares e venha participar!<\/p>\n<h3><strong><a href=\"https:\/\/docs.google.com\/forms\/d\/e\/1FAIpQLSdZJCkpCPQfSmp31pWWVu1-Fl0sGfzW_7toa0UY4o2UfQJexg\/viewform\" target=\"_blank\" rel=\"noopener\">Cadastre sua caravana aqui!<\/a><\/strong><\/h3>\n<p><strong>Siga-nos nas Redes Sociais:<\/strong><br \/>\nSiga o nosso Instagram:\u00a0<a href=\"https:\/\/www.instagram.com\/cancaonovagravata\/\" target=\"_blank\" rel=\"noopener\">@cancaonovagravata<\/a>\u00a0<a href=\"https:\/\/www.instagram.com\/radiocngravata\/\" target=\"_blank\" rel=\"noopener\">@radiocngravata<\/a><\/p>\n<\/div>\n<\/div>\n<p>&nbsp;<\/p>\n<\/div>\n<\/div>\n","protected":false},"excerpt":{"rendered":"<p>A Comunidade Can\u00e7\u00e3o Nova em Pernambuco promove, de 06 a 08 de dezembro, o Acampamento \u201cHosana Pernambuco \u201d no Rinc\u00e3o do Meu Senhor,\u00a0 sua sede da miss\u00e3o na Ch\u00e1cara de S\u00e3o Jos\u00e9 em Gravat\u00e1. O tema deste ano ser\u00e1 \u201cCom&#8230;<\/p>\n","protected":false},"author":4786,"featured_media":13923,"comment_status":"closed","ping_status":"closed","sticky":false,"template":"","format":"standard","meta":{"_mi_skip_tracking":false,"_monsterinsights_sitenote_active":false,"_monsterinsights_sitenote_note":"","_monsterinsights_sitenote_category":0,"footnotes":""},"categories":[],"tags":[],"_links":{"self":[{"href":"https:\/\/blog.cancaonova.com\/gravata\/wp-json\/wp\/v2\/posts\/13922"}],"collection":[{"href":"https:\/\/blog.cancaonova.com\/gravata\/wp-json\/wp\/v2\/posts"}],"about":[{"href":"https:\/\/blog.cancaonova.com\/gravata\/wp-json\/wp\/v2\/types\/post"}],"author":[{"embeddable":true,"href":"https:\/\/blog.cancaonova.com\/gravata\/wp-json\/wp\/v2\/users\/4786"}],"replies":[{"embeddable":true,"href":"https:\/\/blog.cancaonova.com\/gravata\/wp-json\/wp\/v2\/comments?post=13922"}],"version-history":[{"count":3,"href":"https:\/\/blog.cancaonova.com\/gravata\/wp-json\/wp\/v2\/posts\/13922\/revisions"}],"predecessor-version":[{"id":13926,"href":"https:\/\/blog.cancaonova.com\/gravata\/wp-json\/wp\/v2\/posts\/13922\/revisions\/13926"}],"wp:featuredmedia":[{"embeddable":true,"href":"https:\/\/blog.cancaonova.com\/gravata\/wp-json\/wp\/v2\/media\/13923"}],"wp:attachment":[{"href":"https:\/\/blog.cancaonova.com\/gravata\/wp-json\/wp\/v2\/media?parent=13922"}],"wp:term":[{"taxonomy":"category","embeddable":true,"href":"https:\/\/blog.cancaonova.com\/gravata\/wp-json\/wp\/v2\/categories?post=13922"},{"taxonomy":"post_tag","embeddable":true,"href":"https:\/\/blog.cancaonova.com\/gravata\/wp-json\/wp\/v2\/tags?post=13922"}],"curies":[{"name":"wp","href":"https:\/\/api.w.org\/{rel}","templated":true}]}}