{"id":1,"date":"2011-07-18T16:15:44","date_gmt":"2011-07-18T16:15:44","guid":{"rendered":"http:\/\/blog.cancaonova.com\/imaculadocoracaodemaria\/?p=1"},"modified":"2011-08-01T14:51:20","modified_gmt":"2011-08-01T14:51:20","slug":"ola-mundo","status":"publish","type":"post","link":"https:\/\/blog.cancaonova.com\/imaculadocoracaodemaria\/2011\/07\/18\/ola-mundo\/","title":{"rendered":"A Devo\u00e7\u00e3o ao Imaculado Cora\u00e7\u00e3o de Maria"},"content":{"rendered":"<p><span style=\"font-family: Verdana, sans-serif\"><a href=\"http:\/\/blog.cancaonova.com\/imaculadocoracaodemaria\/files\/2011\/07\/DSC00168.jpg\"><img loading=\"lazy\" decoding=\"async\" class=\"alignleft size-medium wp-image-22\" src=\"http:\/\/blog.cancaonova.com\/imaculadocoracaodemaria\/files\/2011\/07\/DSC00168-300x225.jpg\" alt=\"\" width=\"300\" height=\"225\" srcset=\"https:\/\/blog.cancaonova.com\/imaculadocoracaodemaria\/files\/2011\/07\/DSC00168-300x225.jpg 300w, https:\/\/blog.cancaonova.com\/imaculadocoracaodemaria\/files\/2011\/07\/DSC00168-768x576.jpg 768w, https:\/\/blog.cancaonova.com\/imaculadocoracaodemaria\/files\/2011\/07\/DSC00168-1024x768.jpg 1024w, https:\/\/blog.cancaonova.com\/imaculadocoracaodemaria\/files\/2011\/07\/DSC00168.jpg 2048w\" sizes=\"(max-width: 300px) 100vw, 300px\" \/><\/a>O intuito desse blog \u00e9 levar at\u00e9 voc\u00ea um pouco sobre a Devo\u00e7\u00e3o ao Imaculado Cora\u00e7\u00e3o de Maria.<\/span><\/p>\n<p><span style=\"font-family: Verdana, sans-serif\">\u00c9 importante saber, segundo Dicion\u00e1rio Web, que devo\u00e7\u00e3o \u00e9 um ato de piedade, sentimento religioso; dedica\u00e7\u00e3o de culto a Deus e aos santos, ato de respeito, afei\u00e7\u00e3o e dedica\u00e7\u00e3o.<\/span><\/p>\n<p><span style=\"font-family: Verdana, sans-serif\">Para falarmos dessa devo\u00e7\u00e3o tamb\u00e9m \u00e9 preciso saber o conceito de apari\u00e7\u00f5es. Na B\u00edblia, a apari\u00e7\u00e3o constitui um modo de revela\u00e7\u00e3o de Deus, isto \u00e9, um modo de Deus comunicar algo de si aos homens. <\/span><span style=\"font-family: Verdana, sans-serif\">Por elas, se tornam presentes, de maneira vis\u00edvel, <\/span><span style=\"font-family: Verdana, sans-serif\">os seres que, por sua natureza, s\u00e3o invis\u00edveis aos homens. <\/span><\/p>\n<p><span style=\"font-family: Verdana, sans-serif\">As apari\u00e7\u00f5es de Maria s\u00e3o um testemunho da sua presen\u00e7a ativa na vida da Igreja. S\u00e3o uma manifesta\u00e7\u00e3o particular deste amor maternal que<\/span><span style=\"font-family: Verdana, sans-serif\"><span style=\"font-size: small\"> <\/span><\/span><span style=\"font-family: Times New Roman, serif\"><span style=\"font-size: small\"><em>&#8220;a faz cuidar dos irm\u00e3os de seu Filho, que caminham ainda na Terra at\u00e1 chegarem \u00e0 P\u00e1tria definitiva&#8221;<\/em><\/span><\/span><span style=\"font-family: Verdana, sans-serif\"> (Lumen Gentium, n.62). As apari\u00e7\u00f5es n\u00e3o t\u00eam por finalidade trazer uma revela\u00e7\u00e3o nova, mas recordar ou real\u00e7ar este ou aquele aspecto da doutrina do evangelho. Mais nada pode fazer Maria, sen\u00e3o repetir incessantemente as palavras de Can\u00e1:<\/span><span style=\"font-family: Times New Roman, serif\"><span style=\"font-size: small\"><em> &#8220;Fazei o que Ele (o seu Filho) vos disser&#8221;. (Jo 2,4)<\/em><\/span><\/span><\/p>\n<p><span style=\"font-family: Verdana, sans-serif\">H\u00e1 locais de algumas apari\u00e7\u00f5es de Nossa Senhora que tornaram-se mundialmente conhecidos como Lourdes, na Fran\u00e7a e F\u00e1tima, em Portugal.<\/span><\/p>\n<p><span style=\"font-family: Verdana, sans-serif\">E \u00e9 sobre a espiritualidade de F\u00e1tima, da qual somos Devotos, \u00e9 que convidamos a cada um de nossos leitores a trilhar esse caminho rumo ao c\u00e9u por meio do Imaculado Cora\u00e7\u00e3o de Maria, nosso ref\u00fagio.<\/span><\/p>\n<p><span style=\"font-family: Verdana, sans-serif\">Neste blog faremos um percurso sobre a import\u00e2ncia das apari\u00e7\u00f5es de F\u00e1tima na vida da Igreja.<\/span><\/p>\n","protected":false},"excerpt":{"rendered":"<p>O intuito desse blog \u00e9 levar at\u00e9 voc\u00ea um pouco sobre a Devo\u00e7\u00e3o ao Imaculado Cora\u00e7\u00e3o de Maria. \u00c9 importante saber, segundo Dicion\u00e1rio Web, que devo\u00e7\u00e3o \u00e9 um ato de piedade, sentimento religioso; dedica\u00e7\u00e3o de culto a Deus e aos&#8230;<\/p>\n","protected":false},"author":4549,"featured_media":0,"comment_status":"open","ping_status":"open","sticky":false,"template":"","format":"standard","meta":{"footnotes":""},"categories":[8636],"tags":[18814,34,16445,15975,8631,67,231,28638],"_links":{"self":[{"href":"https:\/\/blog.cancaonova.com\/imaculadocoracaodemaria\/wp-json\/wp\/v2\/posts\/1"}],"collection":[{"href":"https:\/\/blog.cancaonova.com\/imaculadocoracaodemaria\/wp-json\/wp\/v2\/posts"}],"about":[{"href":"https:\/\/blog.cancaonova.com\/imaculadocoracaodemaria\/wp-json\/wp\/v2\/types\/post"}],"author":[{"embeddable":true,"href":"https:\/\/blog.cancaonova.com\/imaculadocoracaodemaria\/wp-json\/wp\/v2\/users\/4549"}],"replies":[{"embeddable":true,"href":"https:\/\/blog.cancaonova.com\/imaculadocoracaodemaria\/wp-json\/wp\/v2\/comments?post=1"}],"version-history":[{"count":9,"href":"https:\/\/blog.cancaonova.com\/imaculadocoracaodemaria\/wp-json\/wp\/v2\/posts\/1\/revisions"}],"predecessor-version":[{"id":1439,"href":"https:\/\/blog.cancaonova.com\/imaculadocoracaodemaria\/wp-json\/wp\/v2\/posts\/1\/revisions\/1439"}],"wp:attachment":[{"href":"https:\/\/blog.cancaonova.com\/imaculadocoracaodemaria\/wp-json\/wp\/v2\/media?parent=1"}],"wp:term":[{"taxonomy":"category","embeddable":true,"href":"https:\/\/blog.cancaonova.com\/imaculadocoracaodemaria\/wp-json\/wp\/v2\/categories?post=1"},{"taxonomy":"post_tag","embeddable":true,"href":"https:\/\/blog.cancaonova.com\/imaculadocoracaodemaria\/wp-json\/wp\/v2\/tags?post=1"}],"curies":[{"name":"wp","href":"https:\/\/api.w.org\/{rel}","templated":true}]}}