{"id":1071,"date":"2013-05-21T19:30:17","date_gmt":"2013-05-21T19:30:17","guid":{"rendered":"http:\/\/blog.cancaonova.com\/imaculadocoracaodemaria\/?p=1071"},"modified":"2013-05-21T19:30:17","modified_gmt":"2013-05-21T19:30:17","slug":"historia-das-aparicoes","status":"publish","type":"post","link":"https:\/\/blog.cancaonova.com\/imaculadocoracaodemaria\/2013\/05\/21\/historia-das-aparicoes\/","title":{"rendered":"Hist\u00f3ria das Apari\u00e7\u00f5es"},"content":{"rendered":"<p><a href=\"http:\/\/blog.cancaonova.com\/imaculadocoracaodemaria\/files\/2013\/05\/fatima1.jpg\"><img loading=\"lazy\" decoding=\"async\" class=\"alignleft size-medium wp-image-1073\" src=\"http:\/\/blog.cancaonova.com\/imaculadocoracaodemaria\/files\/2013\/05\/fatima1-200x300.jpg\" alt=\"\" width=\"200\" height=\"300\" \/><\/a>A 13 de Maio de 1917, tr\u00eas crian\u00e7as apascentavam um pequeno rebanho na Cova da Iria, freguesia de F\u00e1tima, concelho de Vila Nova de Our\u00e9m, hoje diocese de Leiria-F\u00e1tima. Chamavam-se L\u00facia de Jesus, de 10 anos, e Francisco e Jacinta Marto, seus primos, de 9 e 7 anos.<\/p>\n<p>Por volta do meio dia, depois de rezarem o ter\u00e7o, como habitualmente faziam, entretinham-se a construir uma pequena casa de pedras soltas, no local onde hoje se encontra a Bas\u00edlica. De repente, viram uma luz brilhante; julgando ser um rel\u00e2mpago, decidiram ir-se embora, mas, logo abaixo, outro clar\u00e3o iluminou o espa\u00e7o, e viram em cima de uma pequena azinheira (onde agora se encontra a Capelinha das Apari\u00e7\u00f5es), uma &#8220;Senhora mais brilhante que o sol&#8221;, de cujas m\u00e3os pendia um ter\u00e7o branco.<\/p>\n<p>A Senhora disse aos tr\u00eas pastorinhos que era necess\u00e1rio rezar muito e convidou-os a voltarem \u00e0 Cova da Iria durante mais cinco meses consecutivos, no dia 13 e \u00e0quela hora. As crian\u00e7as assim fizeram, e nos dias 13 de Junho, Julho, Setembro e Outubro, a Senhora voltou a aparecer-lhes e a falar-lhes, na Cova da Iria. A 19 de Agosto, a apari\u00e7\u00e3o deu-se no s\u00edtio dos Valinhos, a uns 500 metros do lugar de Aljustrel, porque, no dia 13, as crian\u00e7as tinham sido levadas pelo Administrador do Concelho, para Vila Nova de Our\u00e9m. (fonte: santuario-fatima.pt)<a href=\"http:\/\/blog.cancaonova.com\/imaculadocoracaodemaria\/files\/2013\/05\/fatima.jpg\"><\/a><\/p>\n","protected":false},"excerpt":{"rendered":"<p>A 13 de Maio de 1917, tr\u00eas crian\u00e7as apascentavam um pequeno rebanho na Cova da Iria, freguesia de F\u00e1tima, concelho de Vila Nova de Our\u00e9m, hoje diocese de Leiria-F\u00e1tima. Chamavam-se L\u00facia de Jesus, de 10 anos, e Francisco e Jacinta&#8230;<\/p>\n","protected":false},"author":4549,"featured_media":0,"comment_status":"open","ping_status":"open","sticky":false,"template":"","format":"standard","meta":{"footnotes":""},"categories":[82225],"tags":[18814,3],"_links":{"self":[{"href":"https:\/\/blog.cancaonova.com\/imaculadocoracaodemaria\/wp-json\/wp\/v2\/posts\/1071"}],"collection":[{"href":"https:\/\/blog.cancaonova.com\/imaculadocoracaodemaria\/wp-json\/wp\/v2\/posts"}],"about":[{"href":"https:\/\/blog.cancaonova.com\/imaculadocoracaodemaria\/wp-json\/wp\/v2\/types\/post"}],"author":[{"embeddable":true,"href":"https:\/\/blog.cancaonova.com\/imaculadocoracaodemaria\/wp-json\/wp\/v2\/users\/4549"}],"replies":[{"embeddable":true,"href":"https:\/\/blog.cancaonova.com\/imaculadocoracaodemaria\/wp-json\/wp\/v2\/comments?post=1071"}],"version-history":[{"count":2,"href":"https:\/\/blog.cancaonova.com\/imaculadocoracaodemaria\/wp-json\/wp\/v2\/posts\/1071\/revisions"}],"predecessor-version":[{"id":1075,"href":"https:\/\/blog.cancaonova.com\/imaculadocoracaodemaria\/wp-json\/wp\/v2\/posts\/1071\/revisions\/1075"}],"wp:attachment":[{"href":"https:\/\/blog.cancaonova.com\/imaculadocoracaodemaria\/wp-json\/wp\/v2\/media?parent=1071"}],"wp:term":[{"taxonomy":"category","embeddable":true,"href":"https:\/\/blog.cancaonova.com\/imaculadocoracaodemaria\/wp-json\/wp\/v2\/categories?post=1071"},{"taxonomy":"post_tag","embeddable":true,"href":"https:\/\/blog.cancaonova.com\/imaculadocoracaodemaria\/wp-json\/wp\/v2\/tags?post=1071"}],"curies":[{"name":"wp","href":"https:\/\/api.w.org\/{rel}","templated":true}]}}