{"id":1133,"date":"2013-10-02T17:57:45","date_gmt":"2013-10-02T17:57:45","guid":{"rendered":"http:\/\/blog.cancaonova.com\/imaculadocoracaodemaria\/?p=1133"},"modified":"2013-10-02T17:57:45","modified_gmt":"2013-10-02T17:57:45","slug":"o-milagre-do-sol-13-outubro-1917","status":"publish","type":"post","link":"https:\/\/blog.cancaonova.com\/imaculadocoracaodemaria\/2013\/10\/02\/o-milagre-do-sol-13-outubro-1917\/","title":{"rendered":"O Milagre do Sol 13 Outubro 1917"},"content":{"rendered":"<p><a href=\"http:\/\/blog.cancaonova.com\/imaculadocoracaodemaria\/files\/2013\/10\/este11.jpg\"><img loading=\"lazy\" decoding=\"async\" class=\"alignleft size-medium wp-image-1136\" src=\"http:\/\/blog.cancaonova.com\/imaculadocoracaodemaria\/files\/2013\/10\/este11-300x214.jpg\" alt=\"\" width=\"300\" height=\"214\" \/><\/a><\/p>\n<p><span style=\"font-family: 'Trebuchet MS', sans-serif\"><span>O\u00a0fen\u00f4meno\u00a0solar de 13 de Outubro de 1917, descrito nos jornais da \u00e9poca, foi o mais maravilhoso e o que maior impress\u00e3o causou aos que tiveram a feIicidade de o presenciar. As crian\u00e7as tinham afirmado com anteced\u00eancia o dia e a hora em que se havia de dar. A not\u00edcia correu veloz por todo o Portugal e apesar de o dia estar desabrido, chover copiosamente, juntaram-se milhares e milhares de pessoas que, \u00e0 hora da \u00faltima apari\u00e7\u00e3o,\u00a0presenciaram\u00a0todas as manifesta\u00e7\u00f5es do astro-rei, homenageando a Rainha do C\u00e9u e da Terra, mais brilhante do que o sol no auge da sua luz.<\/span><\/span><\/p>\n<p><span style=\"font-family: 'Trebuchet MS', sans-serif\"><span>Este\u00a0fen\u00f4meno\u00a0que nenhum observat\u00f3rio\u00a0astron\u00f4mico\u00a0registou, n\u00e3o sendo, portanto, natural, foi presenciado por pessoas de todas as categorias e classes sociais, crentes e descrentes, jornalistas dos principais di\u00e1rios portugueses e at\u00e9 por indiv\u00edduos que se encontravam a\u00a0quil\u00f4metros\u00a0de dist\u00e2ncia, o que\u00a0destr\u00f3i\u00a0toda a hip\u00f3tese de \u2018ilus\u00e3o colectiva\u2019.\u00bb<\/span><\/span><\/p>\n<p><span style=\"font-family: 'Trebuchet MS', sans-serif\"><span>Passaram-se 13 anos ap\u00f3s as apari\u00e7\u00f5es, e ao pronunciar-se no processo sobre os factos ocorridos em F\u00e1tima, dando as apari\u00e7\u00f5es como dignas de cr\u00e9dito, a voz da ci\u00eancia comprovou a palavra do Bispo de Leiria duma maneira clara e inequ\u00edvoca. Ficou pois absolutamente demonstrado que n\u00e3o podia tratar-se de um\u00a0fen\u00f4meno\u00a0astron\u00f4mico, nem sequer de um\u00a0fen\u00f4meno\u00a0meteorol\u00f3gico.<\/span><\/span><\/p>\n<p><span style=\"font-family: 'Trebuchet MS', sans-serif\"><span>Estamos, por isso, diante de um enigma insol\u00favel: ou todos os observadores em F\u00e1tima viram mal o grande acontecimento e erraram ao dar testemunho dele ou temos de o considerar como um\u00a0fen\u00f4meno\u00a0extra-natural. E dado que o conjunto de factos tem uma evidente rela\u00e7\u00e3o com Deus, temos de o considerar como <\/span><\/span><\/p>\n<p><span style=\"font-family: 'Trebuchet MS', sans-serif\"><span>\u00abo mais evidente e colossal milagre realizado at\u00e9 aos dias de hoje\u00bb. <\/span><\/span><\/p>\n<p><span style=\"font-family: 'Trebuchet MS', sans-serif\"><span>Depois de invocar o Divino Esp\u00edrito Santo, confiando na\u00a0prote\u00e7\u00e3o\u00a0de Maria Sant\u00edssima, e ap\u00f3s ter ouvido os Consultores do Processo, D. Jos\u00e9 Alves Correia da Silva declarou como dignas de cr\u00e9dito as vis\u00f5es das crian\u00e7as nos dias 13, de Maio a Outubro de 1917, na Cova da Iria e permitiu oficialmente o culto de Nossa Senhora de F\u00e1tima. <\/span><\/span><\/p>\n<p><span style=\"font-family: 'Trebuchet MS', sans-serif\"><span>Foi assim que Deus colocou o Seu Selo Divino nos acontecimentos de F\u00e1tima.<\/span><\/span><\/p>\n<p><span style=\"font-family: 'Trebuchet MS', sans-serif\"><span>Bem dizia o jornalista Avelino de Almeida: \u00abMilagre, como gritava o povo?\u00bb <\/span><\/span><\/p>\n<p><span style=\"font-family: 'Trebuchet MS', sans-serif\"><span>A voz do povo coincidiu assim com a voz de Deus e com a voz da Igreja. (+ P Luis Kondor, svd)<\/span><\/span><\/p>\n","protected":false},"excerpt":{"rendered":"<p>O\u00a0fen\u00f4meno\u00a0solar de 13 de Outubro de 1917, descrito nos jornais da \u00e9poca, foi o mais maravilhoso e o que maior impress\u00e3o causou aos que tiveram a feIicidade de o presenciar. As crian\u00e7as tinham afirmado com anteced\u00eancia o dia e a&#8230;<\/p>\n","protected":false},"author":4549,"featured_media":0,"comment_status":"open","ping_status":"open","sticky":false,"template":"","format":"standard","meta":{"footnotes":""},"categories":[82164],"tags":[18814,16466],"_links":{"self":[{"href":"https:\/\/blog.cancaonova.com\/imaculadocoracaodemaria\/wp-json\/wp\/v2\/posts\/1133"}],"collection":[{"href":"https:\/\/blog.cancaonova.com\/imaculadocoracaodemaria\/wp-json\/wp\/v2\/posts"}],"about":[{"href":"https:\/\/blog.cancaonova.com\/imaculadocoracaodemaria\/wp-json\/wp\/v2\/types\/post"}],"author":[{"embeddable":true,"href":"https:\/\/blog.cancaonova.com\/imaculadocoracaodemaria\/wp-json\/wp\/v2\/users\/4549"}],"replies":[{"embeddable":true,"href":"https:\/\/blog.cancaonova.com\/imaculadocoracaodemaria\/wp-json\/wp\/v2\/comments?post=1133"}],"version-history":[{"count":3,"href":"https:\/\/blog.cancaonova.com\/imaculadocoracaodemaria\/wp-json\/wp\/v2\/posts\/1133\/revisions"}],"predecessor-version":[{"id":1138,"href":"https:\/\/blog.cancaonova.com\/imaculadocoracaodemaria\/wp-json\/wp\/v2\/posts\/1133\/revisions\/1138"}],"wp:attachment":[{"href":"https:\/\/blog.cancaonova.com\/imaculadocoracaodemaria\/wp-json\/wp\/v2\/media?parent=1133"}],"wp:term":[{"taxonomy":"category","embeddable":true,"href":"https:\/\/blog.cancaonova.com\/imaculadocoracaodemaria\/wp-json\/wp\/v2\/categories?post=1133"},{"taxonomy":"post_tag","embeddable":true,"href":"https:\/\/blog.cancaonova.com\/imaculadocoracaodemaria\/wp-json\/wp\/v2\/tags?post=1133"}],"curies":[{"name":"wp","href":"https:\/\/api.w.org\/{rel}","templated":true}]}}