{"id":1140,"date":"2013-10-08T11:56:47","date_gmt":"2013-10-08T11:56:47","guid":{"rendered":"http:\/\/blog.cancaonova.com\/imaculadocoracaodemaria\/?p=1140"},"modified":"2013-10-08T11:56:47","modified_gmt":"2013-10-08T11:56:47","slug":"sexta-e-ultima-aparicao-13-de-outubro-de-1917","status":"publish","type":"post","link":"https:\/\/blog.cancaonova.com\/imaculadocoracaodemaria\/2013\/10\/08\/sexta-e-ultima-aparicao-13-de-outubro-de-1917\/","title":{"rendered":"Sexta e \u00faltima apari\u00e7\u00e3o: 13 de outubro de 1917"},"content":{"rendered":"<p><span style=\"font-family: 'Trebuchet MS', sans-serif\"><span><a href=\"http:\/\/blog.cancaonova.com\/imaculadocoracaodemaria\/files\/2013\/10\/foto12ok.jpg\"><img loading=\"lazy\" decoding=\"async\" class=\"alignleft size-medium wp-image-1141\" src=\"http:\/\/blog.cancaonova.com\/imaculadocoracaodemaria\/files\/2013\/10\/foto12ok-300x209.jpg\" alt=\"\" width=\"300\" height=\"209\" srcset=\"https:\/\/blog.cancaonova.com\/imaculadocoracaodemaria\/files\/2013\/10\/foto12ok-300x209.jpg 300w, https:\/\/blog.cancaonova.com\/imaculadocoracaodemaria\/files\/2013\/10\/foto12ok-1024x714.jpg 1024w\" sizes=\"(max-width: 300px) 100vw, 300px\" \/><\/a>J\u00e1 era o outono. Uma chuva persistente e forte transformara a Cova da Iria num lama\u00e7al e encharcava a multid\u00e3o de 50 a 70 mil peregrinos, vindos de todos os cantos de Portugal. Assim que chegaram os videntes, L\u00facia pediu que fechassem os guarda-chuvas para rezarem o Ter\u00e7o. E, pouco depois, houve o reflexo de luz e Nossa Senhora apareceu sobre a carrasqueira.<br \/>\n<\/span><\/span><em><span style=\"font-family: 'Trebuchet MS', sans-serif\"><span>&#8220;Quero dizer-te que fa\u00e7am aqui uma capela em minha honra, que sou a Senhora do Ros\u00e1rio, que continuem sempre a rezar o Ter\u00e7o todos os dias. A guerra vai acabar e os militares voltar\u00e3o em breve para suas casas.&#8221;<br \/>\n<\/span><\/span><\/em><span style=\"font-family: 'Trebuchet MS', sans-serif\"><span>Ao pedido de cura para uns doentes e convers\u00e3o para alguns pecadores, Nossa Senhora respondeu:<br \/>\n&#8220;<\/span><\/span><em><span style=\"font-family: 'Trebuchet MS', sans-serif\"><span>Uns sim, outros n\u00e3o. \u00c9 preciso que se emendem, que pe\u00e7am perd\u00e3o dos seus pecados&#8221;.<\/span><\/span><\/em><span style=\"font-family: 'Trebuchet MS', sans-serif\"><span><br \/>\nE tomando um aspecto triste, Ela acrescentou:<br \/>\n<\/span><\/span><em><span style=\"font-family: 'Trebuchet MS', sans-serif\"><span>&#8220;N\u00e3o ofendam mais a Deus Nosso Senhor que j\u00e1 est\u00e1 muito ofendido&#8221;.<\/span><\/span><\/em><span style=\"font-family: 'Trebuchet MS', sans-serif\"><span><br \/>\nE, abrindo as m\u00e3os, f\u00ea-las refletir no sol, e enquanto Se elevava, continuava o reflexo da sua pr\u00f3pria luz a projetar-se no sol.<\/span><\/span><\/p>\n<p><strong><span style=\"color: #993300\"><span style=\"font-family: 'Trebuchet MS', sans-serif\"><span>Vis\u00f5es de cenas simbolizando os Mist\u00e9rios gozosos, dolorosos e gloriosos do Ros\u00e1rio<\/span><\/span><\/span><\/strong><span style=\"font-family: 'Trebuchet MS', sans-serif\"><span><\/p>\n<p>Chovera durante toda a apari\u00e7\u00e3o. L\u00facia, no t\u00e9rmino de seu col\u00f3quio com Nossa Senhora, gritara para o povo: <\/span><\/span><span style=\"font-family: 'Trebuchet MS', sans-serif\"><span>\u201cOlhem para o sol!\u201d<\/span><\/span><span style=\"font-family: 'Trebuchet MS', sans-serif\"><span> Rasgam-se as nuvens, e o sol aparece como um imenso disco de prata. Apesar de seu intenso brilho, pode ser olhado diretamente sem ferir a vista. As pessoas o contemplam absortas quando, de s\u00fabito, o astro se p\u00f5e a &#8220;bailar&#8221;. Gira rapidamente como uma gigantesca roda de fogo. <\/span><\/span><span style=\"font-family: 'Trebuchet MS', sans-serif\"><span>Para<\/span><\/span><span style=\"font-family: 'Trebuchet MS', sans-serif\"><span> de repente, para dentro em pouco recome\u00e7ar o giro sobre si mesmo numa espantosa velocidade. Finalmente, num turbilh\u00e3o vertiginoso, seus bordos adquirem uma cor escarlate, espargindo chamas vermelhas em todas as dire\u00e7\u00f5es. Esses fachos refletem-se no solo, nas \u00e1rvores, nos arbustos, nas faces voltadas para o c\u00e9u, reluzindo com todas as cores do arco-\u00edris. O disco de fogo rodopia loucamente tr\u00eas vezes, com cores cada vez mais intensas, treme espantosamente e, descrevendo um ziguezague descomunal, precipita-se em dire\u00e7\u00e3o \u00e0 multid\u00e3o aterrorizada. Um \u00fanico e imenso grito escapa de todas as bocas. Todos caem de joelhos na lama e pensam que v\u00e3o ser consumidos pelo fogo. Muitos rezam em voz alta o ato de contri\u00e7\u00e3o. Pouco a pouco, o sol come\u00e7a a se elevar tra\u00e7ando o mesmo ziguezague, at\u00e9 o ponto do horizonte de onde havia descido. Torna-se ent\u00e3o imposs\u00edvel fit\u00e1-lo. \u00c9 novamente o sol normal de todos os dias.<\/p>\n<p>O ciclo das vis\u00f5es de F\u00e1tima estava encerrado.<\/p>\n<p>Os prod\u00edgios haviam durado cerca de 10 minutos. Todos se entreolhavam perturbados. Depois, a alegria explodiu: <\/span><\/span><em><span style=\"font-family: 'Trebuchet MS', sans-serif\"><span>&#8220;O milagre! As crian\u00e7as tinham raz\u00e3o!&#8221;<\/span><\/span><\/em><span style=\"font-family: 'Trebuchet MS', sans-serif\"><span> Os gritos de entusiasmo ecoavam pelas colinas adjacentes, e muitos notavam que sua roupa, encharcada alguns minutos antes, estava completamente seca.<\/p>\n<p>O milagre do sol p\u00f4de ser observado a uma dist\u00e2ncia de at\u00e9 40 quil\u00f4metros do local das apari\u00e7\u00f5es.<\/span><\/span><\/p>\n","protected":false},"excerpt":{"rendered":"<p>J\u00e1 era o outono. Uma chuva persistente e forte transformara a Cova da Iria num lama\u00e7al e encharcava a multid\u00e3o de 50 a 70 mil peregrinos, vindos de todos os cantos de Portugal. Assim que chegaram os videntes, L\u00facia pediu&#8230;<\/p>\n","protected":false},"author":4549,"featured_media":0,"comment_status":"open","ping_status":"open","sticky":false,"template":"","format":"standard","meta":{"footnotes":""},"categories":[82164],"tags":[18814,20208,160802],"_links":{"self":[{"href":"https:\/\/blog.cancaonova.com\/imaculadocoracaodemaria\/wp-json\/wp\/v2\/posts\/1140"}],"collection":[{"href":"https:\/\/blog.cancaonova.com\/imaculadocoracaodemaria\/wp-json\/wp\/v2\/posts"}],"about":[{"href":"https:\/\/blog.cancaonova.com\/imaculadocoracaodemaria\/wp-json\/wp\/v2\/types\/post"}],"author":[{"embeddable":true,"href":"https:\/\/blog.cancaonova.com\/imaculadocoracaodemaria\/wp-json\/wp\/v2\/users\/4549"}],"replies":[{"embeddable":true,"href":"https:\/\/blog.cancaonova.com\/imaculadocoracaodemaria\/wp-json\/wp\/v2\/comments?post=1140"}],"version-history":[{"count":2,"href":"https:\/\/blog.cancaonova.com\/imaculadocoracaodemaria\/wp-json\/wp\/v2\/posts\/1140\/revisions"}],"predecessor-version":[{"id":1143,"href":"https:\/\/blog.cancaonova.com\/imaculadocoracaodemaria\/wp-json\/wp\/v2\/posts\/1140\/revisions\/1143"}],"wp:attachment":[{"href":"https:\/\/blog.cancaonova.com\/imaculadocoracaodemaria\/wp-json\/wp\/v2\/media?parent=1140"}],"wp:term":[{"taxonomy":"category","embeddable":true,"href":"https:\/\/blog.cancaonova.com\/imaculadocoracaodemaria\/wp-json\/wp\/v2\/categories?post=1140"},{"taxonomy":"post_tag","embeddable":true,"href":"https:\/\/blog.cancaonova.com\/imaculadocoracaodemaria\/wp-json\/wp\/v2\/tags?post=1140"}],"curies":[{"name":"wp","href":"https:\/\/api.w.org\/{rel}","templated":true}]}}