{"id":1145,"date":"2013-10-09T12:45:09","date_gmt":"2013-10-09T12:45:09","guid":{"rendered":"http:\/\/blog.cancaonova.com\/imaculadocoracaodemaria\/?p=1145"},"modified":"2013-10-09T12:45:09","modified_gmt":"2013-10-09T12:45:09","slug":"a-promessa-da-setima-vinda-de-nossa-senhora","status":"publish","type":"post","link":"https:\/\/blog.cancaonova.com\/imaculadocoracaodemaria\/2013\/10\/09\/a-promessa-da-setima-vinda-de-nossa-senhora\/","title":{"rendered":"A promessa da s\u00e9tima vinda de Nossa Senhora"},"content":{"rendered":"<p><span style=\"font-family: 'Trebuchet MS', sans-serif\"><a href=\"http:\/\/blog.cancaonova.com\/imaculadocoracaodemaria\/files\/2013\/10\/santuario1.jpg\"><img loading=\"lazy\" decoding=\"async\" class=\"alignleft size-medium wp-image-1146\" src=\"http:\/\/blog.cancaonova.com\/imaculadocoracaodemaria\/files\/2013\/10\/santuario1-200x300.jpg\" alt=\"\" width=\"140\" height=\"210\" srcset=\"https:\/\/blog.cancaonova.com\/imaculadocoracaodemaria\/files\/2013\/10\/santuario1-200x300.jpg 200w, https:\/\/blog.cancaonova.com\/imaculadocoracaodemaria\/files\/2013\/10\/santuario1-683x1024.jpg 683w\" sizes=\"(max-width: 140px) 100vw, 140px\" \/><\/a>Em sua primeira apari\u00e7\u00e3o, a Sant\u00edssima Virgem pediu aos 3 pastorinhos que viessem \u00e0 Cova da Iria seis meses seguidos. E acrescentou: <\/span><em><span style=\"font-family: 'Trebuchet MS', sans-serif\">&#8220;Depois voltarei ainda aqui uma s\u00e9tima vez&#8221;.<\/span><\/em><span style=\"font-family: 'Trebuchet MS', sans-serif\"><span><br \/>\n<\/span><\/span><span style=\"font-family: 'Trebuchet MS', sans-serif\"><span>Seguiram-se as seis apari\u00e7\u00f5es, segundo o relato da Irm\u00e3 L\u00facia, pairando o mist\u00e9rio sobre a s\u00e9tima apari\u00e7\u00e3o&#8230;<br \/>\nEstar\u00e1, esta, ligada \u00e0 promessa do triunfo de Seu Imaculado Cora\u00e7\u00e3o? Esse triunfo, sem d\u00favida, configura uma suprema e alt\u00edssima esperan\u00e7a para os dias de hoje! F\u00e1tima, queiramos ou n\u00e3o, tornou-se com a promessa <\/span><\/span><em><span style=\"font-family: 'Trebuchet MS', sans-serif\"><span>&#8220;Por fim meu Imaculado Cora\u00e7\u00e3o triunfar\u00e1&#8221; <\/span><\/span><\/em><span style=\"font-family: 'Trebuchet MS', sans-serif\"><span>o ponto de refer\u00eancia essencial, indispens\u00e1vel, para nossa vida e para o mundo contempor\u00e2neo.<br \/>\n<\/span><\/span><strong><span style=\"font-family: 'Trebuchet MS', sans-serif\"><span>F\u00e1tima, inegavelmente, \u00e9 a aurora do terceiro mil\u00eanio!<\/span><\/span><\/strong><\/p>\n","protected":false},"excerpt":{"rendered":"<p>Em sua primeira apari\u00e7\u00e3o, a Sant\u00edssima Virgem pediu aos 3 pastorinhos que viessem \u00e0 Cova da Iria seis meses seguidos. E acrescentou: &#8220;Depois voltarei ainda aqui uma s\u00e9tima vez&#8221;. Seguiram-se as seis apari\u00e7\u00f5es, segundo o relato da Irm\u00e3 L\u00facia, pairando&#8230;<\/p>\n","protected":false},"author":4549,"featured_media":0,"comment_status":"open","ping_status":"open","sticky":false,"template":"","format":"standard","meta":{"footnotes":""},"categories":[82164],"tags":[18814,16466],"_links":{"self":[{"href":"https:\/\/blog.cancaonova.com\/imaculadocoracaodemaria\/wp-json\/wp\/v2\/posts\/1145"}],"collection":[{"href":"https:\/\/blog.cancaonova.com\/imaculadocoracaodemaria\/wp-json\/wp\/v2\/posts"}],"about":[{"href":"https:\/\/blog.cancaonova.com\/imaculadocoracaodemaria\/wp-json\/wp\/v2\/types\/post"}],"author":[{"embeddable":true,"href":"https:\/\/blog.cancaonova.com\/imaculadocoracaodemaria\/wp-json\/wp\/v2\/users\/4549"}],"replies":[{"embeddable":true,"href":"https:\/\/blog.cancaonova.com\/imaculadocoracaodemaria\/wp-json\/wp\/v2\/comments?post=1145"}],"version-history":[{"count":3,"href":"https:\/\/blog.cancaonova.com\/imaculadocoracaodemaria\/wp-json\/wp\/v2\/posts\/1145\/revisions"}],"predecessor-version":[{"id":1149,"href":"https:\/\/blog.cancaonova.com\/imaculadocoracaodemaria\/wp-json\/wp\/v2\/posts\/1145\/revisions\/1149"}],"wp:attachment":[{"href":"https:\/\/blog.cancaonova.com\/imaculadocoracaodemaria\/wp-json\/wp\/v2\/media?parent=1145"}],"wp:term":[{"taxonomy":"category","embeddable":true,"href":"https:\/\/blog.cancaonova.com\/imaculadocoracaodemaria\/wp-json\/wp\/v2\/categories?post=1145"},{"taxonomy":"post_tag","embeddable":true,"href":"https:\/\/blog.cancaonova.com\/imaculadocoracaodemaria\/wp-json\/wp\/v2\/tags?post=1145"}],"curies":[{"name":"wp","href":"https:\/\/api.w.org\/{rel}","templated":true}]}}