{"id":1262,"date":"2014-01-31T14:04:17","date_gmt":"2014-01-31T14:04:17","guid":{"rendered":"http:\/\/blog.cancaonova.com\/imaculadocoracaodemaria\/?p=1262"},"modified":"2014-01-31T14:04:17","modified_gmt":"2014-01-31T14:04:17","slug":"se-aproxima-o-primeiro-sabado-do-mes","status":"publish","type":"post","link":"https:\/\/blog.cancaonova.com\/imaculadocoracaodemaria\/2014\/01\/31\/se-aproxima-o-primeiro-sabado-do-mes\/","title":{"rendered":"Se aproxima o primeiro s\u00e1bado do m\u00eas"},"content":{"rendered":"<p align=\"LEFT\"><span style=\"color: #ffffff\"><span style=\"font-family: 'lucida grande', tahoma, verdana, arial, sans-serif\">Est\u00e1 se aproximando o primeiro s\u00e1bado do m\u00eas.<\/span><\/span><br \/>\n<span style=\"color: #ffffff\"> <span style=\"font-family: 'lucida grande', tahoma, verdana, arial, sans-serif\">Vamos viver a devo\u00e7\u00e3o dos primeiros s\u00e1bados? Ser\u00e1 em desagravo ao Imaculado Cora\u00e7\u00e3o de Maria, como Ela nos pediu em Sua Apari\u00e7\u00e3o \u00e0 Irm\u00e3 L\u00facia e aos Pastorinhos. Clique na imagem e veja o que \u00e9 preciso fazer.<\/span><\/span><\/p>\n<p style=\"text-align: center\" align=\"LEFT\"><a href=\"http:\/\/blog.cancaonova.com\/imaculadocoracaodemaria\/files\/2014\/01\/primeirodabado_n.jpg\"><img loading=\"lazy\" decoding=\"async\" class=\"aligncenter size-medium wp-image-1263\" alt=\"primeirodabado_n\" src=\"http:\/\/blog.cancaonova.com\/imaculadocoracaodemaria\/files\/2014\/01\/primeirodabado_n-300x200.jpg\" width=\"300\" height=\"200\" srcset=\"https:\/\/blog.cancaonova.com\/imaculadocoracaodemaria\/files\/2014\/01\/primeirodabado_n-300x200.jpg 300w, https:\/\/blog.cancaonova.com\/imaculadocoracaodemaria\/files\/2014\/01\/primeirodabado_n.jpg 960w\" sizes=\"(max-width: 300px) 100vw, 300px\" \/><\/a><\/p>\n","protected":false},"excerpt":{"rendered":"<p>Est\u00e1 se aproximando o primeiro s\u00e1bado do m\u00eas. Vamos viver a devo\u00e7\u00e3o dos primeiros s\u00e1bados? Ser\u00e1 em desagravo ao Imaculado Cora\u00e7\u00e3o de Maria, como Ela nos pediu em Sua Apari\u00e7\u00e3o \u00e0 Irm\u00e3 L\u00facia e aos Pastorinhos. Clique na imagem e&#8230;<\/p>\n","protected":false},"author":4549,"featured_media":0,"comment_status":"open","ping_status":"open","sticky":false,"template":"","format":"standard","meta":{"footnotes":""},"categories":[82162,4],"tags":[20890,18814],"_links":{"self":[{"href":"https:\/\/blog.cancaonova.com\/imaculadocoracaodemaria\/wp-json\/wp\/v2\/posts\/1262"}],"collection":[{"href":"https:\/\/blog.cancaonova.com\/imaculadocoracaodemaria\/wp-json\/wp\/v2\/posts"}],"about":[{"href":"https:\/\/blog.cancaonova.com\/imaculadocoracaodemaria\/wp-json\/wp\/v2\/types\/post"}],"author":[{"embeddable":true,"href":"https:\/\/blog.cancaonova.com\/imaculadocoracaodemaria\/wp-json\/wp\/v2\/users\/4549"}],"replies":[{"embeddable":true,"href":"https:\/\/blog.cancaonova.com\/imaculadocoracaodemaria\/wp-json\/wp\/v2\/comments?post=1262"}],"version-history":[{"count":7,"href":"https:\/\/blog.cancaonova.com\/imaculadocoracaodemaria\/wp-json\/wp\/v2\/posts\/1262\/revisions"}],"predecessor-version":[{"id":1273,"href":"https:\/\/blog.cancaonova.com\/imaculadocoracaodemaria\/wp-json\/wp\/v2\/posts\/1262\/revisions\/1273"}],"wp:attachment":[{"href":"https:\/\/blog.cancaonova.com\/imaculadocoracaodemaria\/wp-json\/wp\/v2\/media?parent=1262"}],"wp:term":[{"taxonomy":"category","embeddable":true,"href":"https:\/\/blog.cancaonova.com\/imaculadocoracaodemaria\/wp-json\/wp\/v2\/categories?post=1262"},{"taxonomy":"post_tag","embeddable":true,"href":"https:\/\/blog.cancaonova.com\/imaculadocoracaodemaria\/wp-json\/wp\/v2\/tags?post=1262"}],"curies":[{"name":"wp","href":"https:\/\/api.w.org\/{rel}","templated":true}]}}