{"id":1315,"date":"2014-04-01T11:36:34","date_gmt":"2014-04-01T11:36:34","guid":{"rendered":"http:\/\/blog.cancaonova.com\/imaculadocoracaodemaria\/?p=1315"},"modified":"2014-04-01T11:36:34","modified_gmt":"2014-04-01T11:36:34","slug":"o-conceito-de-misericordia","status":"publish","type":"post","link":"https:\/\/blog.cancaonova.com\/imaculadocoracaodemaria\/2014\/04\/01\/o-conceito-de-misericordia\/","title":{"rendered":"O conceito de miseric\u00f3rdia"},"content":{"rendered":"<p lang=\"pt-PT\" align=\"JUSTIFY\"><a href=\"http:\/\/blog.cancaonova.com\/imaculadocoracaodemaria\/files\/2014\/03\/quaresma.jpg\"><img loading=\"lazy\" decoding=\"async\" class=\"aligncenter size-medium wp-image-1293\" alt=\"quaresma\" src=\"http:\/\/blog.cancaonova.com\/imaculadocoracaodemaria\/files\/2014\/03\/quaresma-300x196.jpg\" width=\"300\" height=\"196\" \/><\/a>Miseric\u00f3rdia. Esta palavra soa-nos estranha, se a ouvirmos no contexto da atual cultura marcada pela reivindica\u00e7\u00e3o acentuada dos pr\u00f3prios direitos. Evoca situa\u00e7\u00f5es de fraqueza, sofrimento, mis\u00e9ria, abandono, pecado&#8230; e a s\u00faplica de socorro. Pode assim aparecer associada a um estado de humilha\u00e7\u00e3o e \u00e0 compaix\u00e3o, que ningu\u00e9m deseja mesmo na rela\u00e7\u00e3o com Deus. Pretende-se sempre estar bem e afirmar-se perante os outros e at\u00e9 perante Deus. A miseric\u00f3rdia, no entanto, \u00e9 uma realidade muito necess\u00e1ria no contexto das rela\u00e7\u00f5es entre as pessoas, das fragilidades e mis\u00e9rias que todas experimentam, e das d\u00edvidas morais que se contraem reciprocamente. Sem ela, n\u00e3o se pode construir uma sociedade capaz de praticar autenticamente a solidariedade e construir a reconcilia\u00e7\u00e3o.<\/p>\n<p lang=\"pt-PT\" align=\"JUSTIFY\">A miseric\u00f3rdia, como ter\u00e3o ouvido repetidas vezes nestes dias, \u00e9 um atributo essencial de Deus na sua rela\u00e7\u00e3o com a humanidade. Exprime tanto a compaix\u00e3o como a fidelidade e os motivos pelos quais Deus age com bondade em rela\u00e7\u00e3o aos homens. Se o primeiro significado est\u00e1 ligado aos sentimentos espont\u00e2neos que Deus experimenta para com as suas criaturas, feitas \u00e0 Sua imagem e semelhan\u00e7a, o segundo exprime a bondade consciente, volunt\u00e1ria, como um dever interior, uma exig\u00eancia de fidelidade para consigo mesmo (cf VTB, 542-543).<\/p>\n<p lang=\"pt-PT\" align=\"JUSTIFY\">A miseric\u00f3rdia \u00e9, assim, uma caracter\u00edstica do amor divino que se revela como ternura, socorro, perd\u00e3o, consolo e salva\u00e7\u00e3o perante a mis\u00e9ria humana. Ela estende-se de gera\u00e7\u00e3o em gera\u00e7\u00e3o, como proclamou a Virgem Maria no Magnificat (cf Lc 1, 50). \u201cQuando o homem adquire a consci\u00eancia de ser incapaz e\u00a0pecador, ent\u00e3o se lhe revela com mais ou menos claridade o rosto da miseric\u00f3rdia infinita\u201d (VTB, 543). Os homens beneficiam da miseric\u00f3rdia divina nas suas necessidades e afli\u00e7\u00f5es, mas eles pr\u00f3prios devem tamb\u00e9m mostrar-se misericordiosos uns para os outros, \u00e0 imita\u00e7\u00e3o do seu criador, segundo a palavra de Jesus: \u201csede misericordiosos como o Vosso Pai \u00e9 misericordioso\u201d (Lc 6,36).<\/p>\n<p lang=\"pt-PT\" align=\"RIGHT\">\u00a0Padre Jorge Manuel Faria Guarda<\/p>\n<p lang=\"pt-PT\" align=\"RIGHT\">\n<p lang=\"pt-PT\" align=\"JUSTIFY\">\n","protected":false},"excerpt":{"rendered":"<p>Miseric\u00f3rdia. Esta palavra soa-nos estranha, se a ouvirmos no contexto da atual cultura marcada pela reivindica\u00e7\u00e3o acentuada dos pr\u00f3prios direitos. Evoca situa\u00e7\u00f5es de fraqueza, sofrimento, mis\u00e9ria, abandono, pecado&#8230; e a s\u00faplica de socorro. Pode assim aparecer associada a um estado&#8230;<\/p>\n","protected":false},"author":4549,"featured_media":0,"comment_status":"open","ping_status":"open","sticky":false,"template":"","format":"standard","meta":{"footnotes":""},"categories":[82298],"tags":[15899,27179],"_links":{"self":[{"href":"https:\/\/blog.cancaonova.com\/imaculadocoracaodemaria\/wp-json\/wp\/v2\/posts\/1315"}],"collection":[{"href":"https:\/\/blog.cancaonova.com\/imaculadocoracaodemaria\/wp-json\/wp\/v2\/posts"}],"about":[{"href":"https:\/\/blog.cancaonova.com\/imaculadocoracaodemaria\/wp-json\/wp\/v2\/types\/post"}],"author":[{"embeddable":true,"href":"https:\/\/blog.cancaonova.com\/imaculadocoracaodemaria\/wp-json\/wp\/v2\/users\/4549"}],"replies":[{"embeddable":true,"href":"https:\/\/blog.cancaonova.com\/imaculadocoracaodemaria\/wp-json\/wp\/v2\/comments?post=1315"}],"version-history":[{"count":1,"href":"https:\/\/blog.cancaonova.com\/imaculadocoracaodemaria\/wp-json\/wp\/v2\/posts\/1315\/revisions"}],"predecessor-version":[{"id":1316,"href":"https:\/\/blog.cancaonova.com\/imaculadocoracaodemaria\/wp-json\/wp\/v2\/posts\/1315\/revisions\/1316"}],"wp:attachment":[{"href":"https:\/\/blog.cancaonova.com\/imaculadocoracaodemaria\/wp-json\/wp\/v2\/media?parent=1315"}],"wp:term":[{"taxonomy":"category","embeddable":true,"href":"https:\/\/blog.cancaonova.com\/imaculadocoracaodemaria\/wp-json\/wp\/v2\/categories?post=1315"},{"taxonomy":"post_tag","embeddable":true,"href":"https:\/\/blog.cancaonova.com\/imaculadocoracaodemaria\/wp-json\/wp\/v2\/tags?post=1315"}],"curies":[{"name":"wp","href":"https:\/\/api.w.org\/{rel}","templated":true}]}}