{"id":1323,"date":"2014-04-22T18:55:14","date_gmt":"2014-04-22T18:55:14","guid":{"rendered":"http:\/\/blog.cancaonova.com\/imaculadocoracaodemaria\/?p=1323"},"modified":"2014-04-22T18:55:36","modified_gmt":"2014-04-22T18:55:36","slug":"pio-xvii-testemunhou-milagre-dos-sol","status":"publish","type":"post","link":"https:\/\/blog.cancaonova.com\/imaculadocoracaodemaria\/2014\/04\/22\/pio-xvii-testemunhou-milagre-dos-sol\/","title":{"rendered":"PIO XVII testemunhou milagre dos sol"},"content":{"rendered":"<p><span style=\"font-family: Sylfaen, serif\"><a href=\"http:\/\/blog.cancaonova.com\/imaculadocoracaodemaria\/files\/2013\/10\/este11.jpg\"><img loading=\"lazy\" decoding=\"async\" class=\"aligncenter size-medium wp-image-1136\" alt=\"este1\" src=\"http:\/\/blog.cancaonova.com\/imaculadocoracaodemaria\/files\/2013\/10\/este11-300x214.jpg\" width=\"300\" height=\"214\" \/><\/a><\/span><\/p>\n<p><span style=\"font-family: Tahoma, sans-serif;color: #ffffff\">Algumas anota\u00e7\u00f5es de Pio XII revelam que o Papa viu o sol rodar quatro vezes por ocasi\u00e3o da proclama\u00e7\u00e3o do dogma da Assun\u00e7\u00e3o. Andrea Tornielli, vaticanista de \u00abIl Giornale\u00bb e comiss\u00e1rio da exposi\u00e7\u00e3o \u00abPio XII \u2013 o homem e o pontificado (1876-1958)\u00bb, revela \u00e0 Ag\u00eancia Zenit que foi encontrado no arquivo familiar um manuscrito in\u00e9dito onde o Papa Pacelli descreve o \u00abmilagre do sol\u00bb, um epis\u00f3dio do qual, at\u00e9 hoje, apenas foi mencionado no testemunho do Cardeal Federico Todeschini.\u201cVi o \u00abmilagre do sol\u00bb, esta \u00e9 a pura verdade\u201d, escreveu o Papa Eugenio Pacelli, referindo-se a um fen\u00f3meno similar ao que aconteceu em F\u00e1tima, a 13 de Outubro de 1917.<\/span><\/p>\n<p><span style=\"color: #ffffff\"><a name=\"more-1079\"><\/a><span style=\"font-family: Tahoma, sans-serif\">Na nota, que poder\u00e1 ser vista na exposi\u00e7\u00e3o, Pacelli recorda que em 1950, pouco antes de proclamar o dogma da Assun\u00e7\u00e3o (1\u00ba de Novembro), enquanto passeava nos jardins vaticanos, assistiu v\u00e1rias vezes ao mesmo fen\u00f3meno que se verificou em 1917, no final das apari\u00e7\u00f5es de F\u00e1tima, e considerou-o uma confirma\u00e7\u00e3o celeste de tudo que estava por realizar.<\/span><\/span><\/p>\n<p><span style=\"font-family: Tahoma, sans-serif;color: #ffffff\">Pio XII escreveu que estava no dia 30 de Outubro de 1950, \u00e0s 16h. \u201cDurante o habitual passeio nos jardins vaticanos, lendo e estudando\u201d, \u00e0 altura da pra\u00e7a da Senhora de Lourdes \u201crumo ao alto da colina, no caminho da direita que beira a muralha (\u2026) fiquei impressionado por um fen\u00f3meno, que nunca at\u00e9 agora havia visto. O sol, que estava ainda bastante alto, aparecia como um globo opaco amarelado, circundado por um c\u00edrculo luminoso\u201d, que, contudo, n\u00e3o impedia a fixa\u00e7\u00e3o do olhar.<\/span><\/p>\n<p><span style=\"font-family: Tahoma, sans-serif;color: #ffffff\">A nota do Papa Pacelli continua a descrever \u201co globo opaco\u201d que \u201cse movia ligeiramente para fora, girando, movendo-se da esquerda para a direita e vice-versa. Mas dentro do globo viam-se, com toda a clareza e sem interrup\u00e7\u00e3o, fort\u00edssimos movimentos\u201d.<\/span><\/p>\n<p><span style=\"font-family: Tahoma, sans-serif;color: #ffffff\">O Papa assegura ter assistido ao mesmo fen\u00f3meno \u201ca 31 de Outubro e 1 de Novembro, dia da defini\u00e7\u00e3o do dogma da Assun\u00e7\u00e3o, depois, novamente, a 8 de Novembro. Depois nunca mais\u201d. O Papa Pacelli menciona ter tentado \u201cv\u00e1rias vezes\u201d nos outros dias, \u00e0 mesma hora e em condi\u00e7\u00f5es atmosf\u00e9ricas similares, \u201colhar o sol para ver se aparecia o mesmo fen\u00f3meno, mas em v\u00e3o, n\u00e3o podia fixar a vista porque os olhos ficavam cegos\u201d.<\/span><\/p>\n<p><span style=\"font-family: Tahoma, sans-serif;color: #ffffff\">Pio XII falou do sucedido a alguns cardeais e outras pessoas mais chegados, tanto que a Irm\u00e3 Pascalina Lehnert, uma religiosa governanta do apartamento papal, declarou que \u201cPio XII estava muito convicto da realidade do extraordin\u00e1rio fen\u00f3meno, a que assistido em quatro ocasi\u00f5es\u201d.<\/span><\/p>\n<p><span style=\"font-family: Tahoma, sans-serif;color: #ffffff\">Segundo Tornielli, existe um v\u00ednculo s\u00f3lido entre a vida de Eugenio Pacelli e o mist\u00e9rio da Virgem Maria. \u201cDesde crian\u00e7a Eugenio Pacelli era devoto e estava inscrito na Congrega\u00e7\u00e3o da Assun\u00e7\u00e3o, que tinha a capela perto da Igreja do Jesus. Uma devo\u00e7\u00e3o que parecia prof\u00e9tica, j\u00e1 que foi precisamente ele quem declarou o dogma da Assun\u00e7\u00e3o em 1950\u201d.<\/span><\/p>\n<p><span style=\"font-family: Tahoma, sans-serif;color: #ffffff\">Eugenio Pacelli celebrou sua primeira eucaristia como sacerdote em 3 de Abril de 1899, no altar do \u00edcone de Maria \u00abSalus Populi Romani\u00bb, na capela Borguese, da Bas\u00edlica de Santa Maria a Maior. \u201cE depois recebeu a ordena\u00e7\u00e3o episcopal do Papa Bento XV na capela Sistina, em 13 de Maio de 1917, dia da primeira apari\u00e7\u00e3o da Virgem em F\u00e1tima\u201d.<\/span><\/p>\n<p><span style=\"font-family: Tahoma, sans-serif;color: #ffffff\">Em 1940, na qualidade de pont\u00edfice, reconheceu definitivamente as apari\u00e7\u00f5es de F\u00e1tima, e em 1942 consagrou o mundo inteiro ao Cora\u00e7\u00e3o Imaculado de Maria.<\/span><\/p>\n<p><span style=\"font-family: Tahoma, sans-serif;color: #ffffff\">O Papa Pio XII encontrou-se muitas vezes com a Irm\u00e3 L\u00facia e ordenou-lhe que transcrevesse as mensagens recebidas de Nossa Senhora, convertendo-se, portanto, no primeiro pont\u00edfice a conhecer o conte\u00fado do terceiro segredo, que Jo\u00e3o Paulo II divulgou.<\/span><\/p>\n<p><span style=\"font-family: Tahoma, sans-serif;color: #ffffff\">A 1 de Novembro de 1950, ap\u00f3s ter consultado os bispos do mundo inteiro, que unanimemente concordaram (em 1.181 apenas seis manifestaram reservas), Pio XII proclamou, com a Bula Munificentissimus Deus, o dogma da Assun\u00e7\u00e3o, como cumprimento do dogma da Imaculada Concei\u00e7\u00e3o.<\/span><\/p>\n<p><span style=\"color: #ffffff\"><span style=\"font-family: Tahoma, sans-serif\">Fonte: <\/span><span style=\"font-family: Tahoma, sans-serif\">Ag\u00eancia Eclesia<\/span><\/span><\/p>\n","protected":false},"excerpt":{"rendered":"<p>Algumas anota\u00e7\u00f5es de Pio XII revelam que o Papa viu o sol rodar quatro vezes por ocasi\u00e3o da proclama\u00e7\u00e3o do dogma da Assun\u00e7\u00e3o. Andrea Tornielli, vaticanista de \u00abIl Giornale\u00bb e comiss\u00e1rio da exposi\u00e7\u00e3o \u00abPio XII \u2013 o homem e o&#8230;<\/p>\n","protected":false},"author":4549,"featured_media":0,"comment_status":"open","ping_status":"open","sticky":false,"template":"","format":"standard","meta":{"footnotes":""},"categories":[82225],"tags":[18814,2231],"_links":{"self":[{"href":"https:\/\/blog.cancaonova.com\/imaculadocoracaodemaria\/wp-json\/wp\/v2\/posts\/1323"}],"collection":[{"href":"https:\/\/blog.cancaonova.com\/imaculadocoracaodemaria\/wp-json\/wp\/v2\/posts"}],"about":[{"href":"https:\/\/blog.cancaonova.com\/imaculadocoracaodemaria\/wp-json\/wp\/v2\/types\/post"}],"author":[{"embeddable":true,"href":"https:\/\/blog.cancaonova.com\/imaculadocoracaodemaria\/wp-json\/wp\/v2\/users\/4549"}],"replies":[{"embeddable":true,"href":"https:\/\/blog.cancaonova.com\/imaculadocoracaodemaria\/wp-json\/wp\/v2\/comments?post=1323"}],"version-history":[{"count":6,"href":"https:\/\/blog.cancaonova.com\/imaculadocoracaodemaria\/wp-json\/wp\/v2\/posts\/1323\/revisions"}],"predecessor-version":[{"id":1329,"href":"https:\/\/blog.cancaonova.com\/imaculadocoracaodemaria\/wp-json\/wp\/v2\/posts\/1323\/revisions\/1329"}],"wp:attachment":[{"href":"https:\/\/blog.cancaonova.com\/imaculadocoracaodemaria\/wp-json\/wp\/v2\/media?parent=1323"}],"wp:term":[{"taxonomy":"category","embeddable":true,"href":"https:\/\/blog.cancaonova.com\/imaculadocoracaodemaria\/wp-json\/wp\/v2\/categories?post=1323"},{"taxonomy":"post_tag","embeddable":true,"href":"https:\/\/blog.cancaonova.com\/imaculadocoracaodemaria\/wp-json\/wp\/v2\/tags?post=1323"}],"curies":[{"name":"wp","href":"https:\/\/api.w.org\/{rel}","templated":true}]}}