{"id":1348,"date":"2014-06-10T17:10:00","date_gmt":"2014-06-10T17:10:00","guid":{"rendered":"http:\/\/blog.cancaonova.com\/imaculadocoracaodemaria\/?p=1348"},"modified":"2014-06-10T17:10:00","modified_gmt":"2014-06-10T17:10:00","slug":"meditacoes-de-sao-joao-paulo-ii-sobre-nossa-senhora","status":"publish","type":"post","link":"https:\/\/blog.cancaonova.com\/imaculadocoracaodemaria\/2014\/06\/10\/meditacoes-de-sao-joao-paulo-ii-sobre-nossa-senhora\/","title":{"rendered":"Medita\u00e7\u00f5es de S\u00e3o Jo\u00e3o Paulo II sobre Nossa Senhora"},"content":{"rendered":"<p style=\"text-align: center\"><strong><span style=\"color: #000000\"><span style=\"font-family: Arial, sans-serif\"><a href=\"http:\/\/blog.cancaonova.com\/imaculadocoracaodemaria\/files\/2014\/06\/papa-joao-paulo-II.jpg\"><img loading=\"lazy\" decoding=\"async\" class=\"aligncenter size-medium wp-image-1349\" alt=\"papa-joao-paulo-II\" src=\"http:\/\/blog.cancaonova.com\/imaculadocoracaodemaria\/files\/2014\/06\/papa-joao-paulo-II-300x192.jpg\" width=\"300\" height=\"192\" \/><\/a><span style=\"color: #ffffff\">1.<\/span><\/span><\/span><\/strong><span style=\"color: #ffffff\"><span style=\"font-family: Arial, sans-serif\">\u00a0\u201cO an\u00fancio de Sime\u00e3o aparece como um segundo an\u00fancio a Maria, pois\u00a0indica-lhe a concreta dimens\u00e3o hist\u00f3rica na qual o Filho cumprir\u00e1 a sua miss\u00e3o, isso \u00e9, na incompreens\u00e3o e na dor\u201d.<\/span><\/span><\/p>\n<p><span style=\"color: #ffffff\"><strong><span style=\"font-family: Arial, sans-serif\">2.<\/span><\/strong><span style=\"font-family: Arial, sans-serif\">\u00a0\u201cO dogma da maternidade divina de Maria foi para o Conc\u00edlio de \u00c9feso e \u00e9 para a Igreja como um selo do dogma da Encarna\u00e7\u00e3o na qual o Verbo assume realmente a unidade da sua pessoa a natureza humana, sem <\/span><span style=\"font-family: Arial, sans-serif\">anul\u00e1-la<\/span><span style=\"font-family: Arial, sans-serif\">\u201d<\/span><\/span><\/p>\n<p><span style=\"color: #ffffff\"><strong><span style=\"font-family: Arial, sans-serif\">3.<\/span><\/strong><span style=\"font-family: Arial, sans-serif\">\u00a0\u201cMaria \u00e9 \u2018cheia de gra\u00e7a\u2019, porque a Encarna\u00e7\u00e3o do Verbo, a uni\u00e3o hipost\u00e1tica do Filho de Deus com a natureza humana, realiza-se e cumpre-se <\/span><span style=\"font-family: Arial, sans-serif\">precisamente<\/span><span style=\"font-family: Arial, sans-serif\"> Nela\u201d<\/span><\/span><\/p>\n<p><span style=\"color: #ffffff\"><strong><span style=\"font-family: Arial, sans-serif\">4.<\/span><\/strong><span style=\"font-family: Arial, sans-serif\">\u00a0\u201cO ir ao encontro das necessidades do homem significa, ao mesmo tempo, a sua introdu\u00e7\u00e3o no raio de <\/span><span style=\"font-family: Arial, sans-serif\">a\u00e7\u00e3o<\/span><span style=\"font-family: Arial, sans-serif\"> da miss\u00e3o messi\u00e2nica e do poder salvador de Cristo.\u00a0 Por conseguinte, sucede uma media\u00e7\u00e3o:\u00a0 Maria \u00a0p\u00f5e-se entre o seu Filho e os homens na realidade das suas priva\u00e7\u00f5es, indig\u00eancias e sofrimentos.\u00a0 P\u00f5e-se \u201cno meio\u201d, ou seja faz-se mediadora, n\u00e3o como uma pessoa desconhecida, sen\u00e3o no seu papel de m\u00e3e, consciente de que como tal pode \u2013 melhor \u201ctem o direito de\u201d \u2013 fazer presente ao Filho, as necessidades dos homens\u201d<\/span><\/span><\/p>\n<p><span style=\"color: #ffffff\"><strong><span style=\"font-family: Arial, sans-serif\">5.<\/span><\/strong><span style=\"font-family: Arial, sans-serif\">\u00a0\u201cA M\u00e3e de Cristo\u00a0apresenta-se diante dos homens como porta-voz da vontade do Filho, indicadora daquelas exig\u00eancias que devem cumprir-se para que possa ser manifestado o poder salvador do <\/span><span style=\"font-family: Arial, sans-serif\">Messias<\/span><span style=\"font-family: Arial, sans-serif\">\u201d.<\/span><\/span><\/p>\n<p><span style=\"color: #ffffff\"><strong><span style=\"font-family: Arial, sans-serif\">6.<\/span><\/strong><span style=\"font-family: Arial, sans-serif\">\u00a0\u201cEm Can\u00e1, gra\u00e7as \u00a0\u00e0 intercess\u00e3o de Maria e \u00e0 obedi\u00eancia dos criados, Jesus come\u00e7a a sua hora\u201d.<\/span><\/span><\/p>\n<p><span style=\"color: #ffffff\"><strong><span style=\"font-family: Arial, sans-serif\">7.<\/span><\/strong><span style=\"font-family: Arial, sans-serif\">\u00a0\u201cEm Can\u00e1, Maria aparece como a que cr\u00ea em Jesus, e a sua f\u00e9 provoca o primeiro \u201csinal\u201d e contribui para o despertar da f\u00e9 nos disc\u00edpulos \u201d<\/span><\/span><\/p>\n<p><span style=\"color: #ffffff\"><strong><span style=\"font-family: Arial, sans-serif\">8.<\/span><\/strong><span style=\"font-family: Arial, sans-serif\">\u00a0\u201cA miss\u00e3o maternal de Maria aos homens de nenhuma maneira escurece nem diminui esta \u00fanica media\u00e7\u00e3o de Cristo, pelo contr\u00e1rio, mostra a sua efic\u00e1cia.\u00a0 Esta fun\u00e7\u00e3o maternal brota, segundo o privil\u00e9gio de Deus, da <\/span><span style=\"font-family: Arial, sans-serif\">sobreabund\u00e2ncia<\/span><span style=\"font-family: Arial, sans-serif\"> dos m\u00e9ritos de Cristo\u2026 Dela depende totalmente e da mesma sai toda a Sua virtude.\u201d<\/span><\/span><\/p>\n<p><span style=\"color: #ffffff\"><strong><span style=\"font-family: Arial, sans-serif\">9.<\/span><\/strong><span style=\"font-family: Arial, sans-serif\">\u00a0\u201cEsta nova maternidade de Maria, gerada pela f\u00e9, \u00e9 fruto do \u2018novo\u2019 amor, que amadurecido Nela definitivamente junto \u00e0 Cruz, \u00a0atrav\u00e9s da sua participa\u00e7\u00e3o no amor redentor do Filho.\u201d<\/span><\/span><\/p>\n<p><span style=\"color: #ffffff\"><strong><span style=\"font-family: Arial, sans-serif\">10.<\/span><\/strong><span style=\"font-family: Arial, sans-serif\">\u00a0\u201cDeste-nos a tua M\u00e3e como sendo nossa, para que nos ensines a meditar e a adorar no cora\u00e7\u00e3o.\u00a0 Ela, recebendo a Palavra e colocando-a em pr\u00e1tica, fez-se a mais perfeita M\u00e3e.\u201d<\/span><\/span><\/p>\n<p><span style=\"font-family: Arial, sans-serif;color: #ffffff\">fonte: (noticiascatolicas.com.br)<\/span><\/p>\n","protected":false},"excerpt":{"rendered":"<p>1.\u00a0\u201cO an\u00fancio de Sime\u00e3o aparece como um segundo an\u00fancio a Maria, pois\u00a0indica-lhe a concreta dimens\u00e3o hist\u00f3rica na qual o Filho cumprir\u00e1 a sua miss\u00e3o, isso \u00e9, na incompreens\u00e3o e na dor\u201d. 2.\u00a0\u201cO dogma da maternidade divina de Maria foi para&#8230;<\/p>\n","protected":false},"author":4549,"featured_media":0,"comment_status":"open","ping_status":"closed","sticky":false,"template":"","format":"standard","meta":{"footnotes":""},"categories":[8635],"tags":[22954,2231],"_links":{"self":[{"href":"https:\/\/blog.cancaonova.com\/imaculadocoracaodemaria\/wp-json\/wp\/v2\/posts\/1348"}],"collection":[{"href":"https:\/\/blog.cancaonova.com\/imaculadocoracaodemaria\/wp-json\/wp\/v2\/posts"}],"about":[{"href":"https:\/\/blog.cancaonova.com\/imaculadocoracaodemaria\/wp-json\/wp\/v2\/types\/post"}],"author":[{"embeddable":true,"href":"https:\/\/blog.cancaonova.com\/imaculadocoracaodemaria\/wp-json\/wp\/v2\/users\/4549"}],"replies":[{"embeddable":true,"href":"https:\/\/blog.cancaonova.com\/imaculadocoracaodemaria\/wp-json\/wp\/v2\/comments?post=1348"}],"version-history":[{"count":2,"href":"https:\/\/blog.cancaonova.com\/imaculadocoracaodemaria\/wp-json\/wp\/v2\/posts\/1348\/revisions"}],"predecessor-version":[{"id":1351,"href":"https:\/\/blog.cancaonova.com\/imaculadocoracaodemaria\/wp-json\/wp\/v2\/posts\/1348\/revisions\/1351"}],"wp:attachment":[{"href":"https:\/\/blog.cancaonova.com\/imaculadocoracaodemaria\/wp-json\/wp\/v2\/media?parent=1348"}],"wp:term":[{"taxonomy":"category","embeddable":true,"href":"https:\/\/blog.cancaonova.com\/imaculadocoracaodemaria\/wp-json\/wp\/v2\/categories?post=1348"},{"taxonomy":"post_tag","embeddable":true,"href":"https:\/\/blog.cancaonova.com\/imaculadocoracaodemaria\/wp-json\/wp\/v2\/tags?post=1348"}],"curies":[{"name":"wp","href":"https:\/\/api.w.org\/{rel}","templated":true}]}}