{"id":1381,"date":"2014-10-24T11:34:12","date_gmt":"2014-10-24T11:34:12","guid":{"rendered":"http:\/\/blog.cancaonova.com\/imaculadocoracaodemaria\/?p=1381"},"modified":"2014-10-24T11:34:12","modified_gmt":"2014-10-24T11:34:12","slug":"ii-e-iii-aparicao-do-anjo-de-portugal","status":"publish","type":"post","link":"https:\/\/blog.cancaonova.com\/imaculadocoracaodemaria\/2014\/10\/24\/ii-e-iii-aparicao-do-anjo-de-portugal\/","title":{"rendered":"II e III Apari\u00e7\u00e3o do Anjo de Portugal"},"content":{"rendered":"<p lang=\"pt-PT\" align=\"justify\"><a href=\"http:\/\/blog.cancaonova.com\/imaculadocoracaodemaria\/files\/2011\/08\/3-aparicao-anjo-e1414150301619.jpg\"><img loading=\"lazy\" decoding=\"async\" class=\"aligncenter size-medium wp-image-333\" src=\"http:\/\/blog.cancaonova.com\/imaculadocoracaodemaria\/files\/2011\/08\/3-aparicao-anjo-300x224.jpg\" alt=\"3 aparicao anjo\" width=\"300\" height=\"224\" \/><\/a>Na segunda Apari\u00e7\u00e3o, o Anjo suscitou nos Pastorinhos o esp\u00edrito de sacrif\u00edcio e, na terceira, trouxe consigo a H\u00f3stia e o C\u00e1lice apresentado assim uma dimens\u00e3o Eucar\u00edstica da sua mensagem, com a ora\u00e7\u00e3o trinit\u00e1ria e com a comunh\u00e3o dos Pastorinhos, e dando assim pela ora\u00e7\u00e3o ensinada a toda a sua mensagem uma finalidade reparadora: \u00abSant\u00edssima Trindade, Pai, Filho, Esp\u00edrito Santo, adoro-vos profundamente e ofere\u00e7o-Vos o precios\u00edssimo Corpo, Sangue, Alma e Divindade de Nosso Senhor Jesus Cristo, presente em todos os Sacr\u00e1rios da terra, em repara\u00e7\u00e3o dos ultrajes, sacril\u00e9gios e indiferen\u00e7as com que Ele mesmo \u00e9 ofendido. E pelos m\u00e9ritos infinitos do Seu Sant\u00edssimo Cora\u00e7\u00e3o e do Cora\u00e7\u00e3o Imaculado de Maria, pe\u00e7o-Vos a convers\u00e3o dos pobres pecadores.\u00bb<\/p>\n","protected":false},"excerpt":{"rendered":"<p>Na segunda Apari\u00e7\u00e3o, o Anjo suscitou nos Pastorinhos o esp\u00edrito de sacrif\u00edcio e, na terceira, trouxe consigo a H\u00f3stia e o C\u00e1lice apresentado assim uma dimens\u00e3o Eucar\u00edstica da sua mensagem, com a ora\u00e7\u00e3o trinit\u00e1ria e com a comunh\u00e3o dos Pastorinhos,&#8230;<\/p>\n","protected":false},"author":4549,"featured_media":0,"comment_status":"open","ping_status":"open","sticky":false,"template":"","format":"standard","meta":{"footnotes":""},"categories":[82225],"tags":[20890,18814,28564],"_links":{"self":[{"href":"https:\/\/blog.cancaonova.com\/imaculadocoracaodemaria\/wp-json\/wp\/v2\/posts\/1381"}],"collection":[{"href":"https:\/\/blog.cancaonova.com\/imaculadocoracaodemaria\/wp-json\/wp\/v2\/posts"}],"about":[{"href":"https:\/\/blog.cancaonova.com\/imaculadocoracaodemaria\/wp-json\/wp\/v2\/types\/post"}],"author":[{"embeddable":true,"href":"https:\/\/blog.cancaonova.com\/imaculadocoracaodemaria\/wp-json\/wp\/v2\/users\/4549"}],"replies":[{"embeddable":true,"href":"https:\/\/blog.cancaonova.com\/imaculadocoracaodemaria\/wp-json\/wp\/v2\/comments?post=1381"}],"version-history":[{"count":1,"href":"https:\/\/blog.cancaonova.com\/imaculadocoracaodemaria\/wp-json\/wp\/v2\/posts\/1381\/revisions"}],"predecessor-version":[{"id":1382,"href":"https:\/\/blog.cancaonova.com\/imaculadocoracaodemaria\/wp-json\/wp\/v2\/posts\/1381\/revisions\/1382"}],"wp:attachment":[{"href":"https:\/\/blog.cancaonova.com\/imaculadocoracaodemaria\/wp-json\/wp\/v2\/media?parent=1381"}],"wp:term":[{"taxonomy":"category","embeddable":true,"href":"https:\/\/blog.cancaonova.com\/imaculadocoracaodemaria\/wp-json\/wp\/v2\/categories?post=1381"},{"taxonomy":"post_tag","embeddable":true,"href":"https:\/\/blog.cancaonova.com\/imaculadocoracaodemaria\/wp-json\/wp\/v2\/tags?post=1381"}],"curies":[{"name":"wp","href":"https:\/\/api.w.org\/{rel}","templated":true}]}}