{"id":1454,"date":"2015-05-19T12:52:27","date_gmt":"2015-05-19T12:52:27","guid":{"rendered":"http:\/\/blog.cancaonova.com\/imaculadocoracaodemaria\/?p=1454"},"modified":"2015-05-19T12:52:27","modified_gmt":"2015-05-19T12:52:27","slug":"memorias-da-irma-lucia-as-aparicoes-em-fatima","status":"publish","type":"post","link":"https:\/\/blog.cancaonova.com\/imaculadocoracaodemaria\/2015\/05\/19\/memorias-da-irma-lucia-as-aparicoes-em-fatima\/","title":{"rendered":"\"Mem\u00f3rias da Irm\u00e3 L\u00facia\" - As Apari\u00e7\u00f5es em F\u00e1tima"},"content":{"rendered":"<p><a href=\"http:\/\/blog.cancaonova.com\/imaculadocoracaodemaria\/files\/2014\/03\/FATIMA.jpg\"><img loading=\"lazy\" decoding=\"async\" class=\"alignleft size-full wp-image-1304\" src=\"http:\/\/blog.cancaonova.com\/imaculadocoracaodemaria\/files\/2014\/03\/FATIMA.jpg\" alt=\"FATIMA\" width=\"230\" height=\"220\" \/><\/a>Treze de Maio<\/p>\n<p align=\"justify\">Dia 13 de Maio (de) 1917 \u2013 Andando a brincar com a Jacinta e o Francisco, no cimo da encosta da Cova da Iria, a fazer uma paredita em volta duma moita, vimos, de repente, como que um rel\u00e2mpago.<\/p>\n<p align=\"justify\">\u2013 \u00c9 melhor irmos embora para casa, \u2013 disse a meus primos \u2013 que est\u00e3o a fazer rel\u00e2mpagos; pode vir trovoada.<\/p>\n<p align=\"justify\">\u2013 Pois sim.<\/p>\n<p align=\"justify\">E come\u00e7amos a descer a encosta, tocando as ovelhas em direc\u00e7\u00e3o \u00e0 estrada. Ao chegar, mais ou menos a meio da encosta, quase junto duma azinheira grande que a\u00ed havia, vimos outro rel\u00e2mpago e, dados alguns passos mais adiante, vimos, sobre uma carrasqueira, uma Senhora, vestida toda de branco, mais brilhante que o Sol, espargindo luz, mais clara e intensa que um copo de cristal, cheio d\u2019\u00e1gua cristalina, atravessado pelos raios do sol mais ardente. Par\u00e1mos surpreendidos pela apari\u00e7\u00e3o. Est\u00e1vamos t\u00e3o perto, que fic\u00e1vamos dentro da luz que A cercava ou que Ela espargia, talvez a metro e meio de dist\u00e2ncia, mais ou menos.<\/p>\n<p align=\"justify\">Ent\u00e3o Nossa Senhora disse-nos:<\/p>\n<p align=\"justify\">\u2013 N\u00e3o tenhais medo. Eu n\u00e3o vos fa\u00e7o mal.<\/p>\n<p align=\"justify\">\u2013 De onde \u00e9 Vossemec\u00ea? \u2013 lhe perguntei.<\/p>\n<p align=\"justify\">\u2013 Sou do C\u00e9u.<\/p>\n<p align=\"justify\">\u2013 E que \u00e9 que Vossemec\u00ea me quer?<\/p>\n<p align=\"justify\">\u2013 Vim para vos pedir que venhais aqui seis meses seguidos, no dia 13 a esta mesma hora. Depois vos direi quem sou e o que quero. Depois voltarei ainda aqui uma s\u00e9tima vez.<\/p>\n<p align=\"justify\">\u2013 E eu tamb\u00e9m vou para o C\u00e9u?<\/p>\n<p align=\"justify\">\u2013 Sim, vais.<\/p>\n<p align=\"justify\">\u2013 E a Jacinta?<\/p>\n<p align=\"justify\">\u2013 Tamb\u00e9m.<\/p>\n<p align=\"justify\">\u2013 E o Francisco?<\/p>\n<p align=\"justify\">\u2013 Tamb\u00e9m, mas tem que rezar muitos ter\u00e7os.<\/p>\n<p align=\"justify\">Lembrei-me ent\u00e3o de perguntar por duas raparigas que tinham morrido h\u00e1 pouco. Eram minhas amigas e estavam em minha casa a aprender a tecedeiras com minha irm\u00e3 mais velha.<\/p>\n<p align=\"justify\">\u2013 A Maria das Neves j\u00e1 est\u00e1 no C\u00e9u?<\/p>\n<p align=\"justify\">\u2013 Sim, est\u00e1.<\/p>\n<p align=\"justify\">Parece-me que devia ter uns 16 anos.<\/p>\n<p align=\"justify\">\u2013 E a Am\u00e9lia?<\/p>\n<p align=\"justify\">\u2013 Estar\u00e1 no purgat\u00f3rio at\u00e9 ao fim do mundo.<\/p>\n<p align=\"justify\">Parece-me que devia ter de 18 a 20 anos.<\/p>\n<p align=\"justify\">\u2013 Quereis oferecer-vos a Deus para suportar todos os sofrimentos que Ele quiser enviar-vos, em acto de repara\u00e7\u00e3o pelos pecados com que Ele \u00e9 ofendido e de s\u00faplica pela convers\u00e3o dos pecadores?<\/p>\n<p align=\"justify\">\u2013 Sim, queremos.<\/p>\n<p align=\"justify\">\u2013 Ides, pois, ter muito que sofrer, mas a gra\u00e7a de Deus ser\u00e1 o vosso conforto.<\/p>\n<p align=\"justify\">Foi ao pronunciar estas \u00faltimas palavras (a gra\u00e7a de Deus, etc.) que abriu pela primeira vez as m\u00e3os, comunicando-nos uma luz t\u00e3o intensa, como que reflexo que delas expedia, que penetrando-nos no peito e no mais \u00edntimo da alma, fazendo-nos ver a n\u00f3s mesmos em Deus, que era essa luz, mais claramente que nos vemos no melhor dos espelhos. Ent\u00e3o, por um impulso \u00edntimo tamb\u00e9m comunicado, ca\u00edmos de joelhos e repet\u00edamos intimamente:<\/p>\n<p align=\"justify\">\u2013 \u00d3 Sant\u00edssima Trindade, eu Vos adoro. Meu Deus, meu Deus, eu Vos amo no Sant\u00edssimo Sacramento.<\/p>\n<p align=\"justify\">Passados os primeiros momentos, Nossa Senhora acrescentou:<\/p>\n<p align=\"justify\">\u2013 Rezem o ter\u00e7o todos os dias, para alcan\u00e7arem a paz para o mundo e o fim da guerra.<\/p>\n<p align=\"justify\">Em seguida, come\u00e7ou-Se a elevar serenamente, subindo em direc\u00e7\u00e3o ao nascente, at\u00e9 desaparecer na imensidade da dist\u00e2ncia. A luz que A circundava ia como que abrindo um caminho no cerrado dos astros, motivo por que alguma vez dissemos que vimos abrir-se o C\u00e9u.<\/p>\n<p align=\"justify\">Parece-me que j\u00e1 expus, no escrito sobre a Jacinta ou numa carta, que o medo que sentimos n\u00e3o foi propriamente de Nossa Senhora, mas sim da trovoada que sup\u00fanhamos l\u00e1 vir; e dela, da trovoada, \u00e9 que quer\u00edamos fugir. As apari\u00e7\u00f5es de Nossa Senhora n\u00e3o infundem medo ou temor, mas sim surpresa. Quando me perguntavam se tinha sentido e dizia que sim, referia-me ao medo que tinha tido dos rel\u00e2mpagos e da trovoada que supunha vir pr\u00f3xima; e disto foi do que quisemos fugir, pois est\u00e1vamos habituados a ver rel\u00e2mpagos s\u00f3 quando trovejava.<\/p>\n<p align=\"justify\">Os rel\u00e2mpagos tamb\u00e9m n\u00e3o eram propriamente rel\u00e2mpagos, mas sim o reflexo duma luz que se aproximava. Por vermos esta luz, \u00e9 que diz\u00edamos, \u00e0s vezes, que v\u00edamos vir Nossa Senhora; mas, propriamente, Nossa Senhora s\u00f3 A distinguiamos nessa luz, quando j\u00e1 estava sobre a azinheira. O n\u00e3o sabermos explicar e querer evitar perguntas foi que deu lugar a que umas vezes diss\u00e9ssemos que A v\u00edamos vir, outras que n\u00e3o. Quando diz\u00edamos que sim, que A v\u00edamos vir, referiamo-nos a que v\u00edamos aproximar essa luz que, afinal, era Ela. E quando diz\u00edamos que A n\u00e3o v\u00edamos vir, refer\u00edamos a que, propriamente Nossa Senhora, s\u00f3 A v\u00edamos quando j\u00e1 estava sobre a azinheira.<\/p>\n<p align=\"justify\">(fonte: fatima.pt)<\/p>\n<p>&nbsp;<\/p>\n","protected":false},"excerpt":{"rendered":"<p>Treze de Maio Dia 13 de Maio (de) 1917 \u2013 Andando a brincar com a Jacinta e o Francisco, no cimo da encosta da Cova da Iria, a fazer uma paredita em volta duma moita, vimos, de repente, como que&#8230;<\/p>\n","protected":false},"author":4549,"featured_media":0,"comment_status":"open","ping_status":"open","sticky":false,"template":"","format":"standard","meta":{"footnotes":""},"categories":[82164],"tags":[67764,18814,16466],"_links":{"self":[{"href":"https:\/\/blog.cancaonova.com\/imaculadocoracaodemaria\/wp-json\/wp\/v2\/posts\/1454"}],"collection":[{"href":"https:\/\/blog.cancaonova.com\/imaculadocoracaodemaria\/wp-json\/wp\/v2\/posts"}],"about":[{"href":"https:\/\/blog.cancaonova.com\/imaculadocoracaodemaria\/wp-json\/wp\/v2\/types\/post"}],"author":[{"embeddable":true,"href":"https:\/\/blog.cancaonova.com\/imaculadocoracaodemaria\/wp-json\/wp\/v2\/users\/4549"}],"replies":[{"embeddable":true,"href":"https:\/\/blog.cancaonova.com\/imaculadocoracaodemaria\/wp-json\/wp\/v2\/comments?post=1454"}],"version-history":[{"count":1,"href":"https:\/\/blog.cancaonova.com\/imaculadocoracaodemaria\/wp-json\/wp\/v2\/posts\/1454\/revisions"}],"predecessor-version":[{"id":1455,"href":"https:\/\/blog.cancaonova.com\/imaculadocoracaodemaria\/wp-json\/wp\/v2\/posts\/1454\/revisions\/1455"}],"wp:attachment":[{"href":"https:\/\/blog.cancaonova.com\/imaculadocoracaodemaria\/wp-json\/wp\/v2\/media?parent=1454"}],"wp:term":[{"taxonomy":"category","embeddable":true,"href":"https:\/\/blog.cancaonova.com\/imaculadocoracaodemaria\/wp-json\/wp\/v2\/categories?post=1454"},{"taxonomy":"post_tag","embeddable":true,"href":"https:\/\/blog.cancaonova.com\/imaculadocoracaodemaria\/wp-json\/wp\/v2\/tags?post=1454"}],"curies":[{"name":"wp","href":"https:\/\/api.w.org\/{rel}","templated":true}]}}