{"id":1457,"date":"2015-05-29T20:08:02","date_gmt":"2015-05-29T20:08:02","guid":{"rendered":"http:\/\/blog.cancaonova.com\/imaculadocoracaodemaria\/?p=1457"},"modified":"2015-05-29T20:08:02","modified_gmt":"2015-05-29T20:08:02","slug":"a-celebracao-do-centenario-das-aparicoes-de-fatima","status":"publish","type":"post","link":"https:\/\/blog.cancaonova.com\/imaculadocoracaodemaria\/2015\/05\/29\/a-celebracao-do-centenario-das-aparicoes-de-fatima\/","title":{"rendered":"A CELEBRA\u00c7\u00c3O DO CENTEN\u00c1RIO DAS APARI\u00c7\u00d5ES DE F\u00c1TIMA"},"content":{"rendered":"<p><a href=\"http:\/\/blog.cancaonova.com\/imaculadocoracaodemaria\/files\/2015\/05\/Fatima-Portugal-O-que-fazer-2.jpg\"><img loading=\"lazy\" decoding=\"async\" class=\"alignleft size-medium wp-image-1459\" src=\"http:\/\/blog.cancaonova.com\/imaculadocoracaodemaria\/files\/2015\/05\/Fatima-Portugal-O-que-fazer-2-300x169.jpg\" alt=\"Fatima-Portugal-O-que-fazer-2\" width=\"300\" height=\"169\" srcset=\"https:\/\/blog.cancaonova.com\/imaculadocoracaodemaria\/files\/2015\/05\/Fatima-Portugal-O-que-fazer-2-300x169.jpg 300w, https:\/\/blog.cancaonova.com\/imaculadocoracaodemaria\/files\/2015\/05\/Fatima-Portugal-O-que-fazer-2.jpg 650w\" sizes=\"(max-width: 300px) 100vw, 300px\" \/><\/a>As apari\u00e7\u00f5es de F\u00e1tima s\u00e3o um acontecimento marcante na Igreja Cat\u00f3lica, n\u00e3o apenas pela import\u00e2ncia que assumiram para in\u00fameras pessoas e pela sua extensa divulga\u00e7\u00e3o no mundo, mas tamb\u00e9m pela sua \u00edntima liga\u00e7\u00e3o \u00e0 mensagem evang\u00e9lica, pela profundidade com que marcam a viv\u00eancia da f\u00e9 de muitos dos cat\u00f3licos e pelo alcance prof\u00e9tico dos seus apelos. A Igreja confi rmou que elas apresentam uma proposta cred\u00edvel e v\u00e1lida de concretiza\u00e7\u00e3o da vida crist\u00e3. Com efeito, a Mensagem de F\u00e1tima \u00e9 eloquente para os crentes de todos os tempos, n\u00e3o fi cou presa de uma \u00e9poca passada, mas projecta um dinamismo para o nosso presente e abre horizontes de f\u00e9 para o futuro da hist\u00f3ria humana. Uma vez que os acontecimentos de F\u00e1tima s\u00e3o um apelo \u00e0 humanidade do nosso tempo, tamb\u00e9m a comemora\u00e7\u00e3o do primeiro centen\u00e1rio procura ser mais um instrumento deste apelo actual. N\u00e3o se trata, portanto, de assinalar simplesmente uma efem\u00e9ride hist\u00f3- rica, cujas repercuss\u00f5es se reduzem a um momento do passado. A peregrina\u00e7\u00e3o do Papa Bento XVI \u00e0 Cova da Iria, em Maio de 2010, na sequ\u00eancia das dos seus predecessores, mostra-nos, de algum modo, que, na Mensagem de F\u00e1tima, h\u00e1 um conjunto de elementos que a podem tornar ve\u00edculo de evangeliza\u00e7\u00e3o, caminho para a convers\u00e3o e para o encontro com Jesus Cristo. Neste sentido, tamb\u00e9m esta comemora\u00e7\u00e3o dever\u00e1 ser um contributo qualifi cado para aprofundar e actualizar esta Mensagem, poder\u00e1 constituir um impulso na renova\u00e7\u00e3o e fortalecimento da f\u00e9, apresentar-se-\u00e1 como um aux\u00edlio para o crescimento espiritual do povo de Deus.<\/p>\n<p>(Fonte: Secretariado dos Pastorinhos)<\/p>\n","protected":false},"excerpt":{"rendered":"<p>As apari\u00e7\u00f5es de F\u00e1tima s\u00e3o um acontecimento marcante na Igreja Cat\u00f3lica, n\u00e3o apenas pela import\u00e2ncia que assumiram para in\u00fameras pessoas e pela sua extensa divulga\u00e7\u00e3o no mundo, mas tamb\u00e9m pela sua \u00edntima liga\u00e7\u00e3o \u00e0 mensagem evang\u00e9lica, pela profundidade com que&#8230;<\/p>\n","protected":false},"author":4549,"featured_media":0,"comment_status":"open","ping_status":"open","sticky":false,"template":"","format":"standard","meta":{"footnotes":""},"categories":[82164],"tags":[18814,25507,16466],"_links":{"self":[{"href":"https:\/\/blog.cancaonova.com\/imaculadocoracaodemaria\/wp-json\/wp\/v2\/posts\/1457"}],"collection":[{"href":"https:\/\/blog.cancaonova.com\/imaculadocoracaodemaria\/wp-json\/wp\/v2\/posts"}],"about":[{"href":"https:\/\/blog.cancaonova.com\/imaculadocoracaodemaria\/wp-json\/wp\/v2\/types\/post"}],"author":[{"embeddable":true,"href":"https:\/\/blog.cancaonova.com\/imaculadocoracaodemaria\/wp-json\/wp\/v2\/users\/4549"}],"replies":[{"embeddable":true,"href":"https:\/\/blog.cancaonova.com\/imaculadocoracaodemaria\/wp-json\/wp\/v2\/comments?post=1457"}],"version-history":[{"count":1,"href":"https:\/\/blog.cancaonova.com\/imaculadocoracaodemaria\/wp-json\/wp\/v2\/posts\/1457\/revisions"}],"predecessor-version":[{"id":1460,"href":"https:\/\/blog.cancaonova.com\/imaculadocoracaodemaria\/wp-json\/wp\/v2\/posts\/1457\/revisions\/1460"}],"wp:attachment":[{"href":"https:\/\/blog.cancaonova.com\/imaculadocoracaodemaria\/wp-json\/wp\/v2\/media?parent=1457"}],"wp:term":[{"taxonomy":"category","embeddable":true,"href":"https:\/\/blog.cancaonova.com\/imaculadocoracaodemaria\/wp-json\/wp\/v2\/categories?post=1457"},{"taxonomy":"post_tag","embeddable":true,"href":"https:\/\/blog.cancaonova.com\/imaculadocoracaodemaria\/wp-json\/wp\/v2\/tags?post=1457"}],"curies":[{"name":"wp","href":"https:\/\/api.w.org\/{rel}","templated":true}]}}