{"id":1636,"date":"2016-07-08T14:46:31","date_gmt":"2016-07-08T14:46:31","guid":{"rendered":"http:\/\/blog.cancaonova.com\/imaculadocoracaodemaria\/?p=1636"},"modified":"2016-07-11T20:50:38","modified_gmt":"2016-07-11T20:50:38","slug":"como-nasceu-o-livro-mistica-de-fatima","status":"publish","type":"post","link":"https:\/\/blog.cancaonova.com\/imaculadocoracaodemaria\/2016\/07\/08\/como-nasceu-o-livro-mistica-de-fatima\/","title":{"rendered":"COMO NASCEU O LIVRO MISTICA DE F\u00c1TIMA?"},"content":{"rendered":"<p class=\"western\" align=\"justify\"><span style=\"color: #1d2129\"><span style=\"font-family: 'Liberation Sans Narrow', sans-serif\"><span style=\"font-size: medium\"> <a href=\"http:\/\/blog.cancaonova.com\/imaculadocoracaodemaria\/files\/2016\/07\/livro.jpg\"><img loading=\"lazy\" decoding=\"async\" class=\"alignleft size-medium wp-image-1637\" src=\"http:\/\/blog.cancaonova.com\/imaculadocoracaodemaria\/files\/2016\/07\/livro-300x300.jpg\" alt=\"livro\" width=\"300\" height=\"300\" srcset=\"https:\/\/blog.cancaonova.com\/imaculadocoracaodemaria\/files\/2016\/07\/livro-300x300.jpg 300w, https:\/\/blog.cancaonova.com\/imaculadocoracaodemaria\/files\/2016\/07\/livro-150x150.jpg 150w, https:\/\/blog.cancaonova.com\/imaculadocoracaodemaria\/files\/2016\/07\/livro-768x768.jpg 768w, https:\/\/blog.cancaonova.com\/imaculadocoracaodemaria\/files\/2016\/07\/livro-1024x1024.jpg 1024w, https:\/\/blog.cancaonova.com\/imaculadocoracaodemaria\/files\/2016\/07\/livro.jpg 1200w\" sizes=\"(max-width: 300px) 100vw, 300px\" \/><\/a>Como mission\u00e1rios da Comunidade Can\u00e7\u00e3o a 17 anos\u2026 sete deles vividos em Portugal. No percurso da caminhada de f\u00e9, nos \u00e9 dado por Deus a gra\u00e7a de atualizar o nosso encantamento para com Ele, e que n\u00e3o nos percamos no caminho, e se isso acontecer, que o retomemos. <\/span><\/span><\/span><\/p>\n<p class=\"western\" align=\"justify\"><span style=\"color: #1d2129\"><span style=\"font-family: 'Liberation Sans Narrow', sans-serif\"><span style=\"font-size: medium\"> A n\u00f3s Deus concedeu a gra\u00e7a de fazer uma experi\u00eancia de convers\u00e3o pessoal atrav\u00e9s da Mensagem de F\u00e1tima. Descobrimo nela um prop\u00f3sito de vida. No ordin\u00e1rio do nosso dia nos s\u00e3o dadas v\u00e1rias oportunidades de perceber como estamos, e diante de cada situa\u00e7\u00e3o que vivemos canaliz\u00e1-las, atrav\u00e9s do oferecimento, na escolha de amar, na constante ora\u00e7\u00e3o \u2026 enfim, ao trabalhar com a Mensagem sem nenhuma pretens\u00e3o ou projeto pessoal Deus nos fez imbuir dela. Cremos que nada acontece debaixo dos c\u00e9us sem a Sua permiss\u00e3o, \u201c \u2026 <\/span><\/span><\/span><span style=\"color: #001320\"><span style=\"font-family: 'Liberation Sans Narrow', sans-serif\"><span style=\"font-size: medium\"><i>as obras de suas m\u00e3os, est\u00e3o sob o controle total de Deus. (<\/i><\/span><\/span><\/span><span style=\"font-family: 'Liberation Sans Narrow', sans-serif\"><span style=\"font-size: medium\"><i><b>Ecle 9,1 ) <\/b><\/i><\/span><\/span><span style=\"font-family: 'Liberation Sans Narrow', sans-serif\"><span style=\"font-size: medium\">Somos seus filhos, obras criadas por suas m\u00e3os.<\/span><\/span><\/p>\n<p class=\"western\" align=\"justify\"><span style=\"font-family: 'Liberation Sans Narrow', sans-serif\"><span style=\"font-size: medium\"> Ao retornar para o Brasil, foram oito anos de sil\u00eancio sem divulg\u00e1-la abertamente, mas vivendo-a. Podemos dizer que o tempo \u00e9 nosso amigo, como todo fruto tem seu tempo para amadurecer, cremos que foi assim conosco, com certeza foram 8 anos de uma vida no escondimento, por\u00e9m de fecundidade e matura\u00e7\u00e3o.<\/span><\/span><\/p>\n<p class=\"western\" align=\"justify\"><span style=\"font-family: 'Liberation Sans Narrow', sans-serif\"><span style=\"font-size: medium\"> Quando a nossa comunidade nos pediu para falar sobre as Apari\u00e7\u00f5es de F\u00e1tima, vimos a manifesta\u00e7\u00e3o de Deus, havia chegado a hora de sair do sil\u00eancio. Foi em vista do Centen\u00e1rio das Apari\u00e7\u00f5es de Nossa Senhora em F\u00e1tima que ser\u00e1 no pr\u00f3ximo ano de 2017, que nasceu o Livro Mistica de F\u00e1tima, experi\u00eancias do Sobrenatural de Deus, para que os amantes da Mensagem de F\u00e1tima pudessem se preparar para celebrar os 100 anos das Apari\u00e7\u00f5es. Ao rezar para colher de Deus o nome do livro, nos veio a forte espiritualidade que contempla F\u00e1tima, os pastorinhos, os primeiros a receberem a Mensagem e a partir de ent\u00e3o suas almas se elevaram cada dia mais na uni\u00e3o com Deus, alcan\u00e7aram a santidade e Jacinta e Francisco hoje desfrutam da gl\u00f3ria de Deus nos c\u00e9us, isso \u00e9 viver a mistica. As apari\u00e7\u00f5es em F\u00e1tima aconteceram numa atmosfera sobrenatural e nos relatos da Ir. L\u00facia ela descreve que esses momentos foram sempre acompanhados de reflexos de luz, ficou claro para eles que essa Luz significava a presen\u00e7a concreta de Deus a os envolver, tanto que ap\u00f3s as apari\u00e7\u00f5es por longo tempo permaneciam inertes e tomados pelo acontecimento. Experiencias sobrenaturais de Deus, \u00e9 porque os pastorinhos fizeram essas experi\u00eancias n\u00f3s tamb\u00e9m, sem precisar de fen\u00f4menos sobrenaturais (vi\u00f5es etc) podemos fazer as nossas pr\u00f3prias experi\u00eancias com Deus no nosso dia a dia. Eis ai o por que do nome Mistica de F\u00e1tima\u2026 .<\/span><\/span><\/p>\n<p class=\"western\" align=\"justify\"><span style=\"font-family: 'Liberation Sans Narrow', sans-serif\"><span style=\"font-size: medium\"> Eu e Gilberto ao adentrar nessa Escola Mariana em F\u00e1tima, tamb\u00e9m nos inclu\u00edmos entre muitas pessoas que de alguma forma as vezes sem perceber se viam envolvidos procurando entender melhor para viver a Mensagem de F\u00e1tima. Umas das descobertas que fizemos foi que a Mensagem <\/span><\/span><span style=\"color: #000000\"><span style=\"font-family: 'Liberation Sans Narrow', sans-serif\"><span style=\"font-size: medium\">n\u00e3o se trata apenas de uma das maiores mensagens prof\u00e9ticas da Igreja, com uma personalidade pr\u00f3pria, mas, a partir do Imaculado Cora\u00e7\u00e3o de Maria, tocamos principalmente em aspectos que falam da unidade e do esp\u00edrito interior que <\/span><\/span><\/span><span style=\"color: #000000\"><span style=\"font-family: 'Liberation Sans Narrow', sans-serif\"><span style=\"font-size: medium\">nos possibilitam estreitar la\u00e7os e adentrar no cora\u00e7\u00e3o maternal de Maria.<\/span><\/span><\/span><\/p>\n<p class=\"western\" align=\"justify\"><span style=\"font-family: 'Liberation Sans Narrow', sans-serif\"><span style=\"font-size: medium\"> A Mensagem de F\u00e1tima, \u00e9 atual e para toda a Igreja, de uma linguagem simples e de grande profundidade e m\u00edstica que nos conduz para tocar o sobrenatural que \u00e9 Deus com objetivo \u00fanico e primordial salvar as almas e reconduzi-las ao c\u00e9u.<\/span><\/span><\/p>\n<p class=\"western\" align=\"justify\"><span style=\"color: #000000\"><span style=\"font-family: 'Liberation Sans Narrow', sans-serif\"><span style=\"font-size: medium\"> Quem de algum modo acredita nessa Mensagem enviada do c\u00e9u por Deus atrav\u00e9s do Anjo e de Nossa Senhora em F\u00e1tima \u00e9 convidado a curtir\u00a0a p\u00e1gina @misticadefatima a\u00a0compartilhar,\u00a0a ser tamb\u00e9m ser um propagador dessa Mensagem. N\u00f3s escrevemos um livro partilhando as nossas experi\u00eancias, e tamb\u00e9m as descobertas feitas atrav\u00e9s do trabalho que desenvolvemos e acompanhamos em F\u00e1tima. Ser\u00e1 que Deus n\u00e3o te convida a assumir essa causa? Te convidamos a colaborar para que o conte\u00fado dessa pagina se espalhe e leve a muitos a Mensagem de F\u00e1tima come\u00e7ando por aqueles que fazem parte da sua rede de interatividade. <\/span><\/span><\/span><\/p>\n<p class=\"western\" align=\"justify\"><span style=\"color: #000000\"><span style=\"font-family: 'Liberation Sans Narrow', sans-serif\"><span style=\"font-size: medium\"> A dias est\u00e1vamos pensando que n\u00e3o estamos centrado em vender um livro, mas sim que o conte\u00fado dele chegue a in\u00fameras pessoas e que Deus a visite atrav\u00e9s de Maria. Por\u00e9m o meio que hoje dispomos com todo o conte\u00fado armazenado \u00e9 o livro. <\/span><\/span><\/span><\/p>\n<p class=\"western\" align=\"justify\"><span style=\"color: #000000\"><span style=\"font-family: 'Liberation Sans Narrow', sans-serif\"><span style=\"font-size: medium\"> O nosso fundador Mons Jonas Abib, sempre teve o sonho de doar os produtos de evangeliza\u00e7\u00e3o, por\u00e9m como dependemos de terceiros para produzi-los infelizmente n\u00e3o conseguimos do\u00e1-los, pois o produzem precisam receber diante do trabalho que realizam. A Can\u00e7\u00e3o Nova n\u00e3o disp\u00f5em de meios para produzir os seus produtos como \u00e9 o nosso desejo. Estendemos esse apelo precisamos que nos ajude a levar essa mensagem ao mundo. <\/span><\/span><\/span><\/p>\n<p class=\"western\" align=\"justify\"><span style=\"font-family: 'Liberation Sans Narrow', sans-serif\"><span style=\"font-size: medium\"> De que MODO voc\u00ea pode nos ajudar a divulgar? Tens sugest\u00f5es, ideias, deixe o seu recado em nossa pagina @misticadefatima , mas a come\u00e7a de voc\u00ea a curtir , convide mais pessoas para CURTIR E COMPARTILHAR. Deus os aben\u00e7oe.<\/span><\/span><\/p>\n<p class=\"western\" align=\"justify\">Se deseja adiquiri-lo acesse\u00a0<a href=\"http:\/\/: http:\/\/goo.gl\/qgtr56\">http:\/\/: http:\/\/goo.gl\/qgtr56<\/a><\/p>\n<p class=\"western\" align=\"justify\">Nilza e Giba<\/p>\n","protected":false},"excerpt":{"rendered":"<p>Como mission\u00e1rios da Comunidade Can\u00e7\u00e3o a 17 anos\u2026 sete deles vividos em Portugal. No percurso da caminhada de f\u00e9, nos \u00e9 dado por Deus a gra\u00e7a de atualizar o nosso encantamento para com Ele, e que n\u00e3o nos percamos no&#8230;<\/p>\n","protected":false},"author":4549,"featured_media":0,"comment_status":"open","ping_status":"open","sticky":false,"template":"","format":"standard","meta":{"footnotes":""},"categories":[101],"tags":[25507,16466,22954,5051],"_links":{"self":[{"href":"https:\/\/blog.cancaonova.com\/imaculadocoracaodemaria\/wp-json\/wp\/v2\/posts\/1636"}],"collection":[{"href":"https:\/\/blog.cancaonova.com\/imaculadocoracaodemaria\/wp-json\/wp\/v2\/posts"}],"about":[{"href":"https:\/\/blog.cancaonova.com\/imaculadocoracaodemaria\/wp-json\/wp\/v2\/types\/post"}],"author":[{"embeddable":true,"href":"https:\/\/blog.cancaonova.com\/imaculadocoracaodemaria\/wp-json\/wp\/v2\/users\/4549"}],"replies":[{"embeddable":true,"href":"https:\/\/blog.cancaonova.com\/imaculadocoracaodemaria\/wp-json\/wp\/v2\/comments?post=1636"}],"version-history":[{"count":2,"href":"https:\/\/blog.cancaonova.com\/imaculadocoracaodemaria\/wp-json\/wp\/v2\/posts\/1636\/revisions"}],"predecessor-version":[{"id":1642,"href":"https:\/\/blog.cancaonova.com\/imaculadocoracaodemaria\/wp-json\/wp\/v2\/posts\/1636\/revisions\/1642"}],"wp:attachment":[{"href":"https:\/\/blog.cancaonova.com\/imaculadocoracaodemaria\/wp-json\/wp\/v2\/media?parent=1636"}],"wp:term":[{"taxonomy":"category","embeddable":true,"href":"https:\/\/blog.cancaonova.com\/imaculadocoracaodemaria\/wp-json\/wp\/v2\/categories?post=1636"},{"taxonomy":"post_tag","embeddable":true,"href":"https:\/\/blog.cancaonova.com\/imaculadocoracaodemaria\/wp-json\/wp\/v2\/tags?post=1636"}],"curies":[{"name":"wp","href":"https:\/\/api.w.org\/{rel}","templated":true}]}}