{"id":1840,"date":"2017-10-14T12:08:57","date_gmt":"2017-10-14T12:08:57","guid":{"rendered":"http:\/\/blog.cancaonova.com\/imaculadocoracaodemaria\/?p=1840"},"modified":"2017-10-14T12:08:57","modified_gmt":"2017-10-14T12:08:57","slug":"o-centenario-das-aparicoes-em-fatima","status":"publish","type":"post","link":"https:\/\/blog.cancaonova.com\/imaculadocoracaodemaria\/2017\/10\/14\/o-centenario-das-aparicoes-em-fatima\/","title":{"rendered":"O Centen\u00e1rio das Apari\u00e7\u00f5es em F\u00e1tima"},"content":{"rendered":"<p><a href=\"http:\/\/blog.cancaonova.com\/imaculadocoracaodemaria\/files\/2017\/10\/centenario-de-fatima.jpg\"><img loading=\"lazy\" decoding=\"async\" class=\"alignleft size-medium wp-image-1841\" src=\"http:\/\/blog.cancaonova.com\/imaculadocoracaodemaria\/files\/2017\/10\/centenario-de-fatima-202x300.jpg\" alt=\"\" width=\"202\" height=\"300\" srcset=\"https:\/\/blog.cancaonova.com\/imaculadocoracaodemaria\/files\/2017\/10\/centenario-de-fatima-202x300.jpg 202w, https:\/\/blog.cancaonova.com\/imaculadocoracaodemaria\/files\/2017\/10\/centenario-de-fatima.jpg 526w\" sizes=\"(max-width: 202px) 100vw, 202px\" \/><\/a><\/p>\n","protected":false},"excerpt":{"rendered":"","protected":false},"author":4549,"featured_media":0,"comment_status":"open","ping_status":"open","sticky":false,"template":"","format":"standard","meta":{"footnotes":""},"categories":[62974],"tags":[18814,25507,16466,451,5051],"_links":{"self":[{"href":"https:\/\/blog.cancaonova.com\/imaculadocoracaodemaria\/wp-json\/wp\/v2\/posts\/1840"}],"collection":[{"href":"https:\/\/blog.cancaonova.com\/imaculadocoracaodemaria\/wp-json\/wp\/v2\/posts"}],"about":[{"href":"https:\/\/blog.cancaonova.com\/imaculadocoracaodemaria\/wp-json\/wp\/v2\/types\/post"}],"author":[{"embeddable":true,"href":"https:\/\/blog.cancaonova.com\/imaculadocoracaodemaria\/wp-json\/wp\/v2\/users\/4549"}],"replies":[{"embeddable":true,"href":"https:\/\/blog.cancaonova.com\/imaculadocoracaodemaria\/wp-json\/wp\/v2\/comments?post=1840"}],"version-history":[{"count":1,"href":"https:\/\/blog.cancaonova.com\/imaculadocoracaodemaria\/wp-json\/wp\/v2\/posts\/1840\/revisions"}],"predecessor-version":[{"id":1842,"href":"https:\/\/blog.cancaonova.com\/imaculadocoracaodemaria\/wp-json\/wp\/v2\/posts\/1840\/revisions\/1842"}],"wp:attachment":[{"href":"https:\/\/blog.cancaonova.com\/imaculadocoracaodemaria\/wp-json\/wp\/v2\/media?parent=1840"}],"wp:term":[{"taxonomy":"category","embeddable":true,"href":"https:\/\/blog.cancaonova.com\/imaculadocoracaodemaria\/wp-json\/wp\/v2\/categories?post=1840"},{"taxonomy":"post_tag","embeddable":true,"href":"https:\/\/blog.cancaonova.com\/imaculadocoracaodemaria\/wp-json\/wp\/v2\/tags?post=1840"}],"curies":[{"name":"wp","href":"https:\/\/api.w.org\/{rel}","templated":true}]}}