{"id":1846,"date":"2017-10-19T12:05:55","date_gmt":"2017-10-19T12:05:55","guid":{"rendered":"http:\/\/blog.cancaonova.com\/imaculadocoracaodemaria\/?p=1846"},"modified":"2018-02-19T13:29:04","modified_gmt":"2018-02-19T13:29:04","slug":"voltar-a-centrar-o-olhar-em-deus-trindade-a-atitude-adorante","status":"publish","type":"post","link":"https:\/\/blog.cancaonova.com\/imaculadocoracaodemaria\/2017\/10\/19\/voltar-a-centrar-o-olhar-em-deus-trindade-a-atitude-adorante\/","title":{"rendered":"Voltar a centrar o olhar em Deus Trindade: a atitude adorante"},"content":{"rendered":"<p align=\"left\"><span style=\"color: #666666\"><span style=\"font-family: Arial, sans-serif\"><span style=\"font-size: small\"><a href=\"http:\/\/blog.cancaonova.com\/imaculadocoracaodemaria\/files\/2013\/05\/Anjo-de-Portugal-034.jpg\"><img loading=\"lazy\" decoding=\"async\" class=\"alignleft size-medium wp-image-1080\" src=\"http:\/\/blog.cancaonova.com\/imaculadocoracaodemaria\/files\/2013\/05\/Anjo-de-Portugal-034-225x300.jpg\" alt=\"\" width=\"225\" height=\"300\" srcset=\"https:\/\/blog.cancaonova.com\/imaculadocoracaodemaria\/files\/2013\/05\/Anjo-de-Portugal-034-225x300.jpg 225w, https:\/\/blog.cancaonova.com\/imaculadocoracaodemaria\/files\/2013\/05\/Anjo-de-Portugal-034-768x1024.jpg 768w, https:\/\/blog.cancaonova.com\/imaculadocoracaodemaria\/files\/2013\/05\/Anjo-de-Portugal-034.jpg 1536w\" sizes=\"(max-width: 225px) 100vw, 225px\" \/><\/a>O acontecimento de F\u00e1tima est\u00e1 desde o in\u00edcio centrado em Deus Trindade. A luz e a beleza que irradiavam da presen\u00e7a do Anjo e da Senhora e inundavam as tr\u00eas crian\u00e7as eram as m\u00e3os estendidas de Deus, que na bondade do seu Amor a todos abra\u00e7a. A presen\u00e7a de Deus, recorda L\u00facia, \u00abera t\u00e3o intensa que nos absorvia e aniquilava quase por completo. Parecia privar-nos at\u00e9 do uso dos sentidos corporais por um grande espa\u00e7o de tempo. [\u2026] A paz e felicidade que sent\u00edamos era grande, mas s\u00f3 \u00edntima, completamente concentrada a alma em Deus\u00bb.<\/span><\/span><\/span><\/p>\n<p align=\"left\"><span style=\"color: #666666\"><span style=\"font-family: Arial, sans-serif\"><span style=\"font-size: small\">Esta experi\u00eancia t\u00e3o \u00edntima de Deus n\u00e3o deve ser entendida como simples perce\u00e7\u00e3o extraordin\u00e1ria do sagrado ou do mist\u00e9rio. Deus n\u00e3o \u00e9 simplesmente o arquiteto do mundo ou a chave para explicar a realidade. Deus \u00e9 Pessoa viva que est\u00e1 pr\u00f3xima das suas criaturas. Os pastorinhos foram protagonistas de um encontro pessoal com Algu\u00e9m que vinha ao seu encontro, desvelando os seus des\u00edgnios de miseric\u00f3rdia: foi assim que compreenderam \u00ab<\/span><\/span><\/span><em><span style=\"color: #666666\"><span style=\"font-family: Arial, sans-serif\"><span style=\"font-size: small\"><i>quem<\/i><\/span><\/span><\/span><\/em><span style=\"color: #666666\"><span style=\"font-family: Arial, sans-serif\"><span style=\"font-size: small\">&nbsp;era Deus, como&nbsp;<\/span><\/span><\/span><em><span style=\"color: #666666\"><span style=\"font-family: Arial, sans-serif\"><span style=\"font-size: small\"><i>[os] amava&nbsp;<\/i><\/span><\/span><\/span><\/em><span style=\"color: #666666\"><span style=\"font-family: Arial, sans-serif\"><span style=\"font-size: small\">e&nbsp;<\/span><\/span><\/span><em><span style=\"color: #666666\"><span style=\"font-family: Arial, sans-serif\"><span style=\"font-size: small\"><i>queria ser amado<\/i><\/span><\/span><\/span><\/em><span style=\"color: #666666\"><span style=\"font-family: Arial, sans-serif\"><span style=\"font-size: small\">\u00bb. Esse Deus que ama e quer ser amado \u00e9 a Trindade, \u00abque [os] penetrava no mais \u00edntimo da alma\u00bb. E por isso \u00e0 Trindade Santa \u00e9 dirigida uma das ora\u00e7\u00f5es mais origin\u00e1rias e genu\u00ednas de F\u00e1tima: \u00abSant\u00edssima Trindade, Pai, Filho, Esp\u00edrito Santo, adoro-Vos profundamente\u2026\u00bb.<\/span><\/span><\/span><\/p>\n<p align=\"left\"><span style=\"color: #666666\"><span style=\"font-family: Arial, sans-serif\"><span style=\"font-size: small\">O encontro com Deus \u00e9 vivido pelas tr\u00eas crian\u00e7as como fonte de profunda felicidade e alegria. A ora\u00e7\u00e3o brota, por isso, de modo espont\u00e2neo na sua intimidade, como uma disposi\u00e7\u00e3o constante que h\u00e1 de manter vivo um di\u00e1logo que transformara definitivamente as suas vidas. E, desde o princ\u00edpio, sentem que a adora\u00e7\u00e3o \u00e9 o modo de estar diante d\u2019Aquele que est\u00e1 acima de todos os \u00eddolos que pretendem seduzir os seres humanos.<\/span><\/span><\/span><\/p>\n<p align=\"left\"><span style=\"color: #666666\"><span style=\"font-family: Arial, sans-serif\"><span style=\"font-size: small\">Fonte: <em>Carta Pastoral da Confer\u00eancia Episcopal Portuguesa&nbsp;no Centen\u00e1rio das Apari\u00e7\u00f5es de Nossa Senhora em F\u00e1tima<\/em><\/span><\/span><\/span><\/p>\n","protected":false},"excerpt":{"rendered":"<p>O acontecimento de F\u00e1tima est\u00e1 desde o in\u00edcio centrado em Deus Trindade. A luz e a beleza que irradiavam da presen\u00e7a do Anjo e da Senhora e inundavam as tr\u00eas crian\u00e7as eram as m\u00e3os estendidas de Deus, que na bondade&#8230;<\/p>\n","protected":false},"author":4549,"featured_media":0,"comment_status":"open","ping_status":"open","sticky":false,"template":"","format":"standard","meta":{"footnotes":""},"categories":[18830],"tags":[18814,25507,15975,16466,17274,16701,18054],"_links":{"self":[{"href":"https:\/\/blog.cancaonova.com\/imaculadocoracaodemaria\/wp-json\/wp\/v2\/posts\/1846"}],"collection":[{"href":"https:\/\/blog.cancaonova.com\/imaculadocoracaodemaria\/wp-json\/wp\/v2\/posts"}],"about":[{"href":"https:\/\/blog.cancaonova.com\/imaculadocoracaodemaria\/wp-json\/wp\/v2\/types\/post"}],"author":[{"embeddable":true,"href":"https:\/\/blog.cancaonova.com\/imaculadocoracaodemaria\/wp-json\/wp\/v2\/users\/4549"}],"replies":[{"embeddable":true,"href":"https:\/\/blog.cancaonova.com\/imaculadocoracaodemaria\/wp-json\/wp\/v2\/comments?post=1846"}],"version-history":[{"count":4,"href":"https:\/\/blog.cancaonova.com\/imaculadocoracaodemaria\/wp-json\/wp\/v2\/posts\/1846\/revisions"}],"predecessor-version":[{"id":1975,"href":"https:\/\/blog.cancaonova.com\/imaculadocoracaodemaria\/wp-json\/wp\/v2\/posts\/1846\/revisions\/1975"}],"wp:attachment":[{"href":"https:\/\/blog.cancaonova.com\/imaculadocoracaodemaria\/wp-json\/wp\/v2\/media?parent=1846"}],"wp:term":[{"taxonomy":"category","embeddable":true,"href":"https:\/\/blog.cancaonova.com\/imaculadocoracaodemaria\/wp-json\/wp\/v2\/categories?post=1846"},{"taxonomy":"post_tag","embeddable":true,"href":"https:\/\/blog.cancaonova.com\/imaculadocoracaodemaria\/wp-json\/wp\/v2\/tags?post=1846"}],"curies":[{"name":"wp","href":"https:\/\/api.w.org\/{rel}","templated":true}]}}