{"id":1863,"date":"2017-11-03T12:27:20","date_gmt":"2017-11-03T12:27:20","guid":{"rendered":"http:\/\/blog.cancaonova.com\/imaculadocoracaodemaria\/?p=1863"},"modified":"2017-11-03T12:27:20","modified_gmt":"2017-11-03T12:27:20","slug":"os-segredos-de-fatima","status":"publish","type":"post","link":"https:\/\/blog.cancaonova.com\/imaculadocoracaodemaria\/2017\/11\/03\/os-segredos-de-fatima\/","title":{"rendered":"Os segredos de F\u00e1tima"},"content":{"rendered":"<p><span style=\"font-family: 'Liberation Sans Narrow', sans-serif\"><span style=\"font-size: medium\"><span style=\"color: #000000\"><a href=\"http:\/\/blog.cancaonova.com\/imaculadocoracaodemaria\/files\/2017\/11\/Sem-t\u00edtulo.png\"><img loading=\"lazy\" decoding=\"async\" class=\"alignleft size-medium wp-image-1864\" src=\"http:\/\/blog.cancaonova.com\/imaculadocoracaodemaria\/files\/2017\/11\/Sem-t\u00edtulo-267x300.png\" alt=\"\" width=\"267\" height=\"300\" srcset=\"https:\/\/blog.cancaonova.com\/imaculadocoracaodemaria\/files\/2017\/11\/Sem-t\u00edtulo-267x300.png 267w, https:\/\/blog.cancaonova.com\/imaculadocoracaodemaria\/files\/2017\/11\/Sem-t\u00edtulo.png 419w\" sizes=\"(max-width: 267px) 100vw, 267px\" \/><\/a>Embora se fale muito no terceiro segredo de F\u00e1tima, a verdade \u00e9 que houve apenas um segredo, dividido em tr\u00eas partes. Conhe\u00e7a aqui o texto e as interpreta\u00e7\u00f5es que lhe t\u00eam sido dadas. <\/span><\/span><\/span><\/p>\n<p><span style=\"color: #000000\"><span style=\"font-family: 'Liberation Sans Narrow', sans-serif\"><span style=\"font-size: medium\">No dia 13 de Julho de 1917 os tr\u00eas pastorinhos de F\u00e1tima, L\u00facia, Francisco e Jacinta viram Nossa Senhora pela terceira vez em F\u00e1tima. Nessa altura ela revelou-lhes o que viria a ser conhecido como o segredo de F\u00e1tima.<\/span><\/span><\/span><\/p>\n<p><span style=\"color: #000000\"><span style=\"font-family: 'Liberation Sans Narrow', sans-serif\"><span style=\"font-size: medium\">O segredo \u00e9 composto por tr\u00eas partes distintas, o que levou \u00e0 ideia generalizada de que se tratava de tr\u00eas segredos, sobretudo porque a terceira parte ficou muitos anos por revelar e tornou-se conhecido precisamente como o terceiro segredo de F\u00e1tima.<\/span><\/span><\/span><\/p>\n<p><span style=\"color: #000000\"><span style=\"font-family: Arial, sans-serif\"><span style=\"font-size: small\"><strong><span style=\"font-family: 'Liberation Sans Narrow', sans-serif\"><span style=\"font-size: medium\"><b>1.\u00aa PARTE: A VIS\u00c3O DO INFERNO<\/b><\/span><\/span><\/strong><\/span><\/span><\/span><\/p>\n<p><span style=\"color: #000000\"><span style=\"font-family: 'Liberation Sans Narrow', sans-serif\"><span style=\"font-size: medium\">As tr\u00eas crian\u00e7as viram \u201cum grande mar de fogo que parecia estar debaixo da terra. Mergulhados neste fogo os dem\u00f4nios e as almas, como se fossem brasas transparentes e negras ou bronzeadas com forma humana, que flutuavam no inc\u00eandio levadas pelas chamas que delas mesmas sa\u00edam, juntamente com nuvens de fumo, caindo para todos os lados, semelhante ao cair das fa\u00falhas em os grandes inc\u00eandios, sem peso nem equil\u00edbrio, entre gritos e gemidos de dor e desespero que horrorizava e fazia estremecer de pavor. Os dem\u00f4nios distinguiam-se por formas horr\u00edveis e asquerosas de animais espantosos e desconhecidos, mas transparentes e negros.\u201d<\/span><\/span><\/span><\/p>\n<p><span style=\"color: #000000\"><span style=\"font-family: 'Liberation Sans Narrow', sans-serif\"><span style=\"font-size: medium\">Importa dizer que a Igreja reconhece a exist\u00eancia de vis\u00f5es sobrenaturais, mas diz que estas devem sempre ser interpretadas pelo contexto social e pessoal dos videntes. Assim, o Catecismo da Igreja Cat\u00f3lica reconhece a exist\u00eancia real do inferno: \u201cMorrer em pecado mortal sem arrependimento e sem dar acolhimento ao amor misericordioso de Deus, significa permanecer separado d&#8217;Ele para sempre, por nossa pr\u00f3pria livre escolha. E \u00e9 este estado de auto-exclus\u00e3o definitiva da comunh\u00e3o com Deus e com os bem-aventurados que se designa pela palavra \u2018Inferno\u2019\u201d, mas a vis\u00e3o que os pastorinhos tiveram n\u00e3o significa que no inferno existam literalmente chamas, pois essa poder\u00e1 ter sido apenas a forma como elas, enquanto crian\u00e7as, compreendiam o conceito. Assim, a Igreja sempre reconheceu nessa vis\u00e3o mais do que uma imagem literal, um s\u00e9rio aviso para a convers\u00e3o e o arrependimento.<b> <\/b><\/span><\/span><\/span><\/p>\n<p>(Fonte: radio renascen\u00e7a)<\/p>\n","protected":false},"excerpt":{"rendered":"<p>Embora se fale muito no terceiro segredo de F\u00e1tima, a verdade \u00e9 que houve apenas um segredo, dividido em tr\u00eas partes. Conhe\u00e7a aqui o texto e as interpreta\u00e7\u00f5es que lhe t\u00eam sido dadas. No dia 13 de Julho de 1917&#8230;<\/p>\n","protected":false},"author":4549,"featured_media":0,"comment_status":"open","ping_status":"open","sticky":false,"template":"","format":"standard","meta":{"footnotes":""},"categories":[82164],"tags":[16466,17251,451,23498,25298,19295],"_links":{"self":[{"href":"https:\/\/blog.cancaonova.com\/imaculadocoracaodemaria\/wp-json\/wp\/v2\/posts\/1863"}],"collection":[{"href":"https:\/\/blog.cancaonova.com\/imaculadocoracaodemaria\/wp-json\/wp\/v2\/posts"}],"about":[{"href":"https:\/\/blog.cancaonova.com\/imaculadocoracaodemaria\/wp-json\/wp\/v2\/types\/post"}],"author":[{"embeddable":true,"href":"https:\/\/blog.cancaonova.com\/imaculadocoracaodemaria\/wp-json\/wp\/v2\/users\/4549"}],"replies":[{"embeddable":true,"href":"https:\/\/blog.cancaonova.com\/imaculadocoracaodemaria\/wp-json\/wp\/v2\/comments?post=1863"}],"version-history":[{"count":1,"href":"https:\/\/blog.cancaonova.com\/imaculadocoracaodemaria\/wp-json\/wp\/v2\/posts\/1863\/revisions"}],"predecessor-version":[{"id":1865,"href":"https:\/\/blog.cancaonova.com\/imaculadocoracaodemaria\/wp-json\/wp\/v2\/posts\/1863\/revisions\/1865"}],"wp:attachment":[{"href":"https:\/\/blog.cancaonova.com\/imaculadocoracaodemaria\/wp-json\/wp\/v2\/media?parent=1863"}],"wp:term":[{"taxonomy":"category","embeddable":true,"href":"https:\/\/blog.cancaonova.com\/imaculadocoracaodemaria\/wp-json\/wp\/v2\/categories?post=1863"},{"taxonomy":"post_tag","embeddable":true,"href":"https:\/\/blog.cancaonova.com\/imaculadocoracaodemaria\/wp-json\/wp\/v2\/tags?post=1863"}],"curies":[{"name":"wp","href":"https:\/\/api.w.org\/{rel}","templated":true}]}}