{"id":1965,"date":"2018-02-15T09:00:37","date_gmt":"2018-02-15T09:00:37","guid":{"rendered":"http:\/\/blog.cancaonova.com\/imaculadocoracaodemaria\/?p=1965"},"modified":"2018-02-07T11:38:44","modified_gmt":"2018-02-07T11:38:44","slug":"a-mensagem-de-fatima-e-a-conversao","status":"publish","type":"post","link":"https:\/\/blog.cancaonova.com\/imaculadocoracaodemaria\/2018\/02\/15\/a-mensagem-de-fatima-e-a-conversao\/","title":{"rendered":"A Mensagem de F\u00e1tima e a Convers\u00e3o"},"content":{"rendered":"<p align=\"justify\"><span style=\"color: #000000\"><span style=\"font-family: 'Liberation Sans Narrow', sans-serif\"><span style=\"font-size: medium\"><a href=\"http:\/\/blog.cancaonova.com\/imaculadocoracaodemaria\/files\/2015\/04\/602949_590931404285754_350368730_n.jpg\"><img loading=\"lazy\" decoding=\"async\" class=\"alignleft size-medium wp-image-1434\" src=\"http:\/\/blog.cancaonova.com\/imaculadocoracaodemaria\/files\/2015\/04\/602949_590931404285754_350368730_n-300x300.jpg\" alt=\"\" width=\"300\" height=\"300\" srcset=\"https:\/\/blog.cancaonova.com\/imaculadocoracaodemaria\/files\/2015\/04\/602949_590931404285754_350368730_n-300x300.jpg 300w, https:\/\/blog.cancaonova.com\/imaculadocoracaodemaria\/files\/2015\/04\/602949_590931404285754_350368730_n-150x150.jpg 150w, https:\/\/blog.cancaonova.com\/imaculadocoracaodemaria\/files\/2015\/04\/602949_590931404285754_350368730_n.jpg 612w\" sizes=\"(max-width: 300px) 100vw, 300px\" \/><\/a>O drama da hist\u00f3ria humana tocada pelo pecado \u00e9 apresentado com uma lucidez viva na mensagem de F\u00e1tima. O drama do pecado \u00e9 ali profeticamente denunciado, traduzido nas vis\u00f5es do inferno e da cidade em ru\u00ednas e nas in\u00fameras refer\u00eancias aos pecadores, sobre quem recai a aten\u00e7\u00e3o da miseric\u00f3rdia de Deus. O pecado transparece como g\u00e9nese da trag\u00e9dia humana, face \u00e0 qual surge a urg\u00eancia da convers\u00e3o. Do fundo do desamor, a convers\u00e3o \u00e9 ades\u00e3o ao amor de Deus. O apelo \u00e0 convers\u00e3o \u00e9 nuclear na mensagem de F\u00e1tima e evoca o drama da reden\u00e7\u00e3o.<\/span><\/span><\/span><\/p>\n<p align=\"justify\"><span style=\"color: #000000\"><span style=\"font-family: 'Liberation Sans Narrow', sans-serif\"><span style=\"font-size: medium\">Face \u00e0 vis\u00e3o do inferno, a pequena Jacinta pergunta: \u00abque pecados s\u00e3o os que essa gente faz para ir para o Inferno?\u00bb E a prima L\u00facia, na inoc\u00eancia da sua inf\u00e2ncia, tenta uma resposta: \u00abN\u00e3o sei. Talvez o pecado de n\u00e3o ir \u00e0 missa ao Domingo, de roubar, de dizer palavras feias, rogar pragas, jurar.\u00bb A dimens\u00e3o pessoal da convers\u00e3o \u00e9 central na mensagem de F\u00e1tima. E, no entanto, o apelo \u00e0 convers\u00e3o feito em F\u00e1tima n\u00e3o se esgota na sua dimens\u00e3o pessoal: ele \u00e9 tamb\u00e9m convoca\u00e7\u00e3o ao dom de si pela convers\u00e3o dos outros e pela convers\u00e3o dos dinamismos da hist\u00f3ria, na certeza de que a comunidade dos crentes, no discipulado de Cristo, tem um minist\u00e9rio de convers\u00e3o. Logo na primeira ora\u00e7\u00e3o do Anjo, o drama do mal est\u00e1 presente: \u00abPe\u00e7o-vos perd\u00e3o para os que n\u00e3o creem, n\u00e3o adoram, n\u00e3o esperam e n\u00e3o vos amam.\u00bb Os sacrif\u00edcios pela convers\u00e3o dos pecadores ser\u00e3o express\u00e3o da oferta sacrificial que os pastorinhos fazem de si mesmos em prol dos demais.<\/span><\/span><\/span><\/p>\n<p align=\"justify\">(Fonte: santuario.pt)<\/p>\n","protected":false},"excerpt":{"rendered":"<p>O drama da hist\u00f3ria humana tocada pelo pecado \u00e9 apresentado com uma lucidez viva na mensagem de F\u00e1tima. O drama do pecado \u00e9 ali profeticamente denunciado, traduzido nas vis\u00f5es do inferno e da cidade em ru\u00ednas e nas in\u00fameras refer\u00eancias&#8230;<\/p>\n","protected":false},"author":4549,"featured_media":0,"comment_status":"open","ping_status":"open","sticky":false,"template":"","format":"standard","meta":{"footnotes":""},"categories":[18830],"tags":[18814,184831,17251,23014,17228],"_links":{"self":[{"href":"https:\/\/blog.cancaonova.com\/imaculadocoracaodemaria\/wp-json\/wp\/v2\/posts\/1965"}],"collection":[{"href":"https:\/\/blog.cancaonova.com\/imaculadocoracaodemaria\/wp-json\/wp\/v2\/posts"}],"about":[{"href":"https:\/\/blog.cancaonova.com\/imaculadocoracaodemaria\/wp-json\/wp\/v2\/types\/post"}],"author":[{"embeddable":true,"href":"https:\/\/blog.cancaonova.com\/imaculadocoracaodemaria\/wp-json\/wp\/v2\/users\/4549"}],"replies":[{"embeddable":true,"href":"https:\/\/blog.cancaonova.com\/imaculadocoracaodemaria\/wp-json\/wp\/v2\/comments?post=1965"}],"version-history":[{"count":2,"href":"https:\/\/blog.cancaonova.com\/imaculadocoracaodemaria\/wp-json\/wp\/v2\/posts\/1965\/revisions"}],"predecessor-version":[{"id":1973,"href":"https:\/\/blog.cancaonova.com\/imaculadocoracaodemaria\/wp-json\/wp\/v2\/posts\/1965\/revisions\/1973"}],"wp:attachment":[{"href":"https:\/\/blog.cancaonova.com\/imaculadocoracaodemaria\/wp-json\/wp\/v2\/media?parent=1965"}],"wp:term":[{"taxonomy":"category","embeddable":true,"href":"https:\/\/blog.cancaonova.com\/imaculadocoracaodemaria\/wp-json\/wp\/v2\/categories?post=1965"},{"taxonomy":"post_tag","embeddable":true,"href":"https:\/\/blog.cancaonova.com\/imaculadocoracaodemaria\/wp-json\/wp\/v2\/tags?post=1965"}],"curies":[{"name":"wp","href":"https:\/\/api.w.org\/{rel}","templated":true}]}}