{"id":2026,"date":"2018-06-20T15:47:19","date_gmt":"2018-06-20T15:47:19","guid":{"rendered":"http:\/\/blog.cancaonova.com\/imaculadocoracaodemaria\/?p=2026"},"modified":"2018-06-20T15:47:19","modified_gmt":"2018-06-20T15:47:19","slug":"a-segunda-aparicao-de-nossa-senhora-na-cova-da-iria-parte-i","status":"publish","type":"post","link":"https:\/\/blog.cancaonova.com\/imaculadocoracaodemaria\/2018\/06\/20\/a-segunda-aparicao-de-nossa-senhora-na-cova-da-iria-parte-i\/","title":{"rendered":"A Segunda Apari\u00e7\u00e3o de Nossa Senhora na Cova da Iria - Parte I"},"content":{"rendered":"<p align=\"justify\"><span style=\"color: #000000\"><span style=\"font-family: 'Fedra Sans Std Bold', serif\"><span style=\"font-size: medium\"><span style=\"font-family: 'Fedra Sans Std Light', serif\"><span style=\"font-size: small\"><span style=\"font-family: Arial, sans-serif\"><a href=\"http:\/\/blog.cancaonova.com\/imaculadocoracaodemaria\/files\/2013\/10\/coracao.jpg\"><img loading=\"lazy\" decoding=\"async\" class=\"alignleft size-full wp-image-1175\" src=\"http:\/\/blog.cancaonova.com\/imaculadocoracaodemaria\/files\/2013\/10\/coracao.jpg\" alt=\"\" width=\"259\" height=\"194\"\/><\/a>No dia 13 de junho de 1917, celebrava-se, em F\u00e1tima, a festa de Santo <\/span><\/span><\/span><span style=\"font-family: 'Fedra Sans Std Light', serif\"><span style=\"font-size: small\"><span style=\"font-family: Arial, sans-serif\">Ant\u00f4nio.<\/span><\/span><\/span><span style=\"font-family: 'Fedra Sans Std Light', serif\"><span style=\"font-size: small\"><span style=\"font-family: Arial, sans-serif\"> Os pastorinhos, L\u00facia de Jesus e seus primos Francisco e Jacinta Marto, preparavam-se para comparecer na Cova da Iria, ao meio-dia solar, como Nossa Senhora lhes tinha pedido, no dia 13 de maio anterior. As fam\u00edlias procuraram demov\u00ea-los: a m\u00e3e da L\u00facia n\u00e3o acreditava que a filha dissesse a verdade e queria que ela fosse \u00e0 festa, em vez de ir \u00e0 Cova da Iria; os pais do Francisco e da Jacinta partiram, muito cedo, para a feira das Pedreiras, Porto de M\u00f3s. A not\u00edcia da anunciada segunda apari\u00e7\u00e3o j\u00e1 tinha ultrapassado os limites da freguesia de F\u00e1tima e, por isso, logo de manh\u00e3, compareceram em Aljustrel v\u00e1rias pessoas de Boleiros, F\u00e1tima, e dos concelhos de Tomar e Torres Novas, para os acompanharem. A L\u00facia tinha sa\u00eddo, de madrugada, com o rebanho, com inten\u00e7\u00e3o de regressar a casa, pelas 9 horas, ir \u00e0 missa das 10, na igreja paroquial, e partir, logo a seguir, para a Cova da Iria. Mas, pouco depois do romper do sol, foi chamada a casa, onde se encontrou com as referidas pessoas e, depois de os tr\u00eas pastorinhos terem ido \u00e0 missa das 10 horas, partiram todos, por volta das 11 horas, para a Cova da Iria. Juntaram-se ali cerca de sessenta pessoas (cfr. <\/span><\/span><\/span><span style=\"font-family: 'Fedra Sans Std Light', serif\"><span style=\"font-size: small\"><span style=\"font-family: Arial, sans-serif\"><i>Mem\u00f3rias da Irm\u00e3 L\u00facia<\/i><\/span><\/span><\/span><span style=\"font-family: 'Fedra Sans Std Light', serif\"><span style=\"font-size: small\"><span style=\"font-family: Arial, sans-serif\">, Edi\u00e7\u00f5es da Vice-Postula\u00e7\u00e3o, II, II, 4). <\/span><\/span><\/span><\/span><\/span><\/span><\/p>\n<p align=\"justify\"><span style=\"color: #000000\"><span style=\"font-family: 'Fedra Sans Std Bold', serif\"><span style=\"font-size: medium\"><span style=\"font-family: 'Fedra Sans Std Light', serif\"><span style=\"font-size: small\"><span style=\"font-family: Arial, sans-serif\">Num dos dias seguintes, a L\u00facia contou ao p\u00e1roco de F\u00e1tima o que tinha acontecido: momentos antes da apari\u00e7\u00e3o, estavam a rezar o ter\u00e7o, \u00e0 sombra de uma azinheira grande; de repente, viram um rel\u00e2mpago, e dirigiram-se todos \u00e0 carrasqueira, onde aparecera Nossa Senhora, em maio; a L\u00facia \u201cfez uma <\/span><\/span><\/span><span style=\"font-family: 'Fedra Sans Std Light', serif\"><span style=\"font-size: small\"><span style=\"font-family: Arial, sans-serif\">v\u00eania<\/span><\/span><\/span><span style=\"font-family: 'Fedra Sans Std Light', serif\"><span style=\"font-size: small\"><span style=\"font-family: Arial, sans-serif\">, dobrando um joelho e, ao mesmo tempo, chegou a Senhora, vindo em linha <\/span><\/span><\/span><span style=\"font-family: 'Fedra Sans Std Light', serif\"><span style=\"font-size: small\"><span style=\"font-family: Arial, sans-serif\">obl\u00edqua, do<\/span><\/span><\/span><span style=\"font-family: 'Fedra Sans Std Light', serif\"><span style=\"font-size: small\"><span style=\"font-family: Arial, sans-serif\"> lado nascente, e fez a pergunta: \u2013 Ent\u00e3o, o que \u00e9 que me quer? \u2018\u2013 Quero-te dizer que voltes c\u00e1, no dia 13, e que aprendas a ler, para te dizer o que quero\u2019. \u2013 Ent\u00e3o, n\u00e3o quer mais nada? \u2018\u2013 N\u00e3o quero mais\u2019\u201d (P\u00e1roco de F\u00e1tima, em: <\/span><\/span><\/span><span style=\"font-family: 'Fedra Sans Std Light', serif\"><span style=\"font-size: small\"><span style=\"font-family: Arial, sans-serif\"><i>Documenta\u00e7\u00e3o Cr\u00edtica de F\u00e1tima <\/i><\/span><\/span><\/span><span style=\"font-family: 'Fedra Sans Std Light', serif\"><span style=\"font-size: small\"><span style=\"font-family: Arial, sans-serif\">(= <\/span><\/span><\/span><span style=\"font-family: 'Fedra Sans Std Light', serif\"><span style=\"font-size: small\"><span style=\"font-family: Arial, sans-serif\"><i>DCF) <\/i><\/span><\/span><\/span><span style=\"font-family: 'Fedra Sans Std Light', serif\"><span style=\"font-size: small\"><span style=\"font-family: Arial, sans-serif\">I, Doc. 2 de 14.06.1917, p. 11).<\/span><\/span><\/span><\/span><\/span><\/span><\/p>\n<p align=\"justify\"><span style=\"color: #000000\"><span style=\"font-family: 'Fedra Sans Std Bold', serif\"><span style=\"font-size: medium\"><span style=\"font-family: 'Fedra Sans Std Light', serif\"><span style=\"font-size: small\"><span style=\"font-family: Arial, sans-serif\">A estranha ordem dada \u00e0 L\u00facia, de aprender a ler, come\u00e7ou a correr, e at\u00e9 a imprensa adversa, de Lisboa, lhe deu eco: \u201cA Senhora disse aos pastorinhos que deviam aprender a ler e a escrever\u201d (\u201cO Mundo\u201d, <\/span><\/span><\/span><span style=\"font-family: 'Fedra Sans Std Light', serif\"><span style=\"font-size: small\"><span style=\"font-family: Arial, sans-serif\"><i>DCF,<\/i><\/span><\/span><\/span><span style=\"font-family: 'Fedra Sans Std Light', serif\"><span style=\"font-size: small\"><span style=\"font-family: Arial, sans-serif\"> 1, doc. 10, de 19 de agosto de 1917, p. 50-51); Carlos de Azevedo Mendes, em carta \u00e0 sua noiva, a 8 de setembro de 1917, comentava: \u201cJ\u00e1 te recordaste o que [Nossa Senhora] disse na 2.\u00aa apari\u00e7\u00e3o? \u2018Que aprendam a ler\u2019. Dizia-me a Jacintita que j\u00e1 ia na carreira do A!!\u201d (<\/span><\/span><\/span><span style=\"font-family: 'Fedra Sans Std Light', serif\"><span style=\"font-size: small\"><span style=\"font-family: Arial, sans-serif\"><i>DCF <\/i><\/span><\/span><\/span><span style=\"font-family: 'Fedra Sans Std Light', serif\"><span style=\"font-size: small\"><span style=\"font-family: Arial, sans-serif\">I, doc. 55, p. 390); o Padre Dr. Manuel Nunes Formig\u00e3o fez o seu primeiro interrogat\u00f3rio aos videntes, no dia 27 de setembro de 1917. Uma ideia mais tinha transparecido, entretanto, embora incorreta: a Senhora tinha dito \u201cque era do C\u00e9u\u201d e que os levaria para l\u00e1, de modo que o sacerdote perguntou \u00e0 L\u00facia: \u201cMas se a Senhora disse que te levaria para o C\u00e9u, no m\u00eas de Outubro pr\u00f3ximo, para que te serviria aprenderes a ler? <\/span><\/span><\/span><span style=\"font-family: 'Fedra Sans Std Light', serif\"><span style=\"font-size: small\"><span style=\"font-family: Arial, sans-serif\"><b>\u2013 <\/b><\/span><\/span><\/span><span style=\"font-family: 'Fedra Sans Std Light', serif\"><span style=\"font-size: small\"><span style=\"font-family: Arial, sans-serif\">N\u00e3o \u00e9 verdade isso: a Senhora nunca disse que me levaria para o C\u00e9u, em outubro, e eu nunca afirmei que ela me tivesse dito tal coisa\u201d (<\/span><\/span><\/span><span style=\"font-family: 'Fedra Sans Std Light', serif\"><span style=\"font-size: small\"><span style=\"font-family: Arial, sans-serif\"><i>DCF <\/i><\/span><\/span><\/span><span style=\"font-family: 'Fedra Sans Std Light', serif\"><span style=\"font-size: small\"><span style=\"font-family: Arial, sans-serif\">I, doc. 7, p. 57 e 59). O mesmo sacerdote, no dia 11 de outubro de 1917, voltou a interrogar a L\u00facia, sobre o cumprimento da ordem da Senhora, em junho: \u201c\u2013 Sabes ler? \u2013 N\u00e3o. \u2013 Andas a aprender? \u2013 N\u00e3o. \u2013 Como cumpres a ordem da Senhora?\u201d (<\/span><\/span><\/span><span style=\"font-family: 'Fedra Sans Std Light', serif\"><span style=\"font-size: small\"><span style=\"font-family: Arial, sans-serif\"><i>DCF <\/i><\/span><\/span><\/span><span style=\"font-family: 'Fedra Sans Std Light', serif\"><span style=\"font-size: small\"><span style=\"font-family: Arial, sans-serif\">I, Docs. 11, p. 88, e 12, p. 112). N\u00e3o ficou registada a resposta da L\u00facia a esta pergunta. Mas, numa carta particular, de cerca de 19 de outubro de 1917, Leonor Const\u00e2ncio, comentando essa recomenda\u00e7\u00e3o de Nossa Senhora, diz que as crian\u00e7as n\u00e3o a cumpriram logo, \u201cporque n\u00e3o havia, nem nunca houve, professora em F\u00e1tima. Agora, sem que ningu\u00e9m a reclamasse, aparece nomeada para ali, por dois anos, uma professora das escolas m\u00f3veis, e as crian\u00e7as come\u00e7aram j\u00e1 a frequentar a escola com bastante aproveitamento, sobretudo da L\u00facia\u201d (<\/span><\/span><\/span><span style=\"font-family: 'Fedra Sans Std Light', serif\"><span style=\"font-size: small\"><span style=\"font-family: Arial, sans-serif\"><i>DCF <\/i><\/span><\/span><\/span><span style=\"font-family: 'Fedra Sans Std Light', serif\"><span style=\"font-size: small\"><span style=\"font-family: Arial, sans-serif\">3, 1, Doc. 129, p. 345). <\/span><\/span><\/span><\/span><\/span><\/span><\/p>\n<p align=\"justify\"><span style=\"color: #000000\"><span style=\"font-family: 'Fedra Sans Std Bold', serif\"><span style=\"font-size: medium\"><span style=\"font-family: 'Fedra Sans Std Light', serif\"><span style=\"font-size: small\"><span style=\"font-family: Arial, sans-serif\">Ainda no dia 11 de outubro, a Jacinta revelou que, na apari\u00e7\u00e3o de junho, \u201couviu o segredo a Nossa Senhora\u201d, e perguntada se o segredo era para serem ricos, disse que n\u00e3o; se era \u201cpara serem bons e felizes\u201d, respondeu: \u2018\u00c9. \u00c9 para bem de todos os tr\u00eas\u2019\u201d; se era para irem para o C\u00e9u, respondeu: \u2018n\u00e3o \u00e9\u2019; n\u00e3o podia revelar o segredo \u201cporque a Senhora disse que n\u00e3o diss\u00e9ssemos o segredo a ningu\u00e9m\u201d (<\/span><\/span><\/span><span style=\"font-family: 'Fedra Sans Std Light', serif\"><span style=\"font-size: small\"><span style=\"font-family: Arial, sans-serif\"><i>DCF <\/i><\/span><\/span><\/span><span style=\"font-family: 'Fedra Sans Std Light', serif\"><span style=\"font-size: small\"><span style=\"font-family: Arial, sans-serif\">I, Doc. 11, p. 92, e Doc. 12, p. 114). Pode admitir-se que a Jacinta, crian\u00e7a de 7 anos, se tenha equivocado com o segredo de julho, mas \u00e9 mais prov\u00e1vel que se referisse \u00e0quilo que a Irm\u00e3 L\u00facia, nas \u201cMem\u00f3rias\u201d, como veremos, chamar\u00e1 \u201csegredo de junho\u201d. <\/span><\/span><\/span><\/span><\/span><\/span><\/p>\n<p align=\"justify\"><span style=\"color: #000000\"><span style=\"font-family: 'Fedra Sans Std Bold', serif\"><span style=\"font-size: medium\"><span style=\"font-family: 'Fedra Sans Std Light', serif\"><span style=\"font-size: small\"><span style=\"font-family: Arial, sans-serif\">A 2 de Novembro, o Dr. Formig\u00e3o voltou a interrogar a L\u00facia, sobre as seis apari\u00e7\u00f5es: \u201c\u2013 Quando foi que perguntaste \u00e0 Senhora o que \u00e9 que fazia para que o povo acreditasse que era ela que te aparecia? \u2018\u2013 Perguntei-lhe umas poucas de vezes; a primeira que perguntei, cuido que foi em junho\u2019\u201d. E sobre o segredo: \u2018\u2013 Quando te disse o segredo?\u2019 \u2018\u2013 Parece-me que foi da 2.\u00aa vez\u2019\u201d (<\/span><\/span><\/span><span style=\"font-family: 'Fedra Sans Std Light', serif\"><span style=\"font-size: small\"><span style=\"font-family: Arial, sans-serif\"><i>DCF <\/i><\/span><\/span><\/span><span style=\"font-family: 'Fedra Sans Std Light', serif\"><span style=\"font-size: small\"><span style=\"font-family: Arial, sans-serif\">I, Doc. 17, p. 168-169; 172). Tamb\u00e9m a Jacinta repetiu o que a Senhora tinha dito, em junho, e que a L\u00facia \u201cpediu pelos doentes e pecadores, e a Senhora disse que melhorava uns e os convertia, e outros n\u00e3o\u201d (<\/span><\/span><\/span><span style=\"font-family: 'Fedra Sans Std Light', serif\"><span style=\"font-size: small\"><span style=\"font-family: Arial, sans-serif\"><i>DCF <\/i><\/span><\/span><\/span><span style=\"font-family: 'Fedra Sans Std Light', serif\"><span style=\"font-size: small\"><span style=\"font-family: Arial, sans-serif\">I, Doc. 17, p. 173). <\/span><\/span><\/span><\/span><\/span><\/span><\/p>\n<p align=\"justify\"><span style=\"color: #000000\"><span style=\"font-family: 'Fedra Sans Std Bold', serif\"><span style=\"font-size: medium\"><span style=\"font-family: 'Fedra Sans Std Light', serif\"><span style=\"font-size: small\"><span style=\"font-family: Arial, sans-serif\">Cinco anos mais tarde, a 5 de janeiro de 1922, no Asilo de Vilar, Porto, a pedido do seu confessor, Padre Manuel Pereira Lopes, a L\u00facia escreveu o seu primeiro relato aut\u00f3grafo sobre os acontecimentos de 1917. No que respeita a 13 de junho, n\u00e3o h\u00e1 novidades, a n\u00e3o ser: \u201cPedi-lhe para curar um coxo e algumas pessoas que me tinham pedido, umas, doentes, outras, pela convers\u00e3o de alguns pecadores. Resposta: \u2018Daqui a um ano, ser\u00e3o curados\u2019\u201d(<\/span><\/span><\/span><span style=\"font-family: 'Fedra Sans Std Light', serif\"><span style=\"font-size: small\"><span style=\"font-family: Arial, sans-serif\"><i>DCF <\/i><\/span><\/span><\/span><span style=\"font-family: 'Fedra Sans Std Light', serif\"><span style=\"font-size: small\"><span style=\"font-family: Arial, sans-serif\">III, 3, Doc. 685, de 5 de janeiro de 1922, p. 266).<\/span><\/span><\/span><\/span><\/span><\/span><\/p>\n<p align=\"left\"><span style=\"color: #000000\"><span style=\"font-family: 'Fedra Sans Std Bold', serif\"><span style=\"font-size: medium\"><span style=\"font-family: 'Fedra Sans Std Light', serif\"><span style=\"font-size: small\"><span style=\"font-family: Arial, sans-serif\">Iniciado o Processo Diocesano sobre os acontecimentos de 1917, em maio de 1922, foram pedidas not\u00edcias e informa\u00e7\u00f5es sobre eles a todas as pessoas, e deu-se in\u00edcio, a 13 de outubro desse ano, ao jornal mensal \u201cVoz da F\u00e1tima\u201d. No n\u00famero do m\u00eas de dezembro, foi publicado um depoimento de In\u00e1cio <\/span><\/span><\/span><span style=\"font-family: 'Fedra Sans Std Light', serif\"><span style=\"font-size: small\"><span style=\"font-family: Arial, sans-serif\">Ant\u00f4nio<\/span><\/span><\/span><span style=\"font-family: 'Fedra Sans Std Light', serif\"><span style=\"font-size: small\"><span style=\"font-family: Arial, sans-serif\"> Marques, da Chain\u00e7a, Santa Catarina da Serra. Sobre a segunda apari\u00e7\u00e3o, ele conta: \u201cAjoelham-se junto da c\u00e9lebre azinheirinha e principiam a rezar o ter\u00e7o [\u2026]. Terminada a ladainha, a L\u00facia diz: \u2018L\u00e1 vem Ela\u2019, e manda ajoelhar. Principia, interrogando e respondendo a algu\u00e9m que os meus olhos n\u00e3o veem nem os ouvidos ouvem. \u00c9 a segunda apari\u00e7\u00e3o e, mais uma vez, ali afirma, perante o reduzido n\u00famero de espetadores \u2013 porque ainda se lhes n\u00e3o pode chamar crentes \u2013 que Ela lhe est\u00e1 dizendo que vem ali, todos os meses, e que, a 13 de outubro, ser\u00e1 a \u00faltima vez e, ent\u00e3o, dir\u00e1 um segredo\u201d (\u201cVoz da F\u00e1tima\u201d, 13.12.1922 e <\/span><\/span><\/span><span style=\"font-family: 'Fedra Sans Std Light', serif\"><span style=\"font-size: small\"><span style=\"font-family: Arial, sans-serif\"><i>DCF <\/i><\/span><\/span><\/span><span style=\"font-family: 'Fedra Sans Std Light', serif\"><span style=\"font-size: small\"><span style=\"font-family: Arial, sans-serif\">II, Aditamento, Doc. A, 23.11.1922, p. 150).<\/span><\/span><\/span><\/span><\/span><\/span><\/p>\n<p align=\"justify\"><span style=\"color: #000000\"><span style=\"font-family: 'Fedra Sans Std Bold', serif\"><span style=\"font-size: medium\"><span style=\"font-family: 'Fedra Sans Std Light', serif\"><span style=\"font-size: small\"><span style=\"font-family: Arial, sans-serif\">No decorrer da inquiri\u00e7\u00e3o propriamente dita, a 28 de setembro de 1923, foram ouvidas v\u00e1rias testemunhas, que se pronunciaram sobre a apari\u00e7\u00e3o de 13 de junho de 1917. Manuel Pedro Marto, pai do Francisco e da Jacinta, declarou, entre outras coisas, que, ao chegarem da feira, j\u00e1 de noite, \u201couviram dizer que os pequenos tinham ido ao local, e tinham dito que viram Nossa Senhora\u201d (<\/span><\/span><\/span><span style=\"font-family: 'Fedra Sans Std Light', serif\"><span style=\"font-size: small\"><span style=\"font-family: Arial, sans-serif\"><i>DCF <\/i><\/span><\/span><\/span><span style=\"font-family: 'Fedra Sans Std Light', serif\"><span style=\"font-size: small\"><span style=\"font-family: Arial, sans-serif\">III, Doc. 4, p. 65). A m\u00e3e, Ol\u00edmpia de Jesus, disse o mesmo: \u201ccontaram-lhe que Nossa Senhora lhes tinha aparecido, outra vez, como em treze de maio, e que tinha dito \u00e0 L\u00facia que fossem l\u00e1, todos os meses, e que fizessem penit\u00eancia [\u2026] e \u201cque a Senhora lhe tinha recomendado que aprendesse a ler\u201d (<\/span><\/span><\/span><span style=\"font-family: 'Fedra Sans Std Light', serif\"><span style=\"font-size: small\"><span style=\"font-family: Arial, sans-serif\"><i>DCF <\/i><\/span><\/span><\/span><span style=\"font-family: 'Fedra Sans Std Light', serif\"><span style=\"font-size: small\"><span style=\"font-family: Arial, sans-serif\">II, Doc. 4, p. 74-75 e 82). Maria Rosa, m\u00e3e da L\u00facia, depois da festa de Santo Ant\u00f3nio, \u201cperguntou-lhe o que tinha visto. Respondeu que tinha visto a mesma mulherzinha do outro dia. Perguntou-lhe o que ela tinha dito. Disse que tinha dito que continuassem a ir l\u00e1 e que aprendessem a ler. Esta proposta tornou-a descrente, porque lhe parecia que Nossa Senhora n\u00e3o tinha vindo \u00e0 terra para lhe dizer que aprendesse a ler\u201d (<\/span><\/span><\/span><span style=\"font-family: 'Fedra Sans Std Light', serif\"><span style=\"font-size: small\"><span style=\"font-family: Arial, sans-serif\"><i>DCF <\/i><\/span><\/span><\/span><span style=\"font-family: 'Fedra Sans Std Light', serif\"><span style=\"font-size: small\"><span style=\"font-family: Arial, sans-serif\">II, Doc. 4, p. 86-88). Maria dos Santos ou Maria Carreira, da Moita Redonda, F\u00e1tima, afirmou que a L\u00facia perguntou \u00e0 Apari\u00e7\u00e3o: \u201cVossemec\u00ea mandou-me aqui vir, fa\u00e7a favor de me dizer o que me quer\u201d. Ouviu uma zunida que vinha da azinheira, n\u00e3o compreendendo uma s\u00f3 palavra da resposta. A L\u00facia olhava para a azinheira, assim como as outras duas crian\u00e7as, estando todos de m\u00e3os postas. A depoente n\u00e3o compreendeu bem o que ela, depois, disse \u00e0 Apari\u00e7\u00e3o, mas as outras pessoas disseram&#8211;lhe que a pequena lhe tinha perguntado se lhe queria mais alguma coisa\u201d (<\/span><\/span><\/span><span style=\"font-family: 'Fedra Sans Std Light', serif\"><span style=\"font-size: small\"><span style=\"font-family: Arial, sans-serif\"><i>DCF <\/i><\/span><\/span><\/span><span style=\"font-family: 'Fedra Sans Std Light', serif\"><span style=\"font-size: small\"><span style=\"font-family: Arial, sans-serif\">II, doc. 4, p. 101-104).<\/span><\/span><\/span><\/span><\/span><\/span><\/p>\n<p align=\"justify\"><span style=\"color: #000000\"><span style=\"font-family: 'Fedra Sans Std Bold', serif\"><span style=\"font-size: medium\"><span style=\"font-family: 'Fedra Sans Std Light', serif\"><span style=\"font-size: small\"><span style=\"font-family: Arial, sans-serif\">A L\u00facia tamb\u00e9m foi ouvida, oficialmente, a 7 de julho de 1924, no Porto, sobre os acontecimentos de 1917. \u201cNo dia treze de junho [\u2026], perguntei-lhe: \u2018\u2013 O que me quer Vossemec\u00ea?\u2019 A resposta dela foi: \u2018\u2013 Quero que continuem a vir aqui, nos outros meses, que rezem o Ter\u00e7o todos os dias e que aprendam a ler\u2019. Como me tinham recomendado, pedi \u00e0 Senhora que curasse um entrevado, e ela respondeu que, se ele se convertesse, ficaria curado dentro dum ano\u201d (<\/span><\/span><\/span><span style=\"font-family: 'Fedra Sans Std Light', serif\"><span style=\"font-size: small\"><span style=\"font-family: Arial, sans-serif\"><i>DCF <\/i><\/span><\/span><\/span><span style=\"font-family: 'Fedra Sans Std Light', serif\"><span style=\"font-size: small\"><span style=\"font-family: Arial, sans-serif\">II, Doc. 8, p. 140).<\/span><\/span><\/span><\/span><\/span><\/span><\/p>\n<p align=\"justify\">Por&nbsp;Luciano Cristino<\/p>\n","protected":false},"excerpt":{"rendered":"<p>No dia 13 de junho de 1917, celebrava-se, em F\u00e1tima, a festa de Santo Ant\u00f4nio. Os pastorinhos, L\u00facia de Jesus e seus primos Francisco e Jacinta Marto, preparavam-se para comparecer na Cova da Iria, ao meio-dia solar, como Nossa Senhora&#8230;<\/p>\n","protected":false},"author":4549,"featured_media":0,"comment_status":"open","ping_status":"open","sticky":false,"template":"","format":"standard","meta":{"footnotes":""},"categories":[8636],"tags":[18814,17102,17101],"_links":{"self":[{"href":"https:\/\/blog.cancaonova.com\/imaculadocoracaodemaria\/wp-json\/wp\/v2\/posts\/2026"}],"collection":[{"href":"https:\/\/blog.cancaonova.com\/imaculadocoracaodemaria\/wp-json\/wp\/v2\/posts"}],"about":[{"href":"https:\/\/blog.cancaonova.com\/imaculadocoracaodemaria\/wp-json\/wp\/v2\/types\/post"}],"author":[{"embeddable":true,"href":"https:\/\/blog.cancaonova.com\/imaculadocoracaodemaria\/wp-json\/wp\/v2\/users\/4549"}],"replies":[{"embeddable":true,"href":"https:\/\/blog.cancaonova.com\/imaculadocoracaodemaria\/wp-json\/wp\/v2\/comments?post=2026"}],"version-history":[{"count":1,"href":"https:\/\/blog.cancaonova.com\/imaculadocoracaodemaria\/wp-json\/wp\/v2\/posts\/2026\/revisions"}],"predecessor-version":[{"id":2027,"href":"https:\/\/blog.cancaonova.com\/imaculadocoracaodemaria\/wp-json\/wp\/v2\/posts\/2026\/revisions\/2027"}],"wp:attachment":[{"href":"https:\/\/blog.cancaonova.com\/imaculadocoracaodemaria\/wp-json\/wp\/v2\/media?parent=2026"}],"wp:term":[{"taxonomy":"category","embeddable":true,"href":"https:\/\/blog.cancaonova.com\/imaculadocoracaodemaria\/wp-json\/wp\/v2\/categories?post=2026"},{"taxonomy":"post_tag","embeddable":true,"href":"https:\/\/blog.cancaonova.com\/imaculadocoracaodemaria\/wp-json\/wp\/v2\/tags?post=2026"}],"curies":[{"name":"wp","href":"https:\/\/api.w.org\/{rel}","templated":true}]}}