{"id":2508,"date":"2020-04-03T22:31:11","date_gmt":"2020-04-03T22:31:11","guid":{"rendered":"http:\/\/blog.cancaonova.com\/imaculadocoracaodemaria\/?p=2508"},"modified":"2020-04-03T22:37:00","modified_gmt":"2020-04-03T22:37:00","slug":"o-centesimo-primeiro-aniversario-da-morte-de-sao-francisco-marto","status":"publish","type":"post","link":"https:\/\/blog.cancaonova.com\/imaculadocoracaodemaria\/2020\/04\/03\/o-centesimo-primeiro-aniversario-da-morte-de-sao-francisco-marto\/","title":{"rendered":"O cent\u00e9simo primeiro anivers\u00e1rio da morte de S\u00e3o Francisco Marto"},"content":{"rendered":"<p><em><a href=\"http:\/\/blog.cancaonova.com\/imaculadocoracaodemaria\/files\/2020\/04\/francixo3.jpg\"><img loading=\"lazy\" decoding=\"async\" class=\"alignleft size-medium wp-image-2510\" src=\"http:\/\/blog.cancaonova.com\/imaculadocoracaodemaria\/files\/2020\/04\/francixo3-123x300.jpg\" alt=\"S\u00e3o Francisco Marto\" width=\"123\" height=\"300\" srcset=\"https:\/\/blog.cancaonova.com\/imaculadocoracaodemaria\/files\/2020\/04\/francixo3-123x300.jpg 123w, https:\/\/blog.cancaonova.com\/imaculadocoracaodemaria\/files\/2020\/04\/francixo3-768x1881.jpg 768w, https:\/\/blog.cancaonova.com\/imaculadocoracaodemaria\/files\/2020\/04\/francixo3-418x1024.jpg 418w, https:\/\/blog.cancaonova.com\/imaculadocoracaodemaria\/files\/2020\/04\/francixo3.jpg 1275w\" sizes=\"(max-width: 123px) 100vw, 123px\" \/><\/a>Dia 4 de abril, o cent\u00e9simo primeiro anivers\u00e1rio da morte de S. Francisco Marto<\/em><\/p>\n<p>Recordemos a vida e os tra\u00e7os da espiritualidade do pequeno vidente de F\u00e1tima atrav\u00e9s dos relatos da Quarta Mem\u00f3ria, escrita pela sua prima, Irm\u00e3 L\u00facia de Jesus.<\/p>\n<p>S\u00e3o Francisco Marto, cuja iconografia o apresenta de carapu\u00e7o na cabe\u00e7a e jaleca curta, com o cajado e o saco do farnel ao pesco\u00e7o, nasceu em 11 de junho de 1908 e foi batizado em 20 de junho na Igreja Paroquial de F\u00e1tima.&nbsp;<\/p>\n<p>Com apenas 8 anos de idade, come\u00e7ou, com a sua irm\u00e3 Jacinta, a pastorear o rebanho dos seus pais pela zona da Cova da Iria, local onde, juntamente com a prima L\u00facia, viriam a testemunhar as Apari\u00e7\u00f5es, durante as quais podia apenas ver, sem ouvir ou falar.<\/p>\n<p>Levado pelo desejo \u00edntimo de consolar o cora\u00e7\u00e3o de Jesus, pois afirmava que queria dar alegria a um Deus que estava triste com os agravos ao Seu cora\u00e7\u00e3o, <a href=\"https:\/\/blog.cancaonova.com\/imaculadocoracaodemaria\/2019\/03\/28\/sao-francisco-marto-retrato-de-uma-vida-breve-e-intens\/\">Francisco<\/a> viveu intensamente a ora\u00e7\u00e3o contemplativa. Para isso, passava horas seguidas em ora\u00e7\u00e3o em frente ao sacr\u00e1rio, na Igreja Paroquial de F\u00e1tima, quando a prima e a irm\u00e3 iam para a escola.<\/p>\n<p>A 18 de outubro de 1918, pouco mais de um ano depois da \u00faltima Apari\u00e7\u00e3o, Francisco adoece, v\u00edtima da epidemia da gripe pneum\u00f4nica que assolou o pa\u00eds, tamb\u00e9m conhecida por gripe espanhola, a doen\u00e7a que chegara a Portugal no meio desse ano e em pouco tempo causou a morte de dezenas de milhares de pessoas.<\/p>\n<p>A 2 de abril do ano seguinte, confessa-se e recebe a comunh\u00e3o pela \u00faltima vez \u201ccom uma grande lucidez e piedade\u201d, como escreve o p\u00e1roco de F\u00e1tima no Livro de \u00d3bitos, ao registar a sua morte, em 4 de abril, acrescentando: \u201cE confirmou que tinha visto uma Senhora na Cova da Iria e Valinho\u201d.<\/p>\n<h2>Francisco viveu intensamente a ora\u00e7\u00e3o contemplativa<\/h2>\n<p>Foi sepultado no cemit\u00e9rio de F\u00e1tima, de onde os seus restos mortais foram exumados, em 17 de fevereiro de 1952, e trasladados para a Bas\u00edlica de Nossa Senhora do Ros\u00e1rio de F\u00e1tima, em 13 de mar\u00e7o de 1952, repousando no bra\u00e7o direito do transepto.<\/p>\n<p>Francisco e a irm\u00e3 Jacinta foram canonizados no Santu\u00e1rio de F\u00e1tima, a 13 de maio de 2017, durante a Missa da primeira Peregrina\u00e7\u00e3o Internacional Anivers\u00e1ria do Centen\u00e1rio das Apari\u00e7\u00f5es, presidida pelo Papa Francisco, tornando-se assim nos mais jovens santos n\u00e3o-m\u00e1rtires da hist\u00f3ria da Igreja Cat\u00f3lica.<\/p>\n<p>A canoniza\u00e7\u00e3o tinha sido aprovada a 23 de mar\u00e7o, quando o Vaticano anunciou que o Papa Francisco reconhecera o milagre atribu\u00eddo a Francisco e Jacinta, \u00faltima etapa do processo, iniciado h\u00e1 65 anos.<\/p>\n<p>O reconhecimento de um milagre realizado por sua intercess\u00e3o depois da beatifica\u00e7\u00e3o \u00e9 um processo da compet\u00eancia da Congrega\u00e7\u00e3o para a Causa dos Santos, regulado pela Constitui\u00e7\u00e3o Apost\u00f3lica Divinus Perfectionis Magister , promulgada por Jo\u00e3o Paulo II em 1983.<\/p>\n<p>No processo de Francisco e Jacinta Marto, foi aceite como milagre a cura milagrosa de Lucas, uma crian\u00e7a brasileira de cinco anos, que ca\u00edu de uma janela, a uma altura de 6,5 metros no dia 3 de mar\u00e7o de 2013, ficando em coma, com perda de tecido cerebral no l\u00f3bulo frontal direito.<\/p>\n<p>A ora\u00e7\u00e3o da fam\u00edlia e das irm\u00e3s do Carmelo de Campo Mour\u00e3o, no Brasil, pedindo a intercess\u00e3o de Francisco e Jacinta, resultou na cura total de Lucas, facto que os m\u00e9dicos n\u00e3o conseguem explicar.<\/p>\n<p>Fonte: fatima;pt<\/p>\n<p>&nbsp;<\/p>\n","protected":false},"excerpt":{"rendered":"<p>Levado pelo desejo \u00edntimo de consolar o cora\u00e7\u00e3o de Jesus, pois afirmava que queria dar alegria a um Deus que estava triste com os agravos ao Seu cora\u00e7\u00e3o <a href=\"https:\/\/blog.cancaonova.com\/imaculadocoracaodemaria\/2020\/04\/03\/o-centesimo-primeiro-aniversario-da-morte-de-sao-francisco-marto\/\">Continue lendo <span class=\"meta-nav\">&rarr;<\/span><\/a><\/p>\n","protected":false},"author":4549,"featured_media":2208,"comment_status":"open","ping_status":"open","sticky":false,"template":"","format":"standard","meta":{"footnotes":""},"categories":[2431,82268],"tags":[17139,7761],"_links":{"self":[{"href":"https:\/\/blog.cancaonova.com\/imaculadocoracaodemaria\/wp-json\/wp\/v2\/posts\/2508"}],"collection":[{"href":"https:\/\/blog.cancaonova.com\/imaculadocoracaodemaria\/wp-json\/wp\/v2\/posts"}],"about":[{"href":"https:\/\/blog.cancaonova.com\/imaculadocoracaodemaria\/wp-json\/wp\/v2\/types\/post"}],"author":[{"embeddable":true,"href":"https:\/\/blog.cancaonova.com\/imaculadocoracaodemaria\/wp-json\/wp\/v2\/users\/4549"}],"replies":[{"embeddable":true,"href":"https:\/\/blog.cancaonova.com\/imaculadocoracaodemaria\/wp-json\/wp\/v2\/comments?post=2508"}],"version-history":[{"count":4,"href":"https:\/\/blog.cancaonova.com\/imaculadocoracaodemaria\/wp-json\/wp\/v2\/posts\/2508\/revisions"}],"predecessor-version":[{"id":2513,"href":"https:\/\/blog.cancaonova.com\/imaculadocoracaodemaria\/wp-json\/wp\/v2\/posts\/2508\/revisions\/2513"}],"wp:featuredmedia":[{"embeddable":true,"href":"https:\/\/blog.cancaonova.com\/imaculadocoracaodemaria\/wp-json\/wp\/v2\/media\/2208"}],"wp:attachment":[{"href":"https:\/\/blog.cancaonova.com\/imaculadocoracaodemaria\/wp-json\/wp\/v2\/media?parent=2508"}],"wp:term":[{"taxonomy":"category","embeddable":true,"href":"https:\/\/blog.cancaonova.com\/imaculadocoracaodemaria\/wp-json\/wp\/v2\/categories?post=2508"},{"taxonomy":"post_tag","embeddable":true,"href":"https:\/\/blog.cancaonova.com\/imaculadocoracaodemaria\/wp-json\/wp\/v2\/tags?post=2508"}],"curies":[{"name":"wp","href":"https:\/\/api.w.org\/{rel}","templated":true}]}}