{"id":266,"date":"2011-08-15T15:35:32","date_gmt":"2011-08-15T15:35:32","guid":{"rendered":"http:\/\/blog.cancaonova.com\/imaculadocoracaodemaria\/?p=266"},"modified":"2011-08-15T15:36:24","modified_gmt":"2011-08-15T15:36:24","slug":"parte-ii-as-aparicoes-do-anjo","status":"publish","type":"post","link":"https:\/\/blog.cancaonova.com\/imaculadocoracaodemaria\/2011\/08\/15\/parte-ii-as-aparicoes-do-anjo\/","title":{"rendered":"Parte II - As Apari\u00e7\u00f5es do Anjo"},"content":{"rendered":"<p><span style=\"font-family: Tahoma, sans-serif\"><span style=\"font-size: small\"><a href=\"http:\/\/blog.cancaonova.com\/imaculadocoracaodemaria\/files\/2011\/08\/Noivado-205.jpg\"><img loading=\"lazy\" decoding=\"async\" class=\"alignleft size-thumbnail wp-image-267\" src=\"http:\/\/blog.cancaonova.com\/imaculadocoracaodemaria\/files\/2011\/08\/Noivado-205-150x150.jpg\" alt=\"\" width=\"120\" height=\"120\" \/><\/a>Esta nova escola e este movimento de paz tiveram o seu in\u00edcio, quando no Cabe\u00e7o o Anjo se prostrou no ch\u00e3o diante deles para adorar e reparar a Deus pelos pecados dos homens.<\/span><\/span><\/p>\n<p><span style=\"font-family: Tahoma, sans-serif\"><span style=\"font-size: small\">A mais velha dos tr\u00eas Pastorinhos, L\u00facia, era j\u00e1 religiosa de Santa Doroteia em Tuy, quando recebeu ordem do bispo D. Jos\u00e9 Alves Correia da Silva para descrever estes tr\u00eas encontros do Anjo com os Pastorinhos, e seguidamente as Apari\u00e7\u00f5es de Nossa Senhora. <\/span><\/span><\/p>\n<p><span style=\"font-family: Tahoma, sans-serif\"><span style=\"font-size: small\">Como os seus primos faleceram em 1919 e 1920, ela tornou-se a \u00fanica protagonista e quando descreveu as apari\u00e7\u00f5es, entre 1935 e 1941, n\u00e3o imaginava naturalmente que viria a tornar-se a primeira int\u00e9rprete da Mensagem desta nova espiritualidade de F\u00e1tima. <\/span><\/span><\/p>\n<p><span style=\"font-family: Tahoma, sans-serif\"><span style=\"font-size: small\">Ou\u00e7amos, nas sua palavras exatas, a descri\u00e7\u00e3o dos encontros com o Anjo, estando presentes apenas ela e os seus dois primos, Francisco e Jacinta:<\/span><\/span><\/p>\n<p><span style=\"color: #ff950e\"><span style=\"font-family: Tahoma, sans-serif\"><span style=\"font-size: small\"><em>\u00abAs datas n\u00e3o posso precis\u00e1\u00a0las com certeza, porque, nesse tempo, eu n\u00e3o sabia ainda contar os anos, nem os meses, nem mesmo os dias da semana. Parece\u00a0me, no entanto, que deveu ser na Primavera de 1916 que o Anjo nos apareceu a primeira vez na nossa Loca do Cabe\u00e7o&#8230; \u00bb<\/em><\/span><\/span><\/span><\/p>\n","protected":false},"excerpt":{"rendered":"<p>Esta nova escola e este movimento de paz tiveram o seu in\u00edcio, quando no Cabe\u00e7o o Anjo se prostrou no ch\u00e3o diante deles para adorar e reparar a Deus pelos pecados dos homens. A mais velha dos tr\u00eas Pastorinhos, L\u00facia,&#8230;<\/p>\n","protected":false},"author":4549,"featured_media":0,"comment_status":"open","ping_status":"open","sticky":false,"template":"","format":"standard","meta":{"footnotes":""},"categories":[82225],"tags":[20890,23870,82254,22954],"_links":{"self":[{"href":"https:\/\/blog.cancaonova.com\/imaculadocoracaodemaria\/wp-json\/wp\/v2\/posts\/266"}],"collection":[{"href":"https:\/\/blog.cancaonova.com\/imaculadocoracaodemaria\/wp-json\/wp\/v2\/posts"}],"about":[{"href":"https:\/\/blog.cancaonova.com\/imaculadocoracaodemaria\/wp-json\/wp\/v2\/types\/post"}],"author":[{"embeddable":true,"href":"https:\/\/blog.cancaonova.com\/imaculadocoracaodemaria\/wp-json\/wp\/v2\/users\/4549"}],"replies":[{"embeddable":true,"href":"https:\/\/blog.cancaonova.com\/imaculadocoracaodemaria\/wp-json\/wp\/v2\/comments?post=266"}],"version-history":[{"count":4,"href":"https:\/\/blog.cancaonova.com\/imaculadocoracaodemaria\/wp-json\/wp\/v2\/posts\/266\/revisions"}],"predecessor-version":[{"id":271,"href":"https:\/\/blog.cancaonova.com\/imaculadocoracaodemaria\/wp-json\/wp\/v2\/posts\/266\/revisions\/271"}],"wp:attachment":[{"href":"https:\/\/blog.cancaonova.com\/imaculadocoracaodemaria\/wp-json\/wp\/v2\/media?parent=266"}],"wp:term":[{"taxonomy":"category","embeddable":true,"href":"https:\/\/blog.cancaonova.com\/imaculadocoracaodemaria\/wp-json\/wp\/v2\/categories?post=266"},{"taxonomy":"post_tag","embeddable":true,"href":"https:\/\/blog.cancaonova.com\/imaculadocoracaodemaria\/wp-json\/wp\/v2\/tags?post=266"}],"curies":[{"name":"wp","href":"https:\/\/api.w.org\/{rel}","templated":true}]}}