{"id":442,"date":"2011-09-14T12:34:20","date_gmt":"2011-09-14T12:34:20","guid":{"rendered":"http:\/\/blog.cancaonova.com\/imaculadocoracaodemaria\/?p=442"},"modified":"2011-09-14T12:34:48","modified_gmt":"2011-09-14T12:34:48","slug":"aparicao-de-fatima-em-setembro-1917","status":"publish","type":"post","link":"https:\/\/blog.cancaonova.com\/imaculadocoracaodemaria\/2011\/09\/14\/aparicao-de-fatima-em-setembro-1917\/","title":{"rendered":"Apari\u00e7\u00e3o de F\u00e1tima em Setembro 1917"},"content":{"rendered":"<p style=\"text-align: left\"><a href=\"http:\/\/blog.cancaonova.com\/imaculadocoracaodemaria\/files\/2011\/09\/151.jpg\"><img loading=\"lazy\" decoding=\"async\" class=\"aligncenter size-medium wp-image-450\" src=\"http:\/\/blog.cancaonova.com\/imaculadocoracaodemaria\/files\/2011\/09\/151-300x201.jpg\" alt=\"\" width=\"210\" height=\"141\" \/><\/a>\u00a0<span style=\"font-size: x-small\"><span style=\"font-family: Tahoma, sans-serif\">Como das outras vezes, uma s\u00e9rie de fen\u00f4menos atmosf\u00e9ricos foram observados por milhares de pessoas, calculado entre 15 e 20 000. O s\u00fabito refrescar da atmosfera, o empalidecer do Sol at\u00e9 ao ponto de se verem as estrelas, uma esp\u00e9cie de chuva como que de p\u00e9talas irisadas ou flocos de neve que desapareciam antes de pousarem na terra. Em particular, foi notado desta vez um globo luminoso que se movia lenta e majestosamente pelo c\u00e9u, do nascente para o poente, no fim da apari\u00e7\u00e3o, em sentido contr\u00e1rio. Os videntes notaram, como de costume, o reflexo de uma luz e, a seguir, Nossa Senhora sobre a azinheira.<br \/>\n<\/span><span style=\"font-family: Tahoma, sans-serif\"><em>Nossa Senhora: &#8211;<\/em><\/span><span style=\"color: #ff950e\"><span style=\"font-family: Tahoma, sans-serif\"><em> Continuem a rezar o ter\u00e7o para alcan\u00e7arem o fim da guerra. Em Outubro, vir\u00e1 tamb\u00e9m Nosso Senhor, Nossa Senhora das Dores e do Carmo, S\u00e3o Jos\u00e9 com o Menino Jesus, para aben\u00e7oarem o Mundo. Deus est\u00e1 contente com os vossos sacrif\u00edcios, mas n\u00e3o quer que durmais com a corda. Trazei-a s\u00f3 durante o dia<\/em><\/span><\/span><span style=\"color: #ff950e\"><span style=\"font-family: Tahoma, sans-serif\"> <\/span><\/span><span style=\"font-family: Tahoma, sans-serif\">(as crian\u00e7as tinham passado a usar como cil\u00edcio uma corda grossa que n\u00e3o tiravam sequer para dormir; isso impedia-lhes muitas vezes o sono e passavam noites inteiras em branco, da\u00ed o elogio e a recomenda\u00e7\u00e3o de Nossa Senhora). L\u00facia:<\/span><span style=\"color: #ff950e\"><span style=\"font-family: Tahoma, sans-serif\"><em> &#8211; T\u00eam-me pedido para Lhe pedir muitas coisas, a cura de alguns doentes, de um surdo-mudo.<\/em><\/span><\/span><span style=\"font-family: Tahoma, sans-serif\"> <\/span><span style=\"font-family: Tahoma, sans-serif\"><em>&#8211; S<\/em><\/span><span style=\"color: #ff950e\"><span style=\"font-family: Tahoma, sans-serif\"><em>im, alguns curarei. Outros n\u00e3o. Em Outubro farei o milagre para que todos acreditem.<\/em><\/span><\/span><span style=\"color: #ff950e\"><span style=\"font-family: Tahoma, sans-serif\"> <\/span><\/span><span style=\"font-family: Tahoma, sans-serif\">&#8220;E come\u00e7ando a elevar-Se, desapareceu como de costume.&#8221;<\/span><\/span><\/p>\n","protected":false},"excerpt":{"rendered":"<p>\u00a0Como das outras vezes, uma s\u00e9rie de fen\u00f4menos atmosf\u00e9ricos foram observados por milhares de pessoas, calculado entre 15 e 20 000. O s\u00fabito refrescar da atmosfera, o empalidecer do Sol at\u00e9 ao ponto de se verem as estrelas, uma esp\u00e9cie&#8230;<\/p>\n","protected":false},"author":4549,"featured_media":0,"comment_status":"open","ping_status":"open","sticky":false,"template":"","format":"standard","meta":{"footnotes":""},"categories":[82164],"tags":[18698,22954,34459],"_links":{"self":[{"href":"https:\/\/blog.cancaonova.com\/imaculadocoracaodemaria\/wp-json\/wp\/v2\/posts\/442"}],"collection":[{"href":"https:\/\/blog.cancaonova.com\/imaculadocoracaodemaria\/wp-json\/wp\/v2\/posts"}],"about":[{"href":"https:\/\/blog.cancaonova.com\/imaculadocoracaodemaria\/wp-json\/wp\/v2\/types\/post"}],"author":[{"embeddable":true,"href":"https:\/\/blog.cancaonova.com\/imaculadocoracaodemaria\/wp-json\/wp\/v2\/users\/4549"}],"replies":[{"embeddable":true,"href":"https:\/\/blog.cancaonova.com\/imaculadocoracaodemaria\/wp-json\/wp\/v2\/comments?post=442"}],"version-history":[{"count":9,"href":"https:\/\/blog.cancaonova.com\/imaculadocoracaodemaria\/wp-json\/wp\/v2\/posts\/442\/revisions"}],"predecessor-version":[{"id":453,"href":"https:\/\/blog.cancaonova.com\/imaculadocoracaodemaria\/wp-json\/wp\/v2\/posts\/442\/revisions\/453"}],"wp:attachment":[{"href":"https:\/\/blog.cancaonova.com\/imaculadocoracaodemaria\/wp-json\/wp\/v2\/media?parent=442"}],"wp:term":[{"taxonomy":"category","embeddable":true,"href":"https:\/\/blog.cancaonova.com\/imaculadocoracaodemaria\/wp-json\/wp\/v2\/categories?post=442"},{"taxonomy":"post_tag","embeddable":true,"href":"https:\/\/blog.cancaonova.com\/imaculadocoracaodemaria\/wp-json\/wp\/v2\/tags?post=442"}],"curies":[{"name":"wp","href":"https:\/\/api.w.org\/{rel}","templated":true}]}}