{"id":534,"date":"2011-10-17T18:51:52","date_gmt":"2011-10-17T18:51:52","guid":{"rendered":"http:\/\/blog.cancaonova.com\/imaculadocoracaodemaria\/?p=534"},"modified":"2011-10-19T16:39:39","modified_gmt":"2011-10-19T16:39:39","slug":"a-misericordia-na-vida-dos-pastorinhos","status":"publish","type":"post","link":"https:\/\/blog.cancaonova.com\/imaculadocoracaodemaria\/2011\/10\/17\/a-misericordia-na-vida-dos-pastorinhos\/","title":{"rendered":"A miseric\u00f3rdia na vida dos pastorinhos"},"content":{"rendered":"<p><span style=\"font-family: Tahoma, sans-serif\"><span style=\"font-size: small\"><a href=\"http:\/\/blog.cancaonova.com\/imaculadocoracaodemaria\/files\/2011\/10\/pastores.jpg\"><img loading=\"lazy\" decoding=\"async\" class=\"size-medium wp-image-535 alignleft\" src=\"http:\/\/blog.cancaonova.com\/imaculadocoracaodemaria\/files\/2011\/10\/pastores-284x300.jpg\" alt=\"\" width=\"199\" height=\"210\" srcset=\"https:\/\/blog.cancaonova.com\/imaculadocoracaodemaria\/files\/2011\/10\/pastores-284x300.jpg 284w, https:\/\/blog.cancaonova.com\/imaculadocoracaodemaria\/files\/2011\/10\/pastores-768x811.jpg 768w, https:\/\/blog.cancaonova.com\/imaculadocoracaodemaria\/files\/2011\/10\/pastores-970x1024.jpg 970w\" sizes=\"(max-width: 199px) 100vw, 199px\" \/><\/a>Durante e ap\u00f3s as apari\u00e7\u00f5es, a vida dos pastorinhos n\u00e3o foi f\u00e1cil. Eram incomodados e atormentados de muitas formas. Nessas dif\u00edceis situa\u00e7\u00f5es, a consola\u00e7\u00e3o vem-lhe de Nossa Senhora que as acompanha com grande ternura. Ela mesma tinha dito \u00e0 L\u00facia: \u201cSofres muito? N\u00e3o desanimes. Eu nunca te deixarei. O meu Imaculado Cora\u00e7\u00e3o ser\u00e1 o teu ref\u00fagio e o caminho que te conduzir\u00e1 a Deus\u201d (<em>Mem\u00f3rias<\/em>, 162). Este amor materno, reflexo da miseric\u00f3rdia divina, constituiu o seu amparo ao longo da vida de cada um deles, especialmente nas muitas adversidades que sofreram. A L\u00facia fala das \u201cl\u00e1grimas, por vezes bem amargas\u201d, que choravam, deixando-as cair para dentro da cisterna junto da casa dos pais, onde as crian\u00e7as brincavam, se refugiavam e rezavam. Diz ela: \u201dMistur\u00e1vamos as nossas l\u00e1grimas \u00e0s suas \u00e1guas, para beb\u00ea-las depois na mesma fonte onde as derram\u00e1vamos\u201d. Em seguida pergunta-se: \u201cN\u00e3o seria essa cisterna a imagem de Maria, em cujo cora\u00e7\u00e3o enxug\u00e1vamos o nosso pranto e beb\u00edamos a mais pura consola\u00e7\u00e3o?\u201d (<em>Mem\u00f3rias<\/em>, 24). <\/span><\/span><\/p>\n<p><span style=\"font-family: Tahoma, sans-serif\"><span style=\"font-size: small\">Na verdade, Nossa Senhora tinha-os prevenido de que teriam muito que sofrer, mas a gra\u00e7a de Deus seria o seu conforto (<em>Mem\u00f3rias<\/em>, 66). Esta promessa \u00e9 tamb\u00e9m ela carregada da ternura divina para com eles. Comentava a Jacinta, dando coragem \u00e0 L\u00facia:\u201dN\u00e3o devemos ter medo de nada! Aquela Senhora ajuda-nos sempre. \u00c9 t\u00e3o nossa amiga!\u201d (<em>Mem\u00f3rias<\/em>, 34). Na pen\u00faltima apari\u00e7\u00e3o, perante os atos com que os videntes manifestavam o seu amor a Deus, a Virgem aprova-os e corrige-os, moderando algum excesso na pr\u00e1tica do sacrif\u00edcio volunt\u00e1rio, dizendo-lhes para n\u00e3o dormirem com a corda que tinha atado \u00e0 cintura (<em>Mem\u00f3rias<\/em>, 77).<\/span><\/span><\/p>\n<p><span style=\"font-family: Tahoma, sans-serif\"><span style=\"font-size: small\">Logo na segunda apari\u00e7\u00e3o, Nossa Senhora anunciou aos pastorinhos que, em breve, levaria para o c\u00e9u o Francisco e a Jacinta e que a L\u00facia ficaria c\u00e1 mais tempo (<em>Mem\u00f3rias<\/em>, 162). Com uma tal ajuda celeste, n\u00e3o admira que eles n\u00e3o tenham estranhado a doen\u00e7a, quando esta os atinge em Outubro de 1918, e a tenham encarado de uma forma admir\u00e1vel, sem deixar de sentirem a dor, a tristeza e derramarem l\u00e1grimas por causa da dureza do sofrimento. Mas a\u00ed s\u00e3o consolados pelas palavras que Maria lhes tinha dito e pelas visitas que lhes faz nessas dif\u00edceis situa\u00e7\u00f5es. Assim os prepara para os sofrimentos, ampara na doen\u00e7a e os ajuda a enfrentar serenamente a morte (cf <em>Mem\u00f3rias<\/em>, 43.45.46).<\/span><\/span><\/p>\n<p><span style=\"font-family: Tahoma, sans-serif\"><span style=\"font-size: small\">Nos seus escritos, a L\u00facia reconhece que ela e os companheiros tinham sido beneficiados com gra\u00e7as da miseric\u00f3rdia divina (cf <em>Mem\u00f3rias<\/em>, 50.59).<\/span><\/span><\/p>\n","protected":false},"excerpt":{"rendered":"<p>Durante e ap\u00f3s as apari\u00e7\u00f5es, a vida dos pastorinhos n\u00e3o foi f\u00e1cil. Eram incomodados e atormentados de muitas formas. Nessas dif\u00edceis situa\u00e7\u00f5es, a consola\u00e7\u00e3o vem-lhe de Nossa Senhora que as acompanha com grande ternura. Ela mesma tinha dito \u00e0 L\u00facia:&#8230;<\/p>\n","protected":false},"author":4549,"featured_media":0,"comment_status":"open","ping_status":"open","sticky":false,"template":"","format":"standard","meta":{"footnotes":""},"categories":[82298,18672],"tags":[18814,23114,82295,16686,18681,18698,17274],"_links":{"self":[{"href":"https:\/\/blog.cancaonova.com\/imaculadocoracaodemaria\/wp-json\/wp\/v2\/posts\/534"}],"collection":[{"href":"https:\/\/blog.cancaonova.com\/imaculadocoracaodemaria\/wp-json\/wp\/v2\/posts"}],"about":[{"href":"https:\/\/blog.cancaonova.com\/imaculadocoracaodemaria\/wp-json\/wp\/v2\/types\/post"}],"author":[{"embeddable":true,"href":"https:\/\/blog.cancaonova.com\/imaculadocoracaodemaria\/wp-json\/wp\/v2\/users\/4549"}],"replies":[{"embeddable":true,"href":"https:\/\/blog.cancaonova.com\/imaculadocoracaodemaria\/wp-json\/wp\/v2\/comments?post=534"}],"version-history":[{"count":4,"href":"https:\/\/blog.cancaonova.com\/imaculadocoracaodemaria\/wp-json\/wp\/v2\/posts\/534\/revisions"}],"predecessor-version":[{"id":546,"href":"https:\/\/blog.cancaonova.com\/imaculadocoracaodemaria\/wp-json\/wp\/v2\/posts\/534\/revisions\/546"}],"wp:attachment":[{"href":"https:\/\/blog.cancaonova.com\/imaculadocoracaodemaria\/wp-json\/wp\/v2\/media?parent=534"}],"wp:term":[{"taxonomy":"category","embeddable":true,"href":"https:\/\/blog.cancaonova.com\/imaculadocoracaodemaria\/wp-json\/wp\/v2\/categories?post=534"},{"taxonomy":"post_tag","embeddable":true,"href":"https:\/\/blog.cancaonova.com\/imaculadocoracaodemaria\/wp-json\/wp\/v2\/tags?post=534"}],"curies":[{"name":"wp","href":"https:\/\/api.w.org\/{rel}","templated":true}]}}