{"id":84,"date":"2011-07-25T11:56:36","date_gmt":"2011-07-25T11:56:36","guid":{"rendered":"http:\/\/blog.cancaonova.com\/imaculadocoracaodemaria\/?p=84"},"modified":"2011-07-27T17:09:06","modified_gmt":"2011-07-27T17:09:06","slug":"o-coracao-de-maria-e-o-coracao-da-nova-geracao","status":"publish","type":"post","link":"https:\/\/blog.cancaonova.com\/imaculadocoracaodemaria\/2011\/07\/25\/o-coracao-de-maria-e-o-coracao-da-nova-geracao\/","title":{"rendered":"Jesus pede a devo\u00e7\u00e3o ao Imaculado Cora\u00e7\u00e3o"},"content":{"rendered":"<p>\u00a0<\/p>\n<p><span style=\"font-family: Tahoma, sans-serif\"><span style=\"font-size: small\"><a href=\"http:\/\/blog.cancaonova.com\/imaculadocoracaodemaria\/files\/2011\/07\/Imaculado-Cora\u00e7\u00e3o-0062.jpg\"><img loading=\"lazy\" decoding=\"async\" class=\"alignleft size-thumbnail wp-image-91\" src=\"http:\/\/blog.cancaonova.com\/imaculadocoracaodemaria\/files\/2011\/07\/Imaculado-Cora\u00e7\u00e3o-0062-150x150.jpg\" alt=\"\" width=\"150\" height=\"150\" \/><\/a>Na Apari\u00e7\u00e3o em F\u00e1tima a 13 de Junho de 1917, Ir. L\u00facia revela-nos em seus escritos que Jesus vem pedir a Devo\u00e7\u00e3o ao Cora\u00e7\u00e3o de Maria.<\/span><\/span><\/p>\n<p><span style=\"color: #ff950e\"><span style=\"font-family: Tahoma, sans-serif\"><span style=\"font-size: small\"><em>\u00ab\u2026tu ficas mais um tempo. Jesus quer servir-Se de ti para Me fazer conhecer e amar. Ele quer estabelecer no mundo a devo\u00e7\u00e3o a Meu Imaculado Cora\u00e7\u00e3o. A quem a (devo\u00e7\u00e3o ao Cora\u00e7\u00e3o Imaculado de Maria) aceita, prometer-lhe-ei a salva\u00e7\u00e3o e estas almas ser\u00e3o amadas de Deus, como flores colocadas por Mim para enfeitar o Seu Trono\u00bb \u2026 (Memorias de Ir L\u00facoa pag 175)<\/em><\/span><\/span><\/span><\/p>\n<p><span style=\"font-family: Tahoma, sans-serif\"><span style=\"font-size: small\">\u00c9 o desejo de Jesus estabelecer no mundo a devo\u00e7\u00e3o ao Imaculado Cora\u00e7\u00e3o de Maria.<\/span><\/span><\/p>\n","protected":false},"excerpt":{"rendered":"<p>\u00a0 Na Apari\u00e7\u00e3o em F\u00e1tima a 13 de Junho de 1917, Ir. L\u00facia revela-nos em seus escritos que Jesus vem pedir a Devo\u00e7\u00e3o ao Cora\u00e7\u00e3o de Maria. \u00ab\u2026tu ficas mais um tempo. Jesus quer servir-Se de ti para Me fazer&#8230;<\/p>\n","protected":false},"author":4549,"featured_media":0,"comment_status":"open","ping_status":"open","sticky":false,"template":"","format":"standard","meta":{"footnotes":""},"categories":[8636],"tags":[18814,8631,221,82178],"_links":{"self":[{"href":"https:\/\/blog.cancaonova.com\/imaculadocoracaodemaria\/wp-json\/wp\/v2\/posts\/84"}],"collection":[{"href":"https:\/\/blog.cancaonova.com\/imaculadocoracaodemaria\/wp-json\/wp\/v2\/posts"}],"about":[{"href":"https:\/\/blog.cancaonova.com\/imaculadocoracaodemaria\/wp-json\/wp\/v2\/types\/post"}],"author":[{"embeddable":true,"href":"https:\/\/blog.cancaonova.com\/imaculadocoracaodemaria\/wp-json\/wp\/v2\/users\/4549"}],"replies":[{"embeddable":true,"href":"https:\/\/blog.cancaonova.com\/imaculadocoracaodemaria\/wp-json\/wp\/v2\/comments?post=84"}],"version-history":[{"count":12,"href":"https:\/\/blog.cancaonova.com\/imaculadocoracaodemaria\/wp-json\/wp\/v2\/posts\/84\/revisions"}],"predecessor-version":[{"id":132,"href":"https:\/\/blog.cancaonova.com\/imaculadocoracaodemaria\/wp-json\/wp\/v2\/posts\/84\/revisions\/132"}],"wp:attachment":[{"href":"https:\/\/blog.cancaonova.com\/imaculadocoracaodemaria\/wp-json\/wp\/v2\/media?parent=84"}],"wp:term":[{"taxonomy":"category","embeddable":true,"href":"https:\/\/blog.cancaonova.com\/imaculadocoracaodemaria\/wp-json\/wp\/v2\/categories?post=84"},{"taxonomy":"post_tag","embeddable":true,"href":"https:\/\/blog.cancaonova.com\/imaculadocoracaodemaria\/wp-json\/wp\/v2\/tags?post=84"}],"curies":[{"name":"wp","href":"https:\/\/api.w.org\/{rel}","templated":true}]}}