{"id":898,"date":"2012-07-10T18:37:25","date_gmt":"2012-07-10T18:37:25","guid":{"rendered":"http:\/\/blog.cancaonova.com\/imaculadocoracaodemaria\/?p=898"},"modified":"2012-07-10T18:38:11","modified_gmt":"2012-07-10T18:38:11","slug":"as-aparicoes-em-fatima-13-de-julho-de-1917","status":"publish","type":"post","link":"https:\/\/blog.cancaonova.com\/imaculadocoracaodemaria\/2012\/07\/10\/as-aparicoes-em-fatima-13-de-julho-de-1917\/","title":{"rendered":"As Apari\u00e7\u00f5es em F\u00e1tima - 13 de Julho de 1917"},"content":{"rendered":"<p><span style=\"font-family: Trebuchet MS, sans-serif\"><span style=\"font-size: small\">Dia 13 de Julho de 1917 \u2013 Momentos depois de termos chegado \u00e0 Cova de Iria, junto da carrasqueira, entre numerosa multid\u00e3o de povo, estando a rezar o ter\u00e7o, vimos o reflexo da costumada luz e, em seguida, Nossa Senhora sobre a carrasqueira. <\/span><\/span><\/p>\n<p>\u2013 <span style=\"font-family: Trebuchet MS, sans-serif\"><span style=\"font-size: small\">Vossemec\u00ea que me quer? \u2013 perguntei. <\/span><\/span><\/p>\n<p>\u2013 <span style=\"font-family: Trebuchet MS, sans-serif\"><span style=\"font-size: small\">Quero que venham aqui no dia 13 do m\u00eas que vem, que continuem a rezar o ter\u00e7o todos os dias, em honra de Nossa Senhora do Ros\u00e1rio, para obter a paz do mundo e o fim da guerra, porque s\u00f3 Ela lhes poder\u00e1 valer. <\/span><\/span><\/p>\n<p>\u2013 <span style=\"font-family: Trebuchet MS, sans-serif\"><span style=\"font-size: small\">Queria pedir-Lhe para nos dizer Quem \u00e9, para fazer um milagre com que todos acreditem que Vossemec\u00ea nos aparece. <\/span><\/span><\/p>\n<p>\u2013 <span style=\"font-family: Trebuchet MS, sans-serif\"><span style=\"font-size: small\">Continuem a vir aqui todos os meses. Em Outubro direi Quem sou, o que quero e farei um milagre que todos h\u00e3o-de ver, para acreditar. <\/span><\/span><\/p>\n<p><span style=\"font-family: Trebuchet MS, sans-serif\"><span style=\"font-size: small\">Aqui, fiz alguns pedidos que n\u00e3o recordo bem quais foram. O que me lembro \u00e9 que Nossa Senhora disse que era preciso rezarem o ter\u00e7o para alcan\u00e7arem as gra\u00e7as durante o ano. E continuou: <\/span><\/span><\/p>\n<p>\u2013 <span style=\"font-family: Trebuchet MS, sans-serif\"><span style=\"font-size: small\">Sacrificai-vos pelos pecadores e dizei muitas vezes, em especial sempre que fizerdes algum sacrif\u00edcio: \u00d3 Jesus, \u00e9 por Vosso amor, pela convers\u00e3o dos pecadores e em repara\u00e7\u00e3o pelos pecados cometidos contra o Imaculado Cora\u00e7\u00e3o de Maria. <\/span><\/span><\/p>\n<p><span style=\"font-family: Trebuchet MS, sans-serif\"><span style=\"font-size: small\">Ao dizer estas \u00faltimas palavras, abriu de novo as m\u00e3os, como nos dois meses passados. <\/span><\/span><\/p>\n<p><span style=\"font-family: Trebuchet MS, sans-serif\"><span style=\"font-size: small\">O reflexo pareceu penetrar a terra e vimos como que um mar de fogo. Mergulhados em esse fogo, os dem\u00f4nios e as almas, como se fossem brasas transparentes e negras ou bronzeadas, com forma humana, que flutuavam no inc\u00eandio, levadas pelas chamas que delas mesmas sa\u00edam juntamente com nuvens de fumo, caindo para todos os lados, semelhante ao cair das fa\u00falhas em os grandes (inc\u00eandios), sem peso nem equil\u00edbrio, entre gritos e gemidos de dor e desespero que horrorizava e fazia estremecer de pavor (deveu ser ao deparar-me com esta vista que dei esse ai! que dizem ter-me ouvido). Os dem\u00f4nios distinguiam-se por formas horr\u00edveis e asquerosas de animais espantosos e desconhecidos, mas transparentes como negros carv\u00f5es em brasa. Assustados e como que a pedir socorro, levantamos a vista para Nossa Senhora que nos disse, com bondade e tristeza: <\/span><\/span><\/p>\n<p>\u2013 <span style=\"font-family: Trebuchet MS, sans-serif\"><span style=\"font-size: small\">Vistes o inferno, para onde v\u00e3o as almas dos pobres pecadores; para as salvar, Deus quer estabelecer no mundo a devo\u00e7\u00e3o a Meu Imaculado Cora\u00e7\u00e3o. Se fizerem o que Eu vos disser, salvar-se-\u00e3o muitas almas e ter\u00e3o paz. A guerra vai acabar. Mas, se n\u00e3o deixarem de ofender a Deus, no reinado de Pio Xl come\u00e7ar\u00e1 outra pior. Quando virdes uma noite alumiada por uma luz desconhecida, sabei que \u00e9 o grande sinal que Deus vos d\u00e1 de que vai a punir o mundo de seus crimes, por meio da guerra, da fome e de persegui\u00e7\u00f5es \u00e0 Igreja e ao Santo Padre. <\/span><\/span><\/p>\n<p><span style=\"font-family: Trebuchet MS, sans-serif\"><span style=\"font-size: small\">Para a impedir, virei pedir a consagra\u00e7\u00e3o da R\u00fassia a Meu Imaculado Cora\u00e7\u00e3o e a Comunh\u00e3o reparadora nos primeiros s\u00e1bados. Se atenderem a Meus pedidos, a R\u00fassia se converter\u00e1 e ter\u00e3o paz; se n\u00e3o, espalhar\u00e1 seus erros pelo mundo, promovendo guerras e persegui\u00e7\u00f5es \u00e0 Igreja. Os bons ser\u00e3o martirizados, o Santo Padre ter\u00e1 muito que sofrer, v\u00e1rias na\u00e7\u00f5es ser\u00e3o aniquiladas. Por fim, o Meu Imaculado Cora\u00e7\u00e3o triunfar\u00e1. O Santo Padre consagrar-Me-\u00e1 a R\u00fassia que se converter\u00e1 e ser\u00e1 concedido ao mundo algum tempo de paz (18). Em Portugal se conservar\u00e1 sempre o dogma da F\u00e9, etc. Isto n\u00e3o o digais a ningu\u00e9m. Ao Francisco, sim, podeis diz\u00ea-lo. <\/span><\/span><\/p>\n<p><span style=\"font-family: Trebuchet MS, sans-serif\"><span style=\"font-size: small\">Quando rezais o ter\u00e7o, dizei, depois de cada mist\u00e9rio: \u00d3 meu Jesus, perdoai-nos, livrai-nos do fogo do inferno; levai as alminhas todas para o C\u00e9u, principalmente aquelas que mais precisarem. <\/span><\/span><\/p>\n<p><span style=\"font-family: Trebuchet MS, sans-serif\"><span style=\"font-size: small\">Seguiu-se um instante de sil\u00eancio e perguntei: <\/span><\/span><\/p>\n<p>\u2013 <span style=\"font-family: Trebuchet MS, sans-serif\"><span style=\"font-size: small\">Vossemec\u00ea n\u00e3o me quer mais nada? <\/span><\/span><\/p>\n<p>\u2013 <span style=\"font-family: Trebuchet MS, sans-serif\"><span style=\"font-size: small\">N\u00e3o. Hoje n\u00e3o te quero mais nada. <\/span><\/span><\/p>\n<p><span style=\"font-family: Trebuchet MS, sans-serif\"><span style=\"font-size: small\">E, como de costume, come\u00e7ou a elevar-se em dire\u00e7\u00e3o ao nascente at\u00e9 desaparecer na imensa dist\u00e2ncia do firmamento. <\/span><\/span><\/p>\n","protected":false},"excerpt":{"rendered":"<p>Dia 13 de Julho de 1917 \u2013 Momentos depois de termos chegado \u00e0 Cova de Iria, junto da carrasqueira, entre numerosa multid\u00e3o de povo, estando a rezar o ter\u00e7o, vimos o reflexo da costumada luz e, em seguida, Nossa Senhora&#8230;<\/p>\n","protected":false},"author":4549,"featured_media":0,"comment_status":"open","ping_status":"open","sticky":false,"template":"","format":"standard","meta":{"footnotes":""},"categories":[82164],"tags":[18814,14581,82331],"_links":{"self":[{"href":"https:\/\/blog.cancaonova.com\/imaculadocoracaodemaria\/wp-json\/wp\/v2\/posts\/898"}],"collection":[{"href":"https:\/\/blog.cancaonova.com\/imaculadocoracaodemaria\/wp-json\/wp\/v2\/posts"}],"about":[{"href":"https:\/\/blog.cancaonova.com\/imaculadocoracaodemaria\/wp-json\/wp\/v2\/types\/post"}],"author":[{"embeddable":true,"href":"https:\/\/blog.cancaonova.com\/imaculadocoracaodemaria\/wp-json\/wp\/v2\/users\/4549"}],"replies":[{"embeddable":true,"href":"https:\/\/blog.cancaonova.com\/imaculadocoracaodemaria\/wp-json\/wp\/v2\/comments?post=898"}],"version-history":[{"count":3,"href":"https:\/\/blog.cancaonova.com\/imaculadocoracaodemaria\/wp-json\/wp\/v2\/posts\/898\/revisions"}],"predecessor-version":[{"id":901,"href":"https:\/\/blog.cancaonova.com\/imaculadocoracaodemaria\/wp-json\/wp\/v2\/posts\/898\/revisions\/901"}],"wp:attachment":[{"href":"https:\/\/blog.cancaonova.com\/imaculadocoracaodemaria\/wp-json\/wp\/v2\/media?parent=898"}],"wp:term":[{"taxonomy":"category","embeddable":true,"href":"https:\/\/blog.cancaonova.com\/imaculadocoracaodemaria\/wp-json\/wp\/v2\/categories?post=898"},{"taxonomy":"post_tag","embeddable":true,"href":"https:\/\/blog.cancaonova.com\/imaculadocoracaodemaria\/wp-json\/wp\/v2\/tags?post=898"}],"curies":[{"name":"wp","href":"https:\/\/api.w.org\/{rel}","templated":true}]}}