{"id":9,"date":"2011-07-19T18:12:51","date_gmt":"2011-07-19T18:12:51","guid":{"rendered":"http:\/\/blog.cancaonova.com\/imaculadocoracaodemaria\/?p=9"},"modified":"2011-07-29T12:16:23","modified_gmt":"2011-07-29T12:16:23","slug":"i-parte-nossa-historia-no-coracao-de-maria","status":"publish","type":"post","link":"https:\/\/blog.cancaonova.com\/imaculadocoracaodemaria\/2011\/07\/19\/i-parte-nossa-historia-no-coracao-de-maria\/","title":{"rendered":"I Parte \u2013 Nossa Hist\u00f3ria no Cora\u00e7\u00e3o de Maria"},"content":{"rendered":"<p><a href=\"http:\/\/blog.cancaonova.com\/imaculadocoracaodemaria\/files\/2011\/07\/13.jpg\"><img loading=\"lazy\" decoding=\"async\" class=\"alignleft size-medium wp-image-12\" src=\"http:\/\/blog.cancaonova.com\/imaculadocoracaodemaria\/files\/2011\/07\/13-300x201.jpg\" alt=\"\" width=\"300\" height=\"201\" \/><\/a><\/p>\n<p style=\"text-align: center\"><em><strong><span style=\"color: #ff6600\"><span style=\"color: #ff9900\">Em toda a nossa hist\u00f3ria Maria marca a sua presen\u00e7a com amor maternal nos conduzindo ao seu Filho <span style=\"color: #ff9900\">Jes<\/span><\/span><span style=\"color: #ff9900\">us..<\/span>.<\/span><\/strong><\/em><\/p>\n<p>Desde crian\u00e7a, em V\u00e1rzea Grande &#8211; MT, aos 7 anos ouvia a hist\u00f3ria das pari\u00e7\u00f5es de F\u00e1tima e j\u00e1 me impressionava o fato de uma das videntes estar viva, era a L\u00facia, a mais velha das pastorinhas de F\u00e1tima. Todas as noites antes de dormir eu rezava aves marias e cantava a can\u00e7\u00e3o: <em>m\u00e3ezinha do c\u00e9u eu n\u00e3o sei rezar..<\/em>. Na minha inoc\u00eancia de crian\u00e7a n\u00e3o percebia e nem tinha a no\u00e7\u00e3o do apre\u00e7o que Nossa Senhora tinha por mim.<\/p>\n<p>Gilberto,meu esposo, \u00a0criado no seio duma fam\u00edlia crist\u00e3 foi aprendendo desde crian\u00e7a a amar Maria. \u00a0Sua m\u00e3e Luiza Marilac, \u00a0logo ao nascer o consagrou a Nossa Senhora. Diante da fase dif\u00edcil que seu filho passava, na juventude, atra\u00eddo pelos apelos do mundo, o entregou mais uma vez nas m\u00e3os de Maria para que dele cuidasse.<\/p>\n<p>Minha m\u00e3e, Cecilia, sempre nos instruiu \u00a0na f\u00e9 e nos inseriu na comunidade paroquial para termos uma vida ativa buscando os sacramentos, foi a mais importante heran\u00e7a que nos deixou. A partir da vida na Igreja \u00e9 que descobri minha voca\u00e7\u00e3o a Comunidade Can\u00e7\u00e3o Nova e, ao me ingressar nela, em 1999, minha m\u00e3e veio a falecer no mesmo ano, ent\u00e3o, foi o momento forte do meu encontro com Maria, pude sentir: <em>Maria \u00e9 minha m\u00e3e!<\/em><\/p>\n<p>Gilberto, em Vit\u00f3ria &#8211; ES, nesse mesmo tempo fazia seu discernimento vocacional a CN.<\/p>\n<p>No ano 2000 Deus me levou a fazer a Consagra\u00e7\u00e3o como escrava de Maria, na Festa de Nossa Senhora de F\u00e1tima a 13 de Maio, na casa de miss\u00e3o da Can\u00e7\u00e3o Nova em Queluz. Ap\u00f3s anos ao recordar esse dia, lembro-me que a Imagem que passou em nossas m\u00e3os no ato de Consagra\u00e7\u00e3o foi a imagem do Imaculado Cora\u00e7\u00e3o de Maria que at\u00e9 hoje se encontra na Capela de Queluz.<\/p>\n<p>No mesmo ano Gilberto ingressou na Can\u00e7\u00e3o Nova, e eu em novembro fui transferida junto com Marcelo Pereira para Roma. O voo passava em Portugal, e os irm\u00e3os ao nos buscar nos levaram, direto ao Santu\u00e1rio de F\u00e1tima, mas eu n\u00e3o compreendia o sentido de estar ali, hoje entendo que o meu cora\u00e7\u00e3o estava cheio de muitos sentimentos, (primeira viagem de avi\u00e3o, ir embora para o exterior, deixar minha fam\u00edlia, n\u00e3o falar italiano&#8230;) enfim, o meu cora\u00e7\u00e3o estava envolvido das muitas situa\u00e7\u00f5es externas que estar no Altar do mundo passou desapercebido.<\/p>\n<p>Em Maio de 2001 fui transferida para ajudar a abrir a miss\u00e3o Can\u00e7\u00e3o Nova em Portalegre, Portugal, mas desta vez ao chegar em F\u00e1tima, ouvi a voz interior em meu cora\u00e7\u00e3o dizer:<br \/>\n&#8216;<em> Voc\u00ea vir\u00e1 morar em F\u00e1tima, pois o meu filho me incumbiu de realizar em voc\u00ea o que ainda precisa ser realizado em sua alma&#8217;.<\/em><br \/>\nJesus quis usar da virgem para atingir a minha alma, era por meio dela que tudo se daria, pois seu amor maternal \u00e9 capaz de conduzir nos ao seu Filho Jesus, o caminho, a verdade e a vida. Depois de uma semana em Leiria fui pra minha miss\u00e3o em Portalegre.<\/p>\n<p>Gilberto em Janeiro de 2002 foi transferido para a miss\u00e3o de Leiria, Portugal e a sua m\u00e3e mais uma vez o entregou aos cuidados de Maria. Ali pr\u00f3ximo ao Santu\u00e1rio de F\u00e1tima ele come\u00e7ou a desenvolver a sua miss\u00e3o junto a TVCN gravando sobre a Espiritualidade de F\u00e1tima, e se interessou pela hist\u00f3ria das apari\u00e7\u00f5es, e logo se p\u00f4s a ler o livro: As mem\u00f3ria de Ir. L\u00facia.<\/p>\n<p>Em 2002 abriu uma casa da Can\u00e7\u00e3o Nova em F\u00e1tima, e os mission\u00e1rios se mudaram para l\u00e1.<\/p>\n<p>Em 20 de Fevereiro de 2003, dia dos beatos Jacinta e Francisco, fui transferida para F\u00e1tima, cumprindo ent\u00e3o a profecia de Nossa Senhora que eu iria morar em F\u00e1tima.<\/p>\n","protected":false},"excerpt":{"rendered":"<p>Em toda a nossa hist\u00f3ria Maria marca a sua presen\u00e7a com amor maternal nos conduzindo ao seu Filho Jesus&#8230; Desde crian\u00e7a, em V\u00e1rzea Grande &#8211; MT, aos 7 anos ouvia a hist\u00f3ria das pari\u00e7\u00f5es de F\u00e1tima e j\u00e1 me impressionava&#8230;<\/p>\n","protected":false},"author":4549,"featured_media":0,"comment_status":"open","ping_status":"open","sticky":false,"template":"","format":"standard","meta":{"footnotes":""},"categories":[8634],"tags":[6351,15736,40,16466,82220,17101,22954,5051,16908,16665],"_links":{"self":[{"href":"https:\/\/blog.cancaonova.com\/imaculadocoracaodemaria\/wp-json\/wp\/v2\/posts\/9"}],"collection":[{"href":"https:\/\/blog.cancaonova.com\/imaculadocoracaodemaria\/wp-json\/wp\/v2\/posts"}],"about":[{"href":"https:\/\/blog.cancaonova.com\/imaculadocoracaodemaria\/wp-json\/wp\/v2\/types\/post"}],"author":[{"embeddable":true,"href":"https:\/\/blog.cancaonova.com\/imaculadocoracaodemaria\/wp-json\/wp\/v2\/users\/4549"}],"replies":[{"embeddable":true,"href":"https:\/\/blog.cancaonova.com\/imaculadocoracaodemaria\/wp-json\/wp\/v2\/comments?post=9"}],"version-history":[{"count":9,"href":"https:\/\/blog.cancaonova.com\/imaculadocoracaodemaria\/wp-json\/wp\/v2\/posts\/9\/revisions"}],"predecessor-version":[{"id":197,"href":"https:\/\/blog.cancaonova.com\/imaculadocoracaodemaria\/wp-json\/wp\/v2\/posts\/9\/revisions\/197"}],"wp:attachment":[{"href":"https:\/\/blog.cancaonova.com\/imaculadocoracaodemaria\/wp-json\/wp\/v2\/media?parent=9"}],"wp:term":[{"taxonomy":"category","embeddable":true,"href":"https:\/\/blog.cancaonova.com\/imaculadocoracaodemaria\/wp-json\/wp\/v2\/categories?post=9"},{"taxonomy":"post_tag","embeddable":true,"href":"https:\/\/blog.cancaonova.com\/imaculadocoracaodemaria\/wp-json\/wp\/v2\/tags?post=9"}],"curies":[{"name":"wp","href":"https:\/\/api.w.org\/{rel}","templated":true}]}}