{"id":1976,"date":"2011-09-03T09:25:00","date_gmt":"2011-09-03T12:25:00","guid":{"rendered":"http:\/\/blog.cancaonova.com\/lavrinhas\/?p=1976"},"modified":"2011-09-03T10:34:31","modified_gmt":"2011-09-03T13:34:31","slug":"maranatha-2011-construir-o-homem-novo","status":"publish","type":"post","link":"https:\/\/blog.cancaonova.com\/lavrinhas\/maranatha-2011-construir-o-homem-novo\/","title":{"rendered":"Maranath\u00e1 2011 - Construir o homem e o mundo."},"content":{"rendered":"<p>\u266b Ou\u00e7a a Prega\u00e7\u00e3o:<br \/>\n<object id=\"PodPlayerCN\" classid=\"d27cdb6e-ae6d-11cf-96b8-444553540000\" width=\"303\" height=\"54\"><param name=\"flashVars\" value=\"podcast=3855\" \/><param name=\"allowScriptAccess\" value=\"always\" \/><param name=\"src\" value=\"http:\/\/podcast.cancaonova.com\/cn_player.swf?2551\" \/><param name=\"name\" value=\"PodPlayerCN\" \/><param name=\"flashvars\" value=\"podcast=3855\" \/><embed id=\"PodPlayerCN\" type=\"application\/x-shockwave-flash\" width=\"303\" height=\"54\" src=\"http:\/\/podcast.cancaonova.com\/cn_player.swf?2551\" name=\"PodPlayerCN\" allowscriptaccess=\"always\" flashvars=\"podcast=3855\"><\/embed><\/object><\/p>\n<p><a href=\"http:\/\/goo.gl\/eRIRN\" target=\"_blank\"><strong>Se preferir, baixe em MP3<\/strong><\/a><\/p>\n<div id=\"attachment_1985\" style=\"width: 207px\" class=\"wp-caption alignright\"><a href=\"http:\/\/blog.cancaonova.com\/lavrinhas\/files\/2011\/09\/P9020066.jpg\"><img loading=\"lazy\" decoding=\"async\" aria-describedby=\"caption-attachment-1985\" class=\"size-medium wp-image-1985 \" style=\"margin: 5px\" src=\"http:\/\/blog.cancaonova.com\/lavrinhas\/files\/2011\/09\/P9020066-197x300.jpg\" alt=\"\" width=\"197\" height=\"300\" \/><\/a><p id=\"caption-attachment-1985\" class=\"wp-caption-text\">&quot;Mesmo em meio as dificuldades da vida, saiba: voc\u00ea nasceu para dar certo!&quot; afirma Davis<\/p><\/div>\n<p>\u00c9 bom demais ser jovem, melhor ainda, se formos jovens de Deus, pois Ele nos criou para sermos felizes. Ele j\u00e1 nos fez vitoriosos desde a nossa concep\u00e7\u00e3o. Quando Deus nos criou, Ele nos criou para darmos certo, mas o inimigo de Deus, o diabo, atrav\u00e9s do pecado, nos desviou desse caminho.<\/p>\n<p>Deus est\u00e1 conosco a todo momento e nos ama com Amor Eterno. No entanto, muitas vezes, quando nos deparamos com o sofrimento, nossa primeira atitude \u00e9 atribuir toda culpa a Deus pelo que nos acontece, sendo que Ele n\u00e3o tem culpa nenhuma disso, afinal, Deus nos criou para sermos felizes.<\/p>\n<p>A verdade \u00e9 que n\u00f3s mesmos atra\u00edmos os problemas por conta dos pecados que decidimos e escolhemos viver. Como S\u00e3o Paulo diz em sua Carta aos Romanos, Cap\u00edtulo 6, Vers\u00edculo 23: <em>\u201cPorque o sal\u00e1rio do pecado \u00e9 a morte, enquanto o dom de Deus \u00e9 a vida eterna em Cristo Jesus, nosso Senhor.\u201d<\/em>, Tudo o que sofremos \u00e9 consequ\u00eancia do mal que fazemos, de acordo com a liberdade que Deus nos deu.\u00a0 Por isso, Deus n\u00e3o tem culpa nenhuma do nosso sofrimento.<\/p>\n<p>Irm\u00e3os, o pecado \u00e9 oferecido a n\u00f3s pelo diabo, pois com isso, ele nos separa de Deus, e dos seus planos para n\u00f3s. Essa \u00e9 a realidade, o dem\u00f4nio come\u00e7ou a destruir a mais bela obra de Deus, que somos n\u00f3s, pelo pecado. Satan\u00e1s tem como objetivo maior, nos destruir por inteiros.<\/p>\n<p>Se prestarmos bem aten\u00e7\u00e3o, muitos jovens hoje perdem a vida por conta das suas escolhas mal feitas, escolhas estas que os levam ao mundo das drogas, da criminalidade, da prostitui\u00e7\u00e3o, e por fim, muitas vezes, a morte. N\u00e3o podemos culpar a Deus por nossas escolhas, afinal, somos os respons\u00e1veis por suas consequ\u00eancias. Deus nos deu al\u00e9m da liberdade, intelig\u00eancia para escolhermos bem.<\/p>\n<p><strong>&#8220;\u00c9 poss\u00edvel encontrar a Deus se de fato formos ao seu encontro, e nos voltarmos a Ele.&#8221; <\/strong><\/p>\n<p>Deus nos deu a gra\u00e7a de viver a vida, e quem escolhe o que fazer com ela somos n\u00f3s mesmos. N\u00e3o tem outra realidade a n\u00e3o ser essa. Se escolhermos a morte receberemos a morte, mas se escolhermos a vida, Deus nos dar\u00e1 a vida.<\/p>\n<p>Deus nos deu a capacidade de vencer o maligno: <em>\u201cJovens, eu vos escrevi, porque sois fortes e a palavra de Deus permanece em v\u00f3s, e vencestes o Maligno.\u201d<\/em>(I Jo\u00e3o 2, 14b). Ele nos fez fortes, e temos sim a capacidade de dar um novo rumo em nossa vida se confiarmos em n&#8217;Ele. Depende de n\u00f3s escolhermos a Luz ou as trevas.\u00a0 Precisamos fazer valer a pena a nossa vida.<br \/>\nAproveitemos essa oportunidade que Deus nos d\u00e1 de mudar de vida e vencer o que nos prende ao pecado. Deus \u00e9 o \u00fanico que pode nos fazer felizes.<\/p>\n<p><strong>Davis Anzolin Lichote <\/strong><br \/>\nPr\u00e9-Disc\u00edpulo \u2013 Comunidade Can\u00e7\u00e3o Nova<br \/>\n02\/09\/2011 &#8211; 22:00<\/p>\n<p><span style=\"font-size: x-small\">Fotos: Cineide Maria de Farias<br \/>\nTranscri\u00e7\u00e3o e adapta\u00e7\u00e3o: Ricardo B. Neves<br \/>\nRevis\u00e3o: Cleber dos Santos Rodrigues<\/span><\/p>\n<hr \/>\n<p>Mais informa\u00e7\u00f5es sobre o Maranath\u00e1 2011:<\/p>\n<ul>\n<li><a href=\"http:\/\/goo.gl\/bQIlF\" target=\"_blank\">Veja fotos no Flickr<\/a><\/li>\n<li><a href=\"http:\/\/blog.cancaonova.com\/lavrinhas\/maranatha2011\/\" target=\"_self\">Confira outras prega\u00e7\u00f5es<\/a><\/li>\n<li><a href=\"http:\/\/gentedefe.com\/\" target=\"_blank\">Gente de f\u00e9, a sua comunidade crist\u00e3 de relacionamento<\/a><\/li>\n<li><a href=\"http:\/\/www.twitter.com\/cnlavrinhas\" target=\"_blank\">Siga-nos no Twitter<\/a><\/li>\n<\/ul>\n<p><span style=\"color: #ffcc00\"><strong>Escreva seu testemunho abaixo!<\/strong><\/span><\/p>\n","protected":false},"excerpt":{"rendered":"<p>\u266b Ou\u00e7a a Prega\u00e7\u00e3o: Se preferir, baixe em MP3 \u00c9 bom demais ser jovem, melhor ainda, se formos jovens de Deus, pois Ele nos criou para sermos felizes. Ele j\u00e1 nos fez vitoriosos desde a nossa concep\u00e7\u00e3o. Quando Deus nos&#8230;<\/p>\n","protected":false},"author":3291,"featured_media":0,"comment_status":"open","ping_status":"open","sticky":false,"template":"","format":"standard","meta":{"_mi_skip_tracking":false,"_monsterinsights_sitenote_active":false,"_monsterinsights_sitenote_note":"","_monsterinsights_sitenote_category":0,"footnotes":""},"categories":[5811,38899],"tags":[17892,6351,11031,26294,38900,38902],"_links":{"self":[{"href":"https:\/\/blog.cancaonova.com\/lavrinhas\/wp-json\/wp\/v2\/posts\/1976"}],"collection":[{"href":"https:\/\/blog.cancaonova.com\/lavrinhas\/wp-json\/wp\/v2\/posts"}],"about":[{"href":"https:\/\/blog.cancaonova.com\/lavrinhas\/wp-json\/wp\/v2\/types\/post"}],"author":[{"embeddable":true,"href":"https:\/\/blog.cancaonova.com\/lavrinhas\/wp-json\/wp\/v2\/users\/3291"}],"replies":[{"embeddable":true,"href":"https:\/\/blog.cancaonova.com\/lavrinhas\/wp-json\/wp\/v2\/comments?post=1976"}],"version-history":[{"count":12,"href":"https:\/\/blog.cancaonova.com\/lavrinhas\/wp-json\/wp\/v2\/posts\/1976\/revisions"}],"predecessor-version":[{"id":1987,"href":"https:\/\/blog.cancaonova.com\/lavrinhas\/wp-json\/wp\/v2\/posts\/1976\/revisions\/1987"}],"wp:attachment":[{"href":"https:\/\/blog.cancaonova.com\/lavrinhas\/wp-json\/wp\/v2\/media?parent=1976"}],"wp:term":[{"taxonomy":"category","embeddable":true,"href":"https:\/\/blog.cancaonova.com\/lavrinhas\/wp-json\/wp\/v2\/categories?post=1976"},{"taxonomy":"post_tag","embeddable":true,"href":"https:\/\/blog.cancaonova.com\/lavrinhas\/wp-json\/wp\/v2\/tags?post=1976"}],"curies":[{"name":"wp","href":"https:\/\/api.w.org\/{rel}","templated":true}]}}