{"id":2177,"date":"2012-02-22T16:06:00","date_gmt":"2012-02-22T19:06:00","guid":{"rendered":"http:\/\/blog.cancaonova.com\/lavrinhas\/?p=2177"},"modified":"2012-02-22T16:06:00","modified_gmt":"2012-02-22T19:06:00","slug":"quaresma-tempo-privilegiado-de-conversao-e-combate-espiritual","status":"publish","type":"post","link":"https:\/\/blog.cancaonova.com\/lavrinhas\/quaresma-tempo-privilegiado-de-conversao-e-combate-espiritual\/","title":{"rendered":"Quaresma Tempo privilegiado de convers\u00e3o e combate espiritual!"},"content":{"rendered":"<p style=\"text-align: justify\"><em><strong>\u201cAgora, diz o Senhor, voltai para mim com todo o vosso cora\u00e7\u00e3o, com jejuns, l\u00e1grimas e gemidos; rasgai o cora\u00e7\u00e3o e n\u00e3o as vestes; e voltai para o Senhor, vosso Deus; ele \u00e9 benigno e compassivo, paciente e cheio de miseric\u00f3rdia, inclinado a perdoar o castigo\u201d <\/strong><\/em><em>(Cf. Joel 12, 12-13).<\/em><\/p>\n<p style=\"text-align: justify\"><em> <\/em><\/p>\n<p style=\"text-align: justify\">A Quaresma foi inspirada numa grande catequese que a Igreja primitiva fazia, que durava quarenta dias, quando os <img loading=\"lazy\" decoding=\"async\" class=\"alignleft size-full wp-image-2182\" src=\"http:\/\/blog.cancaonova.com\/lavrinhas\/files\/2012\/02\/Cinzas-em-Bento-XVI.jpg\" alt=\"\" width=\"320\" height=\"235\" srcset=\"https:\/\/blog.cancaonova.com\/lavrinhas\/files\/2012\/02\/Cinzas-em-Bento-XVI.jpg 320w, https:\/\/blog.cancaonova.com\/lavrinhas\/files\/2012\/02\/Cinzas-em-Bento-XVI-300x220.jpg 300w\" sizes=\"(max-width: 320px) 100vw, 320px\" \/>pag\u00e3os (catec\u00famenos) se preparavam para receber o Batismo no S\u00e1bado Santo,dentro da Solenidade da Vig\u00edlia Pascal. Acompanhavam tamb\u00e9m os irm\u00e3os que tinham cometido pecados graves para retornarem \u00e0 f\u00e9. Esse tempo era marcado pela penit\u00eancia, ora\u00e7\u00e3o, jejum e escuta da Palavra de Deus, eles eram os \u201c<em>penitentes<\/em>\u201d, que renovavam a f\u00e9 e recebiam o Batismo ou eram reintegrados \u00e0 comunidade no S\u00e1bado Santo.<\/p>\n<p style=\"text-align: justify\">Na quarta feira de cinzas, iniciamos o Tempo mais rico e profundo da Liturgia, na verdade este Tempo que abrange a <em>Quaresma<\/em><em>, Semana Santa <\/em>e <em>P\u00e1scoa <\/em>at\u00e9 <em>Pentecostes <\/em>\u00e9 um grande retiro, centro do Mist\u00e9rio de Cristo e da nossa f\u00e9 e salva\u00e7\u00e3o. Tempo privilegiado de convers\u00e3o e combate espiritual, de jejum medicinal e caritativo. A Quaresma ainda \u00e9, sobretudo, tempo de escuta da Palavra de Deus, de uma catequese mais profunda que recorda aos crist\u00e3os os grandes temas batismais, em prepara\u00e7\u00e3o para a P\u00e1scoa.<\/p>\n<p style=\"text-align: justify\">Toda a nossa vida se torna um sacrif\u00edcio espiritual que apresentamos continuamente ao Pai, em uni\u00e3o com o sacrif\u00edcio de Jesus sofredor e pobre, a fim de que, por ele, com ele e nele, seja o Pai em tudo louvado e glorificado. Por isso, <em>a Quaresma \u00e9 um caminho b\u00edblico, pastoral, lit\u00fargico e existencial para cada crist\u00e3o pessoalmente e para a comunidade crist\u00e3 em geral, que come\u00e7a com as cinzas e conclui com a noite da luz, a noite do fogo e da luz: a noite santa da P\u00e1scoa da Ressurrei\u00e7\u00e3o de Nosso Senhor Jesus Cristo.<\/em><em> <\/em><\/p>\n<p style=\"text-align: justify\"><em><strong>Os Exerc\u00edcios Quaresmais de convers\u00e3o: <\/strong><\/em>Vamos refletir sobre os rumos de nossa espiritualidade at\u00e9 a P\u00e1scoa de nosso Senhor Jesus, ou seja, a Vida Nova que o Senhor tem para n\u00f3s, os exerc\u00edcios quaresmais de convers\u00e3o. A Liturgia da quarta-feira de Cinzas, que abre o Tempo da Quaresma, manda proclamar o Evangelho em que Nosso Senhor fala da esmola, da ora\u00e7\u00e3o e do jejum, conforme <em><strong>Mateus 6, 1-8. 16-18.<\/strong><\/em><strong> <\/strong><\/p>\n<p style=\"text-align: justify\"><strong><em>Ora\u00e7\u00e3o:<\/em><\/strong> A Ora\u00e7\u00e3o \u00e9 a express\u00e3o m\u00e1xima de nossa f\u00e9, n\u00e3o posso pensar na ora\u00e7\u00e3o como algo que partisse somente de mim, mas quando o homem se p\u00f5e em ora\u00e7\u00e3o a iniciativa \u00e9 de Deus que atingiu com a sua gra\u00e7a o cora\u00e7\u00e3o do homem que responde \u00e0 Sua gra\u00e7a. Toda a nossa vida deveria ser uma ora\u00e7\u00e3o, ou seja, uma comunica\u00e7\u00e3o com o divino em n\u00f3s.<\/p>\n<p style=\"text-align: justify\"><strong><em>Jejum: <\/em><\/strong>Jejuar \u00e9 abster-se de um pouco de comida ou bebida. \u00c9 estabelecer o correto relacionamento do homem com a natureza criada. A atitude de liberdade e de respeito diante do alimento torna-se s\u00edmbolo de sua liberdade e respeito para com tudo quanto o envolve e o pode escravizar: bens materiais, qualidades, opini\u00f5es, ideias, pessoas apegos e assim por diante. Temos mais. Jejuar significa fazer espa\u00e7o em si.<\/p>\n<p style=\"text-align: justify\"><strong><em>Esmola ou caridade: <\/em><\/strong>O que significa a esmola? Dar esmola significa dar de gra\u00e7a, dar sem interesse de receber de volta, dar sem ego\u00edsmo, sem pedir recompensa, em atitude de compaix\u00e3o. Nisto ele imita o pr\u00f3prio Deus no mist\u00e9rio da cria\u00e7\u00e3o e a Jesus Cristo, no mist\u00e9rio da Reden\u00e7\u00e3o.<\/p>\n<p style=\"text-align: justify\">Celebrar a Eucaristia no tempo da Quaresma significa: <em>percorrer com Cristo <\/em>o <em>itiner\u00e1rio da prova\u00e7\u00e3o <\/em>que cabe a Igreja e a todos os homens; <em>assumir mais decididamente <\/em>a <em>obedi\u00eancia filial <\/em>ao <em>Pai, <\/em>e o <em>dom de si aos irm\u00e3os, que constituem <\/em>o <em>sacrif\u00edcio espiritual. <\/em>Assim, renovando os compromissos do nosso batismo na noite pascal, poderemos \u201cpassar\u201d para a vida nova de Jesus \u2013 Senhor ressuscitado, para a gl\u00f3ria do Pai, na unidade do Esp\u00edrito.<\/p>\n<p><strong>Para celebrar bem este tempo:<\/strong><\/p>\n<p style=\"text-align: justify\"><strong>1. <\/strong>O Tempo da Quaresma se estende da Quarta-feira de cinzas at\u00e9 a Missa <em>\u201cna Ceia do Senhor\u201d <\/em>exclusive. Esta missa vespertina d\u00e1 inicio, nos livros lit\u00fargicos, ao tr\u00edduo Pascal da Paix\u00e3o e Ressurrei\u00e7\u00e3o do Senhor, que tem seu cume na Vig\u00edlia Pascal e termina com as V\u00e9speras do Domingo da Ressurrei\u00e7\u00e3o. A semana que precede a P\u00e1scoa toma o nome de Semana Santa; come\u00e7a com o Domingo de Ramos.<strong><br \/>\n<strong>2. <\/strong><\/strong>Os\u00b7 domingos deste tempo se chamam de 1\u00b0, 2\u00b0, 3\u00b0, 4\u00b0 e 5\u00b0 domingo da Quaresma. O 6\u00b0 domingo toma o nome de <em>\u201cDomingo de Ramos da Paix\u00e3o\u201d. <\/em>Esse domingo tem a preced\u00eancia, mesmo sobre as festas do Senhor e sobre qualquer solenidade. <strong><br \/>\n<strong>3. <\/strong><\/strong>As solenidades de <em>S\u00e3o Jos\u00e9, <\/em>esposo de Nossa Senhora (19 <em>de mar\u00e7o) <\/em>e da <em>Anuncia\u00e7\u00e3o do Senhor <\/em>(25 <em>de mar\u00e7o) <\/em>&#8211; como outras poss\u00edveis solenidades dos calend\u00e1rios particulares \u2013 antecipam sua celebra\u00e7\u00e3o para o s\u00e1bado, caso coincidam com esses domingos. <strong><br \/>\n<strong>4. <\/strong><\/strong>A liturgia da Quarta-feira de cinzas abre o Tempo da Quaresma. N\u00e3o se dizem nem se canta o Gl\u00f3ria e o Credo na missa<strong><br \/>\n<strong>5. <\/strong><\/strong>Nos domingos da Quaresma n\u00e3o se canta o hino Gl\u00f3ria; faz-se, por\u00e9m, sempre a profiss\u00e3o de f\u00e9 e o Creio. Depois da segunda leitura n\u00e3o se canta o Aleluia; o vers\u00edculo antes do Evangelho \u00e9 acompanhado de uma aclama\u00e7\u00e3o a Cristo Senhor. Omite-se o Aleluia tamb\u00e9m nos outros cantos da missa. <strong><br \/>\n<strong>6. <\/strong><\/strong>A cor lit\u00fargica do Tempo da Quaresma \u00e9 a roxa; para o 4\u00b0 domingo <em>(Laetare <\/em>&#8211; <em>Alegria) <\/em>\u00e9 permitido o uso da cor rosa. No Domingo de Ramos e na sexta-feira Santa, a cor das vestes lit\u00fargicas e do celebrante \u00e9 a vermelha, por se tratar da Paix\u00e3o do Senhor. <strong><br \/>\n<strong>7. Sugest\u00e3o: <\/strong><\/strong>em ora\u00e7\u00e3o colha de Deus uma penitencia ou mortifica\u00e7\u00e3o pessoal que voc\u00ea poder\u00e1 viver neste tempo de retiro, por exemplo, deixar algo que gosta muito de fazer ou de comer, falar menos, diminuir o barulho ao seu redor, assistir menos televis\u00e3o, reconciliar-se com as pessoas e situa\u00e7\u00f5es. Nos dias de jejum oferecer a quem n\u00e3o tem o que voc\u00ea iria comer e beber etc.<\/p>\n<p style=\"text-align: justify\">Aqui na nossa casa de forma\u00e7\u00e3o iremos viver de maneira comunit\u00e1ria o sil\u00eancio nas quartas e sextas-feiras e neste tempo n\u00e3o ouviremos m\u00fasica e sim prega\u00e7\u00f5es do nosso pai fundador Monsenhor Jonas Abib.<\/p>\n<p style=\"text-align: justify\">Cliquem em <em><strong><span style=\"text-decoration: underline\">coment\u00e1rios<\/span><\/strong><\/em> e partilhem quais s\u00e3o os seus prop\u00f3sitos para viver bem este precioso tempo de convers\u00e3o?<\/p>\n<p style=\"text-align: justify\">Clique <a href=\"http:\/\/blog.cancaonova.com\/lavrinhas\/9-agenda-2012\/\" target=\"_blank\"><em><strong><span style=\"color: #0000ff\">AQUI<\/span><\/strong><\/em><\/a> e veja nossa agenda. Pr\u00f3ximo retiro <em><strong>Cura e Liberta\u00e7\u00e3o<\/strong><\/em> com <em><strong>Frei Josu\u00e9<\/strong><\/em>.<\/p>\n<p style=\"text-align: justify\"><strong><em>Oremos: <\/em><\/strong><em>Comecemos alegremente <\/em>o <em>tempo do jejum <\/em>e <em>lancemo-nos <\/em>no <em>combate espiritual, guardemos nossa alma do mal <\/em>e <em>purifiquemos nossa carne. Jejuemos de toda paix\u00e3o assim como de alimento <\/em>e <em>que nossas del\u00edcias sejam as virtudes do Esp\u00edrito. E que as praticando com perseveran\u00e7a <\/em>e <em>amor, possamos todos n\u00f3s conseguir ver <\/em>a <em>vener\u00e1vel Paix\u00e3o de Cristo <\/em>e, <em>no j\u00fabilo espiritual, <\/em>a <em>Santa P\u00e1scoa nascer de novo com Cristo ressuscitado. Am\u00e9m<\/em><\/p>\n<p><em><strong>Escute este Podcast:<\/strong><\/em> <object id=\"PodPlayerCN\" classid=\"d27cdb6e-ae6d-11cf-96b8-444553540000\" width=\"303\" height=\"54\"><param name=\"flashVars\" value=\"podcast=2993\" \/><param name=\"allowScriptAccess\" value=\"always\" \/><param name=\"src\" value=\"http:\/\/podcast.cancaonova.com\/cn_player.swf?5280\" \/><param name=\"name\" value=\"PodPlayerCN\" \/><param name=\"flashvars\" value=\"podcast=2993\" \/><embed id=\"PodPlayerCN\" type=\"application\/x-shockwave-flash\" width=\"303\" height=\"54\" src=\"http:\/\/podcast.cancaonova.com\/cn_player.swf?5280\" name=\"PodPlayerCN\" allowscriptaccess=\"always\" flashvars=\"podcast=2993\"><\/embed><\/object><br \/>\n<strong><em>Uma feliz e santa Quaresma para voc\u00ea e sua fam\u00edlia.<\/em><\/strong><\/p>\n<p>Padre Luizinho, Com. Can\u00e7\u00e3o Nova.<br \/>\nDiretor espiritual do Pr\u00e9-discipulado.<br \/>\n<a href=\"http:\/\/www.facebook.com\/profile.php?id=100000260505940&amp;ref=tn_tnmn\" target=\"_blank\"><span style=\"color: #0000ff\">www.facebook.com\/padreluizinho<\/span><\/a><\/p>\n","protected":false},"excerpt":{"rendered":"<p>\u201cAgora, diz o Senhor, voltai para mim com todo o vosso cora\u00e7\u00e3o, com jejuns, l\u00e1grimas e gemidos; rasgai o cora\u00e7\u00e3o e n\u00e3o as vestes; e voltai para o Senhor, vosso Deus; ele \u00e9 benigno e compassivo, paciente e cheio de&#8230;<\/p>\n","protected":false},"author":3291,"featured_media":0,"comment_status":"open","ping_status":"open","sticky":false,"template":"","format":"standard","meta":{"_mi_skip_tracking":false,"_monsterinsights_sitenote_active":false,"_monsterinsights_sitenote_note":"","_monsterinsights_sitenote_category":0,"footnotes":""},"categories":[23],"tags":[26049,46,461,561],"_links":{"self":[{"href":"https:\/\/blog.cancaonova.com\/lavrinhas\/wp-json\/wp\/v2\/posts\/2177"}],"collection":[{"href":"https:\/\/blog.cancaonova.com\/lavrinhas\/wp-json\/wp\/v2\/posts"}],"about":[{"href":"https:\/\/blog.cancaonova.com\/lavrinhas\/wp-json\/wp\/v2\/types\/post"}],"author":[{"embeddable":true,"href":"https:\/\/blog.cancaonova.com\/lavrinhas\/wp-json\/wp\/v2\/users\/3291"}],"replies":[{"embeddable":true,"href":"https:\/\/blog.cancaonova.com\/lavrinhas\/wp-json\/wp\/v2\/comments?post=2177"}],"version-history":[{"count":6,"href":"https:\/\/blog.cancaonova.com\/lavrinhas\/wp-json\/wp\/v2\/posts\/2177\/revisions"}],"predecessor-version":[{"id":2184,"href":"https:\/\/blog.cancaonova.com\/lavrinhas\/wp-json\/wp\/v2\/posts\/2177\/revisions\/2184"}],"wp:attachment":[{"href":"https:\/\/blog.cancaonova.com\/lavrinhas\/wp-json\/wp\/v2\/media?parent=2177"}],"wp:term":[{"taxonomy":"category","embeddable":true,"href":"https:\/\/blog.cancaonova.com\/lavrinhas\/wp-json\/wp\/v2\/categories?post=2177"},{"taxonomy":"post_tag","embeddable":true,"href":"https:\/\/blog.cancaonova.com\/lavrinhas\/wp-json\/wp\/v2\/tags?post=2177"}],"curies":[{"name":"wp","href":"https:\/\/api.w.org\/{rel}","templated":true}]}}