{"id":2230,"date":"2013-02-14T13:27:52","date_gmt":"2013-02-14T16:27:52","guid":{"rendered":"http:\/\/blog.cancaonova.com\/lavrinhas\/?p=2230"},"modified":"2013-02-21T17:08:37","modified_gmt":"2013-02-21T20:08:37","slug":"missa-de-quarta-feira-de-cinzas-dos-pres-discipulos-de-lavrinhas","status":"publish","type":"post","link":"https:\/\/blog.cancaonova.com\/lavrinhas\/missa-de-quarta-feira-de-cinzas-dos-pres-discipulos-de-lavrinhas\/","title":{"rendered":"Missa de Quarta-feira de Cinzas dos pr\u00e9s-disc\u00edpulos de Lavrinhas"},"content":{"rendered":"<p>Ap\u00f3s o dia em retiro para entrar com intensidade no tempo que a Igreja nos prop\u00f5e a viver &#8211; \u00a0a Quaresma &#8211; \u00a0a casa de Forma\u00e7\u00e3o Inicial da Can\u00e7\u00e3o Nova, os pr\u00e9s-disc\u00edpulos, participaram da Santa Missa celebrada por <span style=\"color: #99ccff\"><strong><a href=\"http:\/\/blog.cancaonova.com\/padreluizinho\/\">padre Luizinho<\/a><\/strong><\/span>, que em, sua homilia, destacou a necessidade de retornar a Deus de todo cora\u00e7\u00e3o a partir\u00a0da ora\u00e7\u00e3o, do jejum e da penit\u00eancia.<\/p>\n<p style=\"text-align: center\"><a href=\"http:\/\/blog.cancaonova.com\/lavrinhas\/files\/2013\/02\/DSC08266.jpg\"><\/a><a href=\"http:\/\/blog.cancaonova.com\/lavrinhas\/files\/2013\/02\/DSC082661.jpg\"><img loading=\"lazy\" decoding=\"async\" class=\"size-medium wp-image-2233 aligncenter\" src=\"http:\/\/blog.cancaonova.com\/lavrinhas\/files\/2013\/02\/DSC082661-300x225.jpg\" alt=\"\" width=\"300\" height=\"225\" srcset=\"https:\/\/blog.cancaonova.com\/lavrinhas\/files\/2013\/02\/DSC082661-300x225.jpg 300w, https:\/\/blog.cancaonova.com\/lavrinhas\/files\/2013\/02\/DSC082661-768x576.jpg 768w, https:\/\/blog.cancaonova.com\/lavrinhas\/files\/2013\/02\/DSC082661-1536x1152.jpg 1536w, https:\/\/blog.cancaonova.com\/lavrinhas\/files\/2013\/02\/DSC082661.jpg 2048w\" sizes=\"(max-width: 300px) 100vw, 300px\" \/><\/a><a href=\"http:\/\/www.facebook.com\/media\/set\/?set=a.508590605845813.109346.505442249493982&amp;type=1\" target=\"_blank\"><span style=\"color: #99ccff\"><span style=\"font-family: Georgia, 'Times New Roman', 'Bitstream Charter', Times, serif\"><span style=\"font-size: small\"><span style=\"color: #3366ff\">:: Veja + fotos no Facebook<\/span><\/span><\/span><\/span><\/a><\/p>\n<p>No final da Missa, cada pr\u00e9-disc\u00edpulo recebeu o <span style=\"color: #99ccff\"><strong><a href=\"http:\/\/loja.cancaonova.com\/products\/20151-livro-retiro-popular-2013-a-quem-iremos-senhor\" target=\"_blank\">&#8220;Retiro Popular 2013 com o tema &#8220;<em>A quem iremos Senhor?<\/em>&#8220;<\/a><\/strong><\/span>, de autoria de Dom Alberto Taveira Corr\u00eaa, arcebispo metropolitano de Bel\u00e9m do Par\u00e1, como uma maneira de contribuir para o amadurecimento do \u00a0relacionamento com Deus, \u00a0para que a f\u00e9 n\u00e3o seja abalada.<\/p>\n<p>:: \u00a0<span style=\"color: #99ccff\"><strong><a href=\"http:\/\/noticias.cancaonova.com\/noticia.php?id=288561\" target=\"_blank\">Confira a mensagem de Bento XVI para essa Quaresma<br \/>\n<\/a><\/strong><\/span><\/p>\n<p>:: <span style=\"color: #99ccff\"><strong><a href=\"http:\/\/www.facebook.com\/cnlavrinhas\" target=\"_blank\">Curta a p\u00e1gina da Can\u00e7\u00e3o Nova Lavrinhas no Facebook &#8211; facebook.com\/cnlavrinhas<\/a><\/strong><\/span><\/p>\n","protected":false},"excerpt":{"rendered":"<p>Ap\u00f3s o dia em retiro para entrar com intensidade no tempo que a Igreja nos prop\u00f5e a viver &#8211; \u00a0a Quaresma &#8211; \u00a0a casa de Forma\u00e7\u00e3o Inicial da Can\u00e7\u00e3o Nova, os pr\u00e9s-disc\u00edpulos, participaram da Santa Missa celebrada por padre Luizinho,&#8230;<\/p>\n","protected":false},"author":3291,"featured_media":0,"comment_status":"open","ping_status":"open","sticky":false,"template":"","format":"standard","meta":{"_mi_skip_tracking":false,"_monsterinsights_sitenote_active":false,"_monsterinsights_sitenote_note":"","_monsterinsights_sitenote_category":0,"footnotes":""},"categories":[15830],"tags":[72252,561,28866],"_links":{"self":[{"href":"https:\/\/blog.cancaonova.com\/lavrinhas\/wp-json\/wp\/v2\/posts\/2230"}],"collection":[{"href":"https:\/\/blog.cancaonova.com\/lavrinhas\/wp-json\/wp\/v2\/posts"}],"about":[{"href":"https:\/\/blog.cancaonova.com\/lavrinhas\/wp-json\/wp\/v2\/types\/post"}],"author":[{"embeddable":true,"href":"https:\/\/blog.cancaonova.com\/lavrinhas\/wp-json\/wp\/v2\/users\/3291"}],"replies":[{"embeddable":true,"href":"https:\/\/blog.cancaonova.com\/lavrinhas\/wp-json\/wp\/v2\/comments?post=2230"}],"version-history":[{"count":15,"href":"https:\/\/blog.cancaonova.com\/lavrinhas\/wp-json\/wp\/v2\/posts\/2230\/revisions"}],"predecessor-version":[{"id":2236,"href":"https:\/\/blog.cancaonova.com\/lavrinhas\/wp-json\/wp\/v2\/posts\/2230\/revisions\/2236"}],"wp:attachment":[{"href":"https:\/\/blog.cancaonova.com\/lavrinhas\/wp-json\/wp\/v2\/media?parent=2230"}],"wp:term":[{"taxonomy":"category","embeddable":true,"href":"https:\/\/blog.cancaonova.com\/lavrinhas\/wp-json\/wp\/v2\/categories?post=2230"},{"taxonomy":"post_tag","embeddable":true,"href":"https:\/\/blog.cancaonova.com\/lavrinhas\/wp-json\/wp\/v2\/tags?post=2230"}],"curies":[{"name":"wp","href":"https:\/\/api.w.org\/{rel}","templated":true}]}}