{"id":2588,"date":"2013-11-05T16:21:15","date_gmt":"2013-11-05T19:21:15","guid":{"rendered":"http:\/\/blog.cancaonova.com\/lavrinhas\/?p=2588"},"modified":"2013-11-05T16:25:43","modified_gmt":"2013-11-05T19:25:43","slug":"nossa-missao-e-evangelizar","status":"publish","type":"post","link":"https:\/\/blog.cancaonova.com\/lavrinhas\/nossa-missao-e-evangelizar\/","title":{"rendered":"Nossa miss\u00e3o \u00e9 evangelizar!"},"content":{"rendered":"<div style=\"text-align: justify\"><em>\u201cIde por todo mundo e pregai o evangelho a toda criatura\u201d <\/em>(Mc 16, 15). A miss\u00e3o que Jesus instituiu a seus disc\u00edpulos continua a ser confiada a cada um de n\u00f3s! Trazemos desde o nosso batismo a miss\u00e3o de evangelizar. Mas, onde somos chamados a ser mission\u00e1rios? Como temos realizado a <span style=\"color: #0000ff\"><span style=\"color: #0000ff\"><strong><span style=\"color: #000000\">nossa miss\u00e3o<\/span><\/strong><\/span><\/span>?<\/div>\n<div style=\"text-align: justify\">Cada um de n\u00f3s tem uma <span style=\"color: #000000\"><span style=\"text-decoration: underline\"><strong><span style=\"text-decoration: underline\"><strong><span style=\"color: #0000ff\"><a href=\"http:\/\/blog.cancaonova.com\/vocacional\/tag\/vocacao\/\" target=\"_blank\">voca\u00e7\u00e3o<\/a><\/span><\/strong><\/span><\/strong><\/span> <\/span>espec\u00edfica onde, como crist\u00e3os, somos chamados a realizar a nossa miss\u00e3o. Podemos ser mission\u00e1rios em nossa casa, em nossa par\u00f3quia, em nosso trabalho ou at\u00e9 mesmo em uma comunidade, contanto que a nossa missionariedade chegue no \u00edntimo daqueles que evangelizamos e promova o encontro com o Cristo.<\/div>\n<div style=\"text-align: justify\">A <span style=\"text-decoration: underline\"><span style=\"color: #0000ff\"><strong><span style=\"color: #000000\"><span style=\"text-decoration: underline\"><strong><span style=\"color: #0000ff\"><a href=\"http:\/\/comunidade.cancaonova.com\/\" target=\"_blank\">Comunidade Can\u00e7\u00e3o Nova<\/a><\/span><\/strong><\/span><\/span><\/strong><\/span><\/span>, como parte da Igreja, tamb\u00e9m tem a miss\u00e3o de evangelizar e traz em si uma forma espec\u00edfica de contribuir com este an\u00fancio. Como pr\u00e9-disc\u00edpulos fomos descobrindo que somos chamados a comunicar o Cristo al\u00e9m das palavras, sendo rosto d&#8217;Ele onde quer que estejamos. Para isso, <strong>precisamos estar imbu\u00eddos da Vida Nova que Ele nos trouxe; \u00a0\u00e9 preciso que o Evangelho aconte\u00e7a em n\u00f3s para que ele seja capaz de chegar at\u00e9 aqueles que Deus coloca em nosso caminho<\/strong>. Sendo assim, colocamo-nos como disc\u00edpulos, nos deixando ser formados para que com a nossa vida possamos anunciar o Cristo.<\/div>\n<div style=\"text-align: justify\">Foi a partir desta compreens\u00e3o que surgiu a m\u00fasica &#8220;Vou Cantar uma Can\u00e7\u00e3o Nova&#8221;. Confira no v\u00eddeo:<\/div>\n<p><object classid=\"d27cdb6e-ae6d-11cf-96b8-444553540000\" width=\"420\" height=\"300\"><param name=\"allowFullScreen\" value=\"true\" \/><param name=\"allowscriptaccess\" value=\"always\" \/><param name=\"src\" value=\"\/\/www.youtube.com\/v\/bi0jK3RFoJA?hl=en_US&amp;version=3\" \/><param name=\"allowfullscreen\" value=\"true\" \/><embed type=\"application\/x-shockwave-flash\" width=\"420\" height=\"300\" src=\"\/\/www.youtube.com\/v\/bi0jK3RFoJA?hl=en_US&amp;version=3\" allowscriptaccess=\"always\" allowfullscreen=\"true\"><\/embed><\/object><\/p>\n<p><span style=\"text-align: justify\">Percebemos que a cada dia precisamos despertar para a Vida Nova com a certeza de que n\u00e3o somos deste mundo, mas que \u00e9 nele que somos chamados a lutar pela Santidade, e apressar com a nossa vida e miss\u00e3o a Vinda do Senhor Jesus. <\/span><\/p>\n<p><span style=\"text-align: justify\">Entendemos que <strong>atuamos como mission\u00e1rios em tudo que vivemos e fazemos<\/strong>, nos diversos trabalhos da casa, nas pastorais na par\u00f3quia de Lavrinhas, nas escalas dos eventos em Cachoeira Paulista e na pr\u00f3pria conviv\u00eancia com os irm\u00e3os, quando somos capazes, de em nossos gestos, revelar a face de Cristo e ajudarmos aqueles que est\u00e3o conosco a serem melhores para Deus.<\/span><\/p>\n<div style=\"text-align: justify\">Enfim, atuamos como mission\u00e1rios quando sa\u00edmos de n\u00f3s mesmos e vamos ao encontro daqueles que hoje o Senhor coloca ao nosso lado, pois, em qualquer lugar que estejamos somos mission\u00e1rios, chamados a testemunhar com a nossa vida aquilo que acreditamos: a <strong><span style=\"text-decoration: underline\"><span style=\"color: #0000ff\"><span style=\"color: #000000\"><span style=\"text-decoration: underline\"><strong><span style=\"color: #0000ff\"><a href=\"http:\/\/www.cancaonova.com\/\" target=\"_blank\">Can\u00e7\u00e3o Nova<\/a><\/span><\/strong><\/span><\/span><\/span><\/span><\/strong> que cantamos!<\/div>\n<div style=\"text-align: justify\">N\u00e3o perca tempo voc\u00ea tamb\u00e9m de anunciar com a sua vida o Cristo e cantar conosco uma Can\u00e7\u00e3o Nova!<\/div>\n<div style=\"text-align: justify\">Nossa miss\u00e3o \u00e9 evangelizar!<\/div>\n<div style=\"text-align: justify\">Deus os aben\u00e7oe!<\/div>\n<div style=\"text-align: center\"><strong><span style=\"text-decoration: underline\"><span style=\"color: #3366ff\">::\u00a0<a href=\"https:\/\/www.facebook.com\/cnlavrinhas\" target=\"_blank\">Curta a p\u00e1gina da Can\u00e7\u00e3o Nova de Lavrinhas no Facebook<\/a> <span style=\"color: #3366ff\">:: <\/span><\/span><\/span><\/strong><\/div>\n<div style=\"text-align: justify\"><strong><br \/>\n<\/strong><\/div>\n<p style=\"text-align: justify\">\n","protected":false},"excerpt":{"rendered":"<p>\u201cIde por todo mundo e pregai o evangelho a toda criatura\u201d (Mc 16, 15). A miss\u00e3o que Jesus instituiu a seus disc\u00edpulos continua a ser confiada a cada um de n\u00f3s! Trazemos desde o nosso batismo a miss\u00e3o de evangelizar&#8230;.<\/p>\n","protected":false},"author":3291,"featured_media":0,"comment_status":"open","ping_status":"open","sticky":false,"template":"","format":"standard","meta":{"_mi_skip_tracking":false,"_monsterinsights_sitenote_active":false,"_monsterinsights_sitenote_note":"","_monsterinsights_sitenote_category":0,"footnotes":""},"categories":[23,13811,80,15785,15830,2621],"tags":[5011,19152,174406,17886,6861,141],"_links":{"self":[{"href":"https:\/\/blog.cancaonova.com\/lavrinhas\/wp-json\/wp\/v2\/posts\/2588"}],"collection":[{"href":"https:\/\/blog.cancaonova.com\/lavrinhas\/wp-json\/wp\/v2\/posts"}],"about":[{"href":"https:\/\/blog.cancaonova.com\/lavrinhas\/wp-json\/wp\/v2\/types\/post"}],"author":[{"embeddable":true,"href":"https:\/\/blog.cancaonova.com\/lavrinhas\/wp-json\/wp\/v2\/users\/3291"}],"replies":[{"embeddable":true,"href":"https:\/\/blog.cancaonova.com\/lavrinhas\/wp-json\/wp\/v2\/comments?post=2588"}],"version-history":[{"count":31,"href":"https:\/\/blog.cancaonova.com\/lavrinhas\/wp-json\/wp\/v2\/posts\/2588\/revisions"}],"predecessor-version":[{"id":2618,"href":"https:\/\/blog.cancaonova.com\/lavrinhas\/wp-json\/wp\/v2\/posts\/2588\/revisions\/2618"}],"wp:attachment":[{"href":"https:\/\/blog.cancaonova.com\/lavrinhas\/wp-json\/wp\/v2\/media?parent=2588"}],"wp:term":[{"taxonomy":"category","embeddable":true,"href":"https:\/\/blog.cancaonova.com\/lavrinhas\/wp-json\/wp\/v2\/categories?post=2588"},{"taxonomy":"post_tag","embeddable":true,"href":"https:\/\/blog.cancaonova.com\/lavrinhas\/wp-json\/wp\/v2\/tags?post=2588"}],"curies":[{"name":"wp","href":"https:\/\/api.w.org\/{rel}","templated":true}]}}