{"id":2897,"date":"2014-05-08T15:39:11","date_gmt":"2014-05-08T18:39:11","guid":{"rendered":"http:\/\/blog.cancaonova.com\/lavrinhas\/?p=2897"},"modified":"2014-05-08T15:39:11","modified_gmt":"2014-05-08T18:39:11","slug":"lavrinhas-celebra-festa-de-nossa-senhora-auxiliadora","status":"publish","type":"post","link":"https:\/\/blog.cancaonova.com\/lavrinhas\/lavrinhas-celebra-festa-de-nossa-senhora-auxiliadora\/","title":{"rendered":"Lavrinhas celebra Festa de Nossa Senhora Auxiliadora"},"content":{"rendered":"<p>Maio \u00e9 o m\u00eas de Maria! E a Can\u00e7\u00e3o Nova de Lavrinhas est\u00e1 em festa! Do dia 21 a 24, vamos celebrar, junto com as comunidades da Par\u00f3quia, os festejos de Nossa Senhora Auxiliadora. V\u00e3o ser 4 noites de muita intimidade com Maria, com a recita\u00e7\u00e3o do ter\u00e7o, celebra\u00e7\u00e3o da Eucaristia, shows e venda de comidas t\u00edpicas.\u00a0Voc\u00ea \u00e9 nosso convidado! Confira, abaixo, a nossa programa\u00e7\u00e3o.<\/p>\n<p style=\"text-align: center\"><a href=\"http:\/\/blog.cancaonova.com\/lavrinhas\/files\/2014\/05\/Cartaz_NsraAuxiliadora_finalizado.jpg\"><img loading=\"lazy\" decoding=\"async\" class=\"aligncenter  wp-image-2895\" alt=\"esta de N. Sra. Auxiliadora\" src=\"http:\/\/blog.cancaonova.com\/lavrinhas\/files\/2014\/05\/Cartaz_NsraAuxiliadora_finalizado.jpg\" width=\"713\" height=\"1008\" srcset=\"https:\/\/blog.cancaonova.com\/lavrinhas\/files\/2014\/05\/Cartaz_NsraAuxiliadora_finalizado.jpg 2828w, https:\/\/blog.cancaonova.com\/lavrinhas\/files\/2014\/05\/Cartaz_NsraAuxiliadora_finalizado-212x300.jpg 212w, https:\/\/blog.cancaonova.com\/lavrinhas\/files\/2014\/05\/Cartaz_NsraAuxiliadora_finalizado-768x1086.jpg 768w\" sizes=\"(max-width: 713px) 100vw, 713px\" \/><\/a><\/p>\n","protected":false},"excerpt":{"rendered":"<p>Maio \u00e9 o m\u00eas de Maria! E a Can\u00e7\u00e3o Nova de Lavrinhas est\u00e1 em festa! Do dia 21 a 24, vamos celebrar, junto com as comunidades da Par\u00f3quia, os festejos de Nossa Senhora Auxiliadora. V\u00e3o ser 4 noites de muita&#8230;<\/p>\n","protected":false},"author":3291,"featured_media":0,"comment_status":"open","ping_status":"open","sticky":false,"template":"","format":"standard","meta":{"_mi_skip_tracking":false,"_monsterinsights_sitenote_active":false,"_monsterinsights_sitenote_note":"","_monsterinsights_sitenote_category":0,"footnotes":""},"categories":[5811,13451,1],"tags":[152186,5011,16541,26294,174412,38894],"_links":{"self":[{"href":"https:\/\/blog.cancaonova.com\/lavrinhas\/wp-json\/wp\/v2\/posts\/2897"}],"collection":[{"href":"https:\/\/blog.cancaonova.com\/lavrinhas\/wp-json\/wp\/v2\/posts"}],"about":[{"href":"https:\/\/blog.cancaonova.com\/lavrinhas\/wp-json\/wp\/v2\/types\/post"}],"author":[{"embeddable":true,"href":"https:\/\/blog.cancaonova.com\/lavrinhas\/wp-json\/wp\/v2\/users\/3291"}],"replies":[{"embeddable":true,"href":"https:\/\/blog.cancaonova.com\/lavrinhas\/wp-json\/wp\/v2\/comments?post=2897"}],"version-history":[{"count":4,"href":"https:\/\/blog.cancaonova.com\/lavrinhas\/wp-json\/wp\/v2\/posts\/2897\/revisions"}],"predecessor-version":[{"id":2901,"href":"https:\/\/blog.cancaonova.com\/lavrinhas\/wp-json\/wp\/v2\/posts\/2897\/revisions\/2901"}],"wp:attachment":[{"href":"https:\/\/blog.cancaonova.com\/lavrinhas\/wp-json\/wp\/v2\/media?parent=2897"}],"wp:term":[{"taxonomy":"category","embeddable":true,"href":"https:\/\/blog.cancaonova.com\/lavrinhas\/wp-json\/wp\/v2\/categories?post=2897"},{"taxonomy":"post_tag","embeddable":true,"href":"https:\/\/blog.cancaonova.com\/lavrinhas\/wp-json\/wp\/v2\/tags?post=2897"}],"curies":[{"name":"wp","href":"https:\/\/api.w.org\/{rel}","templated":true}]}}