{"id":3708,"date":"2015-09-01T17:57:28","date_gmt":"2015-09-01T20:57:28","guid":{"rendered":"http:\/\/blog.cancaonova.com\/lavrinhas\/?p=3708"},"modified":"2015-09-01T18:00:14","modified_gmt":"2015-09-01T21:00:14","slug":"santa-missa-domingo-30-de-agosto-e-oratorio-festivo","status":"publish","type":"post","link":"https:\/\/blog.cancaonova.com\/lavrinhas\/santa-missa-domingo-30-de-agosto-e-oratorio-festivo\/","title":{"rendered":"Santa Missa Domingo 30 de agosto e Orat\u00f3rio Festivo"},"content":{"rendered":"<p>Neste domingo \u00e0 Casa de Lavrinhas recebeu os moradores de Lavrinhas na Santa Missa \u00e0s 09h da manh\u00e3, Missa que foi especial para as crian\u00e7as, presidida pelo Pe. Arlon Cristian que nos convidou a termos atitudes diferentes diante das pessoas que nos ofendem, termos um cora\u00e7\u00e3o misericordioso semelhante ao de Jesus, buscarmos perdoar e amar as pessoas.<br \/>\nA tarde recebemos os jovens no nosso Orat\u00f3rio Festivo, que aconteceu das 14h \u00e0s 17h, teve como tema: &#8221; Jesus dai-nos um cora\u00e7\u00e3o manso e humilde, semelhante aos vosso.&#8221;<br \/>\nDeus aben\u00e7oe!!!<br \/>\nConfira \u00e0s fotos:<\/p>\n\n\t\t<style type=\"text\/css\">\n\t\t\t#gallery-1 {\n\t\t\t\tmargin: auto;\n\t\t\t}\n\t\t\t#gallery-1 .gallery-item {\n\t\t\t\tfloat: left;\n\t\t\t\tmargin-top: 10px;\n\t\t\t\ttext-align: center;\n\t\t\t\twidth: 33%;\n\t\t\t}\n\t\t\t#gallery-1 img {\n\t\t\t\tborder: 2px solid #cfcfcf;\n\t\t\t}\n\t\t\t#gallery-1 .gallery-caption {\n\t\t\t\tmargin-left: 0;\n\t\t\t}\n\t\t\t\/* see gallery_shortcode() in wp-includes\/media.php *\/\n\t\t<\/style>\n\t\t<div id='gallery-1' class='gallery galleryid-3708 gallery-columns-3 gallery-size-medium'><dl class='gallery-item'>\n\t\t\t<dt class='gallery-icon landscape'>\n\t\t\t\t<a href='https:\/\/blog.cancaonova.com\/lavrinhas\/santa-missa-domingo-30-de-agosto-e-oratorio-festivo\/1908034_947803408591195_1560524429444200692_n\/'><img loading=\"lazy\" decoding=\"async\" width=\"300\" height=\"225\" src=\"https:\/\/blog.cancaonova.com\/lavrinhas\/files\/2015\/09\/1908034_947803408591195_1560524429444200692_n-300x225.jpg\" class=\"attachment-medium size-medium\" alt=\"\" srcset=\"https:\/\/blog.cancaonova.com\/lavrinhas\/files\/2015\/09\/1908034_947803408591195_1560524429444200692_n-300x225.jpg 300w, https:\/\/blog.cancaonova.com\/lavrinhas\/files\/2015\/09\/1908034_947803408591195_1560524429444200692_n.jpg 960w\" sizes=\"(max-width: 300px) 100vw, 300px\" \/><\/a>\n\t\t\t<\/dt><\/dl><dl class='gallery-item'>\n\t\t\t<dt class='gallery-icon landscape'>\n\t\t\t\t<a href='https:\/\/blog.cancaonova.com\/lavrinhas\/santa-missa-domingo-30-de-agosto-e-oratorio-festivo\/10363567_947802778591258_7259403812226852146_n\/'><img loading=\"lazy\" decoding=\"async\" width=\"300\" height=\"225\" src=\"https:\/\/blog.cancaonova.com\/lavrinhas\/files\/2015\/09\/10363567_947802778591258_7259403812226852146_n-300x225.jpg\" class=\"attachment-medium size-medium\" alt=\"\" srcset=\"https:\/\/blog.cancaonova.com\/lavrinhas\/files\/2015\/09\/10363567_947802778591258_7259403812226852146_n-300x225.jpg 300w, https:\/\/blog.cancaonova.com\/lavrinhas\/files\/2015\/09\/10363567_947802778591258_7259403812226852146_n.jpg 960w\" sizes=\"(max-width: 300px) 100vw, 300px\" \/><\/a>\n\t\t\t<\/dt><\/dl><dl class='gallery-item'>\n\t\t\t<dt class='gallery-icon landscape'>\n\t\t\t\t<a href='https:\/\/blog.cancaonova.com\/lavrinhas\/santa-missa-domingo-30-de-agosto-e-oratorio-festivo\/10568863_947802621924607_6859236660048799898_n\/'><img loading=\"lazy\" decoding=\"async\" width=\"300\" height=\"225\" src=\"https:\/\/blog.cancaonova.com\/lavrinhas\/files\/2015\/09\/10568863_947802621924607_6859236660048799898_n-300x225.jpg\" class=\"attachment-medium size-medium\" alt=\"\" srcset=\"https:\/\/blog.cancaonova.com\/lavrinhas\/files\/2015\/09\/10568863_947802621924607_6859236660048799898_n-300x225.jpg 300w, https:\/\/blog.cancaonova.com\/lavrinhas\/files\/2015\/09\/10568863_947802621924607_6859236660048799898_n.jpg 960w\" sizes=\"(max-width: 300px) 100vw, 300px\" \/><\/a>\n\t\t\t<\/dt><\/dl><br style=\"clear: both\" \/><dl class='gallery-item'>\n\t\t\t<dt class='gallery-icon landscape'>\n\t\t\t\t<a href='https:\/\/blog.cancaonova.com\/lavrinhas\/santa-missa-domingo-30-de-agosto-e-oratorio-festivo\/10628345_947802631924606_8110091633825577979_n\/'><img loading=\"lazy\" decoding=\"async\" width=\"300\" height=\"225\" src=\"https:\/\/blog.cancaonova.com\/lavrinhas\/files\/2015\/09\/10628345_947802631924606_8110091633825577979_n-300x225.jpg\" class=\"attachment-medium size-medium\" alt=\"\" srcset=\"https:\/\/blog.cancaonova.com\/lavrinhas\/files\/2015\/09\/10628345_947802631924606_8110091633825577979_n-300x225.jpg 300w, https:\/\/blog.cancaonova.com\/lavrinhas\/files\/2015\/09\/10628345_947802631924606_8110091633825577979_n.jpg 960w\" sizes=\"(max-width: 300px) 100vw, 300px\" \/><\/a>\n\t\t\t<\/dt><\/dl><dl class='gallery-item'>\n\t\t\t<dt class='gallery-icon landscape'>\n\t\t\t\t<a href='https:\/\/blog.cancaonova.com\/lavrinhas\/santa-missa-domingo-30-de-agosto-e-oratorio-festivo\/11206941_947803841924485_2018115211961589565_n\/'><img loading=\"lazy\" decoding=\"async\" width=\"300\" height=\"225\" src=\"https:\/\/blog.cancaonova.com\/lavrinhas\/files\/2015\/09\/11206941_947803841924485_2018115211961589565_n-300x225.jpg\" class=\"attachment-medium size-medium\" alt=\"\" srcset=\"https:\/\/blog.cancaonova.com\/lavrinhas\/files\/2015\/09\/11206941_947803841924485_2018115211961589565_n-300x225.jpg 300w, https:\/\/blog.cancaonova.com\/lavrinhas\/files\/2015\/09\/11206941_947803841924485_2018115211961589565_n.jpg 960w\" sizes=\"(max-width: 300px) 100vw, 300px\" \/><\/a>\n\t\t\t<\/dt><\/dl><dl class='gallery-item'>\n\t\t\t<dt class='gallery-icon landscape'>\n\t\t\t\t<a href='https:\/\/blog.cancaonova.com\/lavrinhas\/santa-missa-domingo-30-de-agosto-e-oratorio-festivo\/11221905_947802698591266_6536500408526819682_n\/'><img loading=\"lazy\" decoding=\"async\" width=\"300\" height=\"225\" src=\"https:\/\/blog.cancaonova.com\/lavrinhas\/files\/2015\/09\/11221905_947802698591266_6536500408526819682_n-300x225.jpg\" class=\"attachment-medium size-medium\" alt=\"\" srcset=\"https:\/\/blog.cancaonova.com\/lavrinhas\/files\/2015\/09\/11221905_947802698591266_6536500408526819682_n-300x225.jpg 300w, https:\/\/blog.cancaonova.com\/lavrinhas\/files\/2015\/09\/11221905_947802698591266_6536500408526819682_n.jpg 960w\" sizes=\"(max-width: 300px) 100vw, 300px\" \/><\/a>\n\t\t\t<\/dt><\/dl><br style=\"clear: both\" \/><dl class='gallery-item'>\n\t\t\t<dt class='gallery-icon landscape'>\n\t\t\t\t<a href='https:\/\/blog.cancaonova.com\/lavrinhas\/santa-missa-domingo-30-de-agosto-e-oratorio-festivo\/11223633_947803811924488_2949415600986188321_n\/'><img loading=\"lazy\" decoding=\"async\" width=\"300\" height=\"225\" src=\"https:\/\/blog.cancaonova.com\/lavrinhas\/files\/2015\/09\/11223633_947803811924488_2949415600986188321_n-300x225.jpg\" class=\"attachment-medium size-medium\" alt=\"\" srcset=\"https:\/\/blog.cancaonova.com\/lavrinhas\/files\/2015\/09\/11223633_947803811924488_2949415600986188321_n-300x225.jpg 300w, https:\/\/blog.cancaonova.com\/lavrinhas\/files\/2015\/09\/11223633_947803811924488_2949415600986188321_n.jpg 960w\" sizes=\"(max-width: 300px) 100vw, 300px\" \/><\/a>\n\t\t\t<\/dt><\/dl><dl class='gallery-item'>\n\t\t\t<dt class='gallery-icon landscape'>\n\t\t\t\t<a href='https:\/\/blog.cancaonova.com\/lavrinhas\/santa-missa-domingo-30-de-agosto-e-oratorio-festivo\/11225204_947803035257899_30825211778914969_n\/'><img loading=\"lazy\" decoding=\"async\" width=\"300\" height=\"225\" src=\"https:\/\/blog.cancaonova.com\/lavrinhas\/files\/2015\/09\/11225204_947803035257899_30825211778914969_n-300x225.jpg\" class=\"attachment-medium size-medium\" alt=\"\" srcset=\"https:\/\/blog.cancaonova.com\/lavrinhas\/files\/2015\/09\/11225204_947803035257899_30825211778914969_n-300x225.jpg 300w, https:\/\/blog.cancaonova.com\/lavrinhas\/files\/2015\/09\/11225204_947803035257899_30825211778914969_n.jpg 960w\" sizes=\"(max-width: 300px) 100vw, 300px\" \/><\/a>\n\t\t\t<\/dt><\/dl><dl class='gallery-item'>\n\t\t\t<dt class='gallery-icon landscape'>\n\t\t\t\t<a href='https:\/\/blog.cancaonova.com\/lavrinhas\/santa-missa-domingo-30-de-agosto-e-oratorio-festivo\/11230126_947803371924532_7644313720662422077_n\/'><img loading=\"lazy\" decoding=\"async\" width=\"300\" height=\"225\" src=\"https:\/\/blog.cancaonova.com\/lavrinhas\/files\/2015\/09\/11230126_947803371924532_7644313720662422077_n-300x225.jpg\" class=\"attachment-medium size-medium\" alt=\"\" srcset=\"https:\/\/blog.cancaonova.com\/lavrinhas\/files\/2015\/09\/11230126_947803371924532_7644313720662422077_n-300x225.jpg 300w, https:\/\/blog.cancaonova.com\/lavrinhas\/files\/2015\/09\/11230126_947803371924532_7644313720662422077_n.jpg 960w\" sizes=\"(max-width: 300px) 100vw, 300px\" \/><\/a>\n\t\t\t<\/dt><\/dl><br style=\"clear: both\" \/><dl class='gallery-item'>\n\t\t\t<dt class='gallery-icon landscape'>\n\t\t\t\t<a href='https:\/\/blog.cancaonova.com\/lavrinhas\/santa-missa-domingo-30-de-agosto-e-oratorio-festivo\/11885287_947803465257856_3079564818113305342_n\/'><img loading=\"lazy\" decoding=\"async\" width=\"300\" height=\"225\" src=\"https:\/\/blog.cancaonova.com\/lavrinhas\/files\/2015\/09\/11885287_947803465257856_3079564818113305342_n-300x225.jpg\" class=\"attachment-medium size-medium\" alt=\"\" srcset=\"https:\/\/blog.cancaonova.com\/lavrinhas\/files\/2015\/09\/11885287_947803465257856_3079564818113305342_n-300x225.jpg 300w, https:\/\/blog.cancaonova.com\/lavrinhas\/files\/2015\/09\/11885287_947803465257856_3079564818113305342_n.jpg 960w\" sizes=\"(max-width: 300px) 100vw, 300px\" \/><\/a>\n\t\t\t<\/dt><\/dl><dl class='gallery-item'>\n\t\t\t<dt class='gallery-icon landscape'>\n\t\t\t\t<a href='https:\/\/blog.cancaonova.com\/lavrinhas\/santa-missa-domingo-30-de-agosto-e-oratorio-festivo\/11935019_947802771924592_1426957222268708953_n\/'><img loading=\"lazy\" decoding=\"async\" width=\"300\" height=\"225\" src=\"https:\/\/blog.cancaonova.com\/lavrinhas\/files\/2015\/09\/11935019_947802771924592_1426957222268708953_n-300x225.jpg\" class=\"attachment-medium size-medium\" alt=\"\" srcset=\"https:\/\/blog.cancaonova.com\/lavrinhas\/files\/2015\/09\/11935019_947802771924592_1426957222268708953_n-300x225.jpg 300w, https:\/\/blog.cancaonova.com\/lavrinhas\/files\/2015\/09\/11935019_947802771924592_1426957222268708953_n.jpg 960w\" sizes=\"(max-width: 300px) 100vw, 300px\" \/><\/a>\n\t\t\t<\/dt><\/dl><dl class='gallery-item'>\n\t\t\t<dt class='gallery-icon landscape'>\n\t\t\t\t<a href='https:\/\/blog.cancaonova.com\/lavrinhas\/santa-missa-domingo-30-de-agosto-e-oratorio-festivo\/11935023_947803645257838_6646454885358087490_n\/'><img loading=\"lazy\" decoding=\"async\" width=\"300\" height=\"225\" src=\"https:\/\/blog.cancaonova.com\/lavrinhas\/files\/2015\/09\/11935023_947803645257838_6646454885358087490_n-300x225.jpg\" class=\"attachment-medium size-medium\" alt=\"\" srcset=\"https:\/\/blog.cancaonova.com\/lavrinhas\/files\/2015\/09\/11935023_947803645257838_6646454885358087490_n-300x225.jpg 300w, https:\/\/blog.cancaonova.com\/lavrinhas\/files\/2015\/09\/11935023_947803645257838_6646454885358087490_n.jpg 960w\" sizes=\"(max-width: 300px) 100vw, 300px\" \/><\/a>\n\t\t\t<\/dt><\/dl><br style=\"clear: both\" \/><dl class='gallery-item'>\n\t\t\t<dt class='gallery-icon landscape'>\n\t\t\t\t<a href='https:\/\/blog.cancaonova.com\/lavrinhas\/santa-missa-domingo-30-de-agosto-e-oratorio-festivo\/11940334_947803128591223_318573803058178892_n\/'><img loading=\"lazy\" decoding=\"async\" width=\"300\" height=\"225\" src=\"https:\/\/blog.cancaonova.com\/lavrinhas\/files\/2015\/09\/11940334_947803128591223_318573803058178892_n-300x225.jpg\" class=\"attachment-medium size-medium\" alt=\"\" srcset=\"https:\/\/blog.cancaonova.com\/lavrinhas\/files\/2015\/09\/11940334_947803128591223_318573803058178892_n-300x225.jpg 300w, https:\/\/blog.cancaonova.com\/lavrinhas\/files\/2015\/09\/11940334_947803128591223_318573803058178892_n.jpg 960w\" sizes=\"(max-width: 300px) 100vw, 300px\" \/><\/a>\n\t\t\t<\/dt><\/dl><dl class='gallery-item'>\n\t\t\t<dt class='gallery-icon landscape'>\n\t\t\t\t<a href='https:\/\/blog.cancaonova.com\/lavrinhas\/santa-missa-domingo-30-de-agosto-e-oratorio-festivo\/11947671_947803505257852_4336834009184880968_n\/'><img loading=\"lazy\" decoding=\"async\" width=\"300\" height=\"225\" src=\"https:\/\/blog.cancaonova.com\/lavrinhas\/files\/2015\/09\/11947671_947803505257852_4336834009184880968_n-300x225.jpg\" class=\"attachment-medium size-medium\" alt=\"\" srcset=\"https:\/\/blog.cancaonova.com\/lavrinhas\/files\/2015\/09\/11947671_947803505257852_4336834009184880968_n-300x225.jpg 300w, https:\/\/blog.cancaonova.com\/lavrinhas\/files\/2015\/09\/11947671_947803505257852_4336834009184880968_n.jpg 960w\" sizes=\"(max-width: 300px) 100vw, 300px\" \/><\/a>\n\t\t\t<\/dt><\/dl><dl class='gallery-item'>\n\t\t\t<dt class='gallery-icon landscape'>\n\t\t\t\t<a href='https:\/\/blog.cancaonova.com\/lavrinhas\/santa-missa-domingo-30-de-agosto-e-oratorio-festivo\/11986526_947803911924478_7619990948054428075_n\/'><img loading=\"lazy\" decoding=\"async\" width=\"300\" height=\"225\" src=\"https:\/\/blog.cancaonova.com\/lavrinhas\/files\/2015\/09\/11986526_947803911924478_7619990948054428075_n-300x225.jpg\" class=\"attachment-medium size-medium\" alt=\"\" srcset=\"https:\/\/blog.cancaonova.com\/lavrinhas\/files\/2015\/09\/11986526_947803911924478_7619990948054428075_n-300x225.jpg 300w, https:\/\/blog.cancaonova.com\/lavrinhas\/files\/2015\/09\/11986526_947803911924478_7619990948054428075_n.jpg 960w\" sizes=\"(max-width: 300px) 100vw, 300px\" \/><\/a>\n\t\t\t<\/dt><\/dl><br style=\"clear: both\" \/><dl class='gallery-item'>\n\t\t\t<dt class='gallery-icon landscape'>\n\t\t\t\t<a href='https:\/\/blog.cancaonova.com\/lavrinhas\/santa-missa-domingo-30-de-agosto-e-oratorio-festivo\/11986563_947803938591142_7760599628600756072_n\/'><img loading=\"lazy\" decoding=\"async\" width=\"300\" height=\"225\" src=\"https:\/\/blog.cancaonova.com\/lavrinhas\/files\/2015\/09\/11986563_947803938591142_7760599628600756072_n-300x225.jpg\" class=\"attachment-medium size-medium\" alt=\"\" srcset=\"https:\/\/blog.cancaonova.com\/lavrinhas\/files\/2015\/09\/11986563_947803938591142_7760599628600756072_n-300x225.jpg 300w, https:\/\/blog.cancaonova.com\/lavrinhas\/files\/2015\/09\/11986563_947803938591142_7760599628600756072_n.jpg 960w\" sizes=\"(max-width: 300px) 100vw, 300px\" \/><\/a>\n\t\t\t<\/dt><\/dl><dl class='gallery-item'>\n\t\t\t<dt class='gallery-icon landscape'>\n\t\t\t\t<a href='https:\/\/blog.cancaonova.com\/lavrinhas\/santa-missa-domingo-30-de-agosto-e-oratorio-festivo\/11986939_947802871924582_6558997341337777008_n\/'><img loading=\"lazy\" decoding=\"async\" width=\"300\" height=\"225\" src=\"https:\/\/blog.cancaonova.com\/lavrinhas\/files\/2015\/09\/11986939_947802871924582_6558997341337777008_n-300x225.jpg\" class=\"attachment-medium size-medium\" alt=\"\" srcset=\"https:\/\/blog.cancaonova.com\/lavrinhas\/files\/2015\/09\/11986939_947802871924582_6558997341337777008_n-300x225.jpg 300w, https:\/\/blog.cancaonova.com\/lavrinhas\/files\/2015\/09\/11986939_947802871924582_6558997341337777008_n.jpg 960w\" sizes=\"(max-width: 300px) 100vw, 300px\" \/><\/a>\n\t\t\t<\/dt><\/dl><dl class='gallery-item'>\n\t\t\t<dt class='gallery-icon landscape'>\n\t\t\t\t<a href='https:\/\/blog.cancaonova.com\/lavrinhas\/santa-missa-domingo-30-de-agosto-e-oratorio-festivo\/11988297_947803145257888_776580537656303477_n\/'><img loading=\"lazy\" decoding=\"async\" width=\"300\" height=\"225\" src=\"https:\/\/blog.cancaonova.com\/lavrinhas\/files\/2015\/09\/11988297_947803145257888_776580537656303477_n-300x225.jpg\" class=\"attachment-medium size-medium\" alt=\"\" srcset=\"https:\/\/blog.cancaonova.com\/lavrinhas\/files\/2015\/09\/11988297_947803145257888_776580537656303477_n-300x225.jpg 300w, https:\/\/blog.cancaonova.com\/lavrinhas\/files\/2015\/09\/11988297_947803145257888_776580537656303477_n.jpg 960w\" sizes=\"(max-width: 300px) 100vw, 300px\" \/><\/a>\n\t\t\t<\/dt><\/dl><br style=\"clear: both\" \/><dl class='gallery-item'>\n\t\t\t<dt class='gallery-icon landscape'>\n\t\t\t\t<a href='https:\/\/blog.cancaonova.com\/lavrinhas\/santa-missa-domingo-30-de-agosto-e-oratorio-festivo\/11988626_947803735257829_7866789277605392916_n\/'><img loading=\"lazy\" decoding=\"async\" width=\"300\" height=\"225\" src=\"https:\/\/blog.cancaonova.com\/lavrinhas\/files\/2015\/09\/11988626_947803735257829_7866789277605392916_n-300x225.jpg\" class=\"attachment-medium size-medium\" alt=\"\" srcset=\"https:\/\/blog.cancaonova.com\/lavrinhas\/files\/2015\/09\/11988626_947803735257829_7866789277605392916_n-300x225.jpg 300w, https:\/\/blog.cancaonova.com\/lavrinhas\/files\/2015\/09\/11988626_947803735257829_7866789277605392916_n.jpg 960w\" sizes=\"(max-width: 300px) 100vw, 300px\" \/><\/a>\n\t\t\t<\/dt><\/dl><dl class='gallery-item'>\n\t\t\t<dt class='gallery-icon landscape'>\n\t\t\t\t<a href='https:\/\/blog.cancaonova.com\/lavrinhas\/santa-missa-domingo-30-de-agosto-e-oratorio-festivo\/11990558_947803221924547_7162896428868564033_n\/'><img loading=\"lazy\" decoding=\"async\" width=\"300\" height=\"225\" src=\"https:\/\/blog.cancaonova.com\/lavrinhas\/files\/2015\/09\/11990558_947803221924547_7162896428868564033_n-300x225.jpg\" class=\"attachment-medium size-medium\" alt=\"\" srcset=\"https:\/\/blog.cancaonova.com\/lavrinhas\/files\/2015\/09\/11990558_947803221924547_7162896428868564033_n-300x225.jpg 300w, https:\/\/blog.cancaonova.com\/lavrinhas\/files\/2015\/09\/11990558_947803221924547_7162896428868564033_n.jpg 960w\" sizes=\"(max-width: 300px) 100vw, 300px\" \/><\/a>\n\t\t\t<\/dt><\/dl><dl class='gallery-item'>\n\t\t\t<dt class='gallery-icon landscape'>\n\t\t\t\t<a href='https:\/\/blog.cancaonova.com\/lavrinhas\/santa-missa-domingo-30-de-agosto-e-oratorio-festivo\/11990655_947803058591230_6522666059477823732_n\/'><img loading=\"lazy\" decoding=\"async\" width=\"300\" height=\"225\" src=\"https:\/\/blog.cancaonova.com\/lavrinhas\/files\/2015\/09\/11990655_947803058591230_6522666059477823732_n-300x225.jpg\" class=\"attachment-medium size-medium\" alt=\"\" srcset=\"https:\/\/blog.cancaonova.com\/lavrinhas\/files\/2015\/09\/11990655_947803058591230_6522666059477823732_n-300x225.jpg 300w, https:\/\/blog.cancaonova.com\/lavrinhas\/files\/2015\/09\/11990655_947803058591230_6522666059477823732_n.jpg 960w\" sizes=\"(max-width: 300px) 100vw, 300px\" \/><\/a>\n\t\t\t<\/dt><\/dl><br style=\"clear: both\" \/><dl class='gallery-item'>\n\t\t\t<dt class='gallery-icon landscape'>\n\t\t\t\t<a href='https:\/\/blog.cancaonova.com\/lavrinhas\/santa-missa-domingo-30-de-agosto-e-oratorio-festivo\/11990472_947804021924467_8442795572535703182_n\/'><img loading=\"lazy\" decoding=\"async\" width=\"300\" height=\"225\" src=\"https:\/\/blog.cancaonova.com\/lavrinhas\/files\/2015\/09\/11990472_947804021924467_8442795572535703182_n-300x225.jpg\" class=\"attachment-medium size-medium\" alt=\"\" srcset=\"https:\/\/blog.cancaonova.com\/lavrinhas\/files\/2015\/09\/11990472_947804021924467_8442795572535703182_n-300x225.jpg 300w, https:\/\/blog.cancaonova.com\/lavrinhas\/files\/2015\/09\/11990472_947804021924467_8442795572535703182_n.jpg 960w\" sizes=\"(max-width: 300px) 100vw, 300px\" \/><\/a>\n\t\t\t<\/dt><\/dl><dl class='gallery-item'>\n\t\t\t<dt class='gallery-icon landscape'>\n\t\t\t\t<a href='https:\/\/blog.cancaonova.com\/lavrinhas\/santa-missa-domingo-30-de-agosto-e-oratorio-festivo\/11990611_947803518591184_6728599579797379703_n\/'><img loading=\"lazy\" decoding=\"async\" width=\"300\" height=\"225\" src=\"https:\/\/blog.cancaonova.com\/lavrinhas\/files\/2015\/09\/11990611_947803518591184_6728599579797379703_n-300x225.jpg\" class=\"attachment-medium size-medium\" alt=\"\" srcset=\"https:\/\/blog.cancaonova.com\/lavrinhas\/files\/2015\/09\/11990611_947803518591184_6728599579797379703_n-300x225.jpg 300w, https:\/\/blog.cancaonova.com\/lavrinhas\/files\/2015\/09\/11990611_947803518591184_6728599579797379703_n.jpg 960w\" sizes=\"(max-width: 300px) 100vw, 300px\" \/><\/a>\n\t\t\t<\/dt><\/dl><dl class='gallery-item'>\n\t\t\t<dt class='gallery-icon landscape'>\n\t\t\t\t<a href='https:\/\/blog.cancaonova.com\/lavrinhas\/santa-missa-domingo-30-de-agosto-e-oratorio-festivo\/11988713_947803985257804_3823475091171183215_n\/'><img loading=\"lazy\" decoding=\"async\" width=\"300\" height=\"225\" src=\"https:\/\/blog.cancaonova.com\/lavrinhas\/files\/2015\/09\/11988713_947803985257804_3823475091171183215_n-300x225.jpg\" class=\"attachment-medium size-medium\" alt=\"\" srcset=\"https:\/\/blog.cancaonova.com\/lavrinhas\/files\/2015\/09\/11988713_947803985257804_3823475091171183215_n-300x225.jpg 300w, https:\/\/blog.cancaonova.com\/lavrinhas\/files\/2015\/09\/11988713_947803985257804_3823475091171183215_n.jpg 960w\" sizes=\"(max-width: 300px) 100vw, 300px\" \/><\/a>\n\t\t\t<\/dt><\/dl><br style=\"clear: both\" \/><dl class='gallery-item'>\n\t\t\t<dt class='gallery-icon landscape'>\n\t\t\t\t<a href='https:\/\/blog.cancaonova.com\/lavrinhas\/santa-missa-domingo-30-de-agosto-e-oratorio-festivo\/11986405_947804038591132_6409128361024545204_n\/'><img loading=\"lazy\" decoding=\"async\" width=\"300\" height=\"225\" src=\"https:\/\/blog.cancaonova.com\/lavrinhas\/files\/2015\/09\/11986405_947804038591132_6409128361024545204_n-300x225.jpg\" class=\"attachment-medium size-medium\" alt=\"\" srcset=\"https:\/\/blog.cancaonova.com\/lavrinhas\/files\/2015\/09\/11986405_947804038591132_6409128361024545204_n-300x225.jpg 300w, https:\/\/blog.cancaonova.com\/lavrinhas\/files\/2015\/09\/11986405_947804038591132_6409128361024545204_n.jpg 960w\" sizes=\"(max-width: 300px) 100vw, 300px\" \/><\/a>\n\t\t\t<\/dt><\/dl>\n\t\t\t<br style='clear: both' \/>\n\t\t<\/div>\n\n","protected":false},"excerpt":{"rendered":"<p>Neste domingo \u00e0 Casa de Lavrinhas recebeu os moradores de Lavrinhas na Santa Missa \u00e0s 09h da manh\u00e3, Missa que foi especial para as crian\u00e7as, presidida pelo Pe. Arlon Cristian que nos convidou a termos atitudes diferentes diante das pessoas&#8230;<\/p>\n","protected":false},"author":3291,"featured_media":0,"comment_status":"open","ping_status":"open","sticky":false,"template":"","format":"standard","meta":{"_mi_skip_tracking":false,"_monsterinsights_sitenote_active":false,"_monsterinsights_sitenote_note":"","_monsterinsights_sitenote_category":0,"footnotes":""},"categories":[1],"tags":[],"_links":{"self":[{"href":"https:\/\/blog.cancaonova.com\/lavrinhas\/wp-json\/wp\/v2\/posts\/3708"}],"collection":[{"href":"https:\/\/blog.cancaonova.com\/lavrinhas\/wp-json\/wp\/v2\/posts"}],"about":[{"href":"https:\/\/blog.cancaonova.com\/lavrinhas\/wp-json\/wp\/v2\/types\/post"}],"author":[{"embeddable":true,"href":"https:\/\/blog.cancaonova.com\/lavrinhas\/wp-json\/wp\/v2\/users\/3291"}],"replies":[{"embeddable":true,"href":"https:\/\/blog.cancaonova.com\/lavrinhas\/wp-json\/wp\/v2\/comments?post=3708"}],"version-history":[{"count":2,"href":"https:\/\/blog.cancaonova.com\/lavrinhas\/wp-json\/wp\/v2\/posts\/3708\/revisions"}],"predecessor-version":[{"id":3735,"href":"https:\/\/blog.cancaonova.com\/lavrinhas\/wp-json\/wp\/v2\/posts\/3708\/revisions\/3735"}],"wp:attachment":[{"href":"https:\/\/blog.cancaonova.com\/lavrinhas\/wp-json\/wp\/v2\/media?parent=3708"}],"wp:term":[{"taxonomy":"category","embeddable":true,"href":"https:\/\/blog.cancaonova.com\/lavrinhas\/wp-json\/wp\/v2\/categories?post=3708"},{"taxonomy":"post_tag","embeddable":true,"href":"https:\/\/blog.cancaonova.com\/lavrinhas\/wp-json\/wp\/v2\/tags?post=3708"}],"curies":[{"name":"wp","href":"https:\/\/api.w.org\/{rel}","templated":true}]}}