{"id":4166,"date":"2017-01-30T14:01:59","date_gmt":"2017-01-30T17:01:59","guid":{"rendered":"http:\/\/blog.cancaonova.com\/lavrinhas\/?p=4166"},"modified":"2017-03-06T15:18:27","modified_gmt":"2017-03-06T18:18:27","slug":"retiro-de-carnaval-presencas-confirmadas","status":"publish","type":"post","link":"https:\/\/blog.cancaonova.com\/lavrinhas\/retiro-de-carnaval-presencas-confirmadas\/","title":{"rendered":"Retiro de Carnaval 2017"},"content":{"rendered":"<h1 style=\"text-align: center\">Carnaval Feliz \u00e9 Carnaval com Cristo!!!<\/h1>\n<h2 style=\"text-align: center\">De 24 a 28 de Fevereiro de 2017 a Can\u00e7\u00e3o Nova Lavrinhas promove o Retiro de Carnaval com o tema<span style=\"font-size: 17.5px\">\u00a0&#8220;Rio de \u00c1gua Viva&#8221;.<\/span><\/h2>\n<p style=\"text-align: center\">Foram\u00a0dias de muito louvor, ora\u00e7\u00e3o, prega\u00e7\u00f5es, lazer e todas as noites uma atividade diferente.<\/p>\n<h3 style=\"text-align: center\"><span style=\"color: #ff0000\">Quem esteve conosco:\u00a0Dunga, Professor Felipe Aquino, Adriano Gon\u00e7alves, Fernanda e Guilherme Zaparolli, Marelena Cardoso, Emanuel St\u00eanio, Padre J\u00falio, Padre Arlon, Padre Edmilson Dias, Padre Ademir Costa, Padre Edison, Rogerinha Moreira, Pitter Di Laura e Maria Lata d&#8217;\u00e1gua.<\/span><\/h3>\n<p style=\"text-align: center\">Agradecemos a cada um que esteve aqui conosco vivendo estes dias de retiro e tamb\u00e9m por aqueles que intercederam por n\u00f3s!<\/p>\n<h2 style=\"text-align: center\"><strong>Veja as fotos do Retiro clicando <a href=\"https:\/\/www.facebook.com\/media\/set\/?set=a.1327512233953642.1073742020.505442249493982&amp;type=1&amp;l=91f1de6809\">aqui<\/a>:\u00a0<\/strong><\/h2>\n<p style=\"text-align: center\"><a href=\"http:\/\/blog.cancaonova.com\/lavrinhas\/files\/2017\/01\/IMG_20170222_203944_799.jpg\"><img loading=\"lazy\" decoding=\"async\" class=\"aligncenter size-full wp-image-4185\" src=\"http:\/\/blog.cancaonova.com\/lavrinhas\/files\/2017\/01\/IMG_20170222_203944_799.jpg\" alt=\"IMG_20170222_203944_799\" width=\"720\" height=\"720\" srcset=\"https:\/\/blog.cancaonova.com\/lavrinhas\/files\/2017\/01\/IMG_20170222_203944_799.jpg 720w, https:\/\/blog.cancaonova.com\/lavrinhas\/files\/2017\/01\/IMG_20170222_203944_799-150x150.jpg 150w, https:\/\/blog.cancaonova.com\/lavrinhas\/files\/2017\/01\/IMG_20170222_203944_799-300x300.jpg 300w, https:\/\/blog.cancaonova.com\/lavrinhas\/files\/2017\/01\/IMG_20170222_203944_799-144x144.jpg 144w\" sizes=\"(max-width: 720px) 100vw, 720px\" \/><\/a><a href=\"http:\/\/blog.cancaonova.com\/lavrinhas\/files\/2017\/01\/Cartaz_20170103110915334.jpg\"><br \/>\n<\/a><\/p>\n<p style=\"text-align: center\">\n","protected":false},"excerpt":{"rendered":"<p>Carnaval Feliz \u00e9 Carnaval com Cristo!!! De 24 a 28 de Fevereiro de 2017 a Can\u00e7\u00e3o Nova Lavrinhas promove o Retiro de Carnaval com o tema\u00a0&#8220;Rio de \u00c1gua Viva&#8221;. Foram\u00a0dias de muito louvor, ora\u00e7\u00e3o, prega\u00e7\u00f5es, lazer e todas as noites&#8230;<\/p>\n","protected":false},"author":3291,"featured_media":0,"comment_status":"open","ping_status":"open","sticky":false,"template":"","format":"standard","meta":{"_mi_skip_tracking":false,"_monsterinsights_sitenote_active":false,"_monsterinsights_sitenote_note":"","_monsterinsights_sitenote_category":0,"footnotes":""},"categories":[441],"tags":[],"_links":{"self":[{"href":"https:\/\/blog.cancaonova.com\/lavrinhas\/wp-json\/wp\/v2\/posts\/4166"}],"collection":[{"href":"https:\/\/blog.cancaonova.com\/lavrinhas\/wp-json\/wp\/v2\/posts"}],"about":[{"href":"https:\/\/blog.cancaonova.com\/lavrinhas\/wp-json\/wp\/v2\/types\/post"}],"author":[{"embeddable":true,"href":"https:\/\/blog.cancaonova.com\/lavrinhas\/wp-json\/wp\/v2\/users\/3291"}],"replies":[{"embeddable":true,"href":"https:\/\/blog.cancaonova.com\/lavrinhas\/wp-json\/wp\/v2\/comments?post=4166"}],"version-history":[{"count":6,"href":"https:\/\/blog.cancaonova.com\/lavrinhas\/wp-json\/wp\/v2\/posts\/4166\/revisions"}],"predecessor-version":[{"id":4177,"href":"https:\/\/blog.cancaonova.com\/lavrinhas\/wp-json\/wp\/v2\/posts\/4166\/revisions\/4177"}],"wp:attachment":[{"href":"https:\/\/blog.cancaonova.com\/lavrinhas\/wp-json\/wp\/v2\/media?parent=4166"}],"wp:term":[{"taxonomy":"category","embeddable":true,"href":"https:\/\/blog.cancaonova.com\/lavrinhas\/wp-json\/wp\/v2\/categories?post=4166"},{"taxonomy":"post_tag","embeddable":true,"href":"https:\/\/blog.cancaonova.com\/lavrinhas\/wp-json\/wp\/v2\/tags?post=4166"}],"curies":[{"name":"wp","href":"https:\/\/api.w.org\/{rel}","templated":true}]}}