{"id":1916,"date":"2011-12-05T14:07:09","date_gmt":"2011-12-05T16:07:09","guid":{"rendered":"http:\/\/blog.cancaonova.com\/livresdetodomal\/?p=1916"},"modified":"2011-12-05T14:07:09","modified_gmt":"2011-12-05T16:07:09","slug":"perguntas-e-respostas-2","status":"publish","type":"post","link":"https:\/\/blog.cancaonova.com\/livresdetodomal\/perguntas-e-respostas-2\/","title":{"rendered":"Perguntas e Respostas"},"content":{"rendered":"<p><span style=\"color: #3366ff\">Caso queira fazer a sua pergunta ou tirar uma d\u00favida sobre os assuntos tratados ou relacionados a este Blog, me adicione ao seu TWITTER e deixa l\u00e1 a sua pergunta.<\/span><\/p>\n<p><span style=\"color: #3366ff\"><strong>Na medida do\u00a0poss\u00edvel estarei postando as mesmas aqui em meu Blog.<\/strong><\/span><\/p>\n<p><span style=\"color: #3366ff\"><strong><span style=\"text-decoration: underline\"><br \/>\n<\/span><\/strong><\/span><\/p>\n<p><span style=\"color: #3366ff\"><br \/>\n<\/span><\/p>\n<p><strong><span style=\"text-decoration: underline\">PERGUNTAS:<\/span><\/strong><\/p>\n<p><strong>1) <\/strong><strong>Pode &#8211; se fazer um exorcismo para uma pessoa distante, sem ela saber?<\/strong><\/p>\n<p><span style=\"color: #808080\">&#8220;Pode. J\u00e1 disse que frequentemente, exorcizo pelo telefone e com efic\u00e1cia; outras vezes, fa\u00e7o exorcismos (isto \u00e9, ora\u00e7\u00f5es) por aquelas pessoas mais atingidas que se dirigem a mim, embora n\u00e3o saibam, sobretudo a noite. O que n\u00e3o se pode fazer \u00e9 exorcizar uma pessoa contra a sua vontade: o Senhor oferece seus dons, nunca os imp\u00f5e.&#8221;<\/span><span style=\"color: #0000ff\"> (Pe. Gabrielle Amorth &#8211; Novos Relatos de um Exorcista)<\/span><\/p>\n<p><span style=\"font-size: 13.3333px\"><strong>2) H\u00e1 exorcistas mais fortes e exorcistas mais fracos, ou todos s\u00e3o iguais?<\/strong><\/span><\/p>\n<p><span style=\"font-size: 13.3333px\"><strong> <\/strong><span style=\"color: #808080\">&#8220;\u00c9 inegav\u00e9l que h\u00e1 diferen\u00e7a entre os exorcistas. Depende de fatores de \u00edndole espiritual (a intensidade da ora\u00e7\u00e3o, de uni\u00e3o com Deus, de sacrificios; ouso dizer, depende da santidade) e de fatores humanos como a experiencia, a inteligencia, a cultura especifica, a intui\u00e7\u00e3o&#8230;Contudo, n\u00e3o \u00e9 facil avaliar estes fatores e seria errado pretender fazer compara\u00e7\u00f5es porque s\u00f3 Deus \u00e9 juiz. A prop\u00f3sito, um exorcista franc\u00eas, respondendo ao seu bispo esta mesma pergunta, apresentou &#8211; lhe a lista das coisas novas que tinha aprendido, ano ap\u00f3s ano, durante o exerc\u00edcio deste ministerio. Em suma, ele quis dizer: s\u00f3 posso comparar &#8211; me comigo mesmo e vi que tenho sempre que aprender, mas tamb\u00e9m vi as vantagens da experi\u00eancia.<\/span><\/span><\/p>\n<p><span style=\"font-size: 13.3333px\"><span style=\"color: #808080\">Al\u00e9m disso, n\u00e3o podemos nos esquecer de que, neste setor, influenciam muitos outros fatores: o desempenho da f\u00e9 e da ora\u00e7\u00e3o da pessoa atingida e dos seus familiares; a f\u00e9 na Intercess\u00e3o da Igreja e, consequentemente, a exig\u00eancia de ver, no exorcista, um instrumento de Deus, designado pelo bispo. Tamb\u00e9m notei que h\u00e1 exorcistas que s\u00e3o mais eficazes com determinados tipos de malef\u00edcios e outros com outro tipo de males. Mas depois, \u00e9 o Senhor quem decide concede &#8211; como quer &#8211; a gra\u00e7a do resultado a um e ao outro, para que s\u00f3 a Ele se d\u00ea gra\u00e7as.&#8221;<\/span> <span style=\"color: #0000ff\">(Pe. Gabrielle Amorth &#8211; Novos Relatos de um Exorcista)<\/span><\/span><\/p>\n<p><span style=\"color: #0000ff\"><span style=\"color: #000000\"><strong>3) <\/strong><\/span><\/span><span style=\"font-size: 13.3333px\"><strong> <\/strong><strong>Qual \u00e9 a causa para que o dem\u00f4nio permane\u00e7a mais ou menos tempo na mesma pessoa?<\/strong><\/span><\/p>\n<p><span style=\"font-size: 13.3333px\"><span style=\"color: #808080\"><span style=\"color: #808080\">&#8220;<\/span><\/span><span style=\"color: #808080\">A expuls\u00e3o do dem\u00f4nio depende de uma interven\u00e7\u00e3o extraordin\u00e1ria de Deus. Ou seja, cada expuls\u00e3o do dem\u00f4nio constitui um verdadeiro milagre. E Deus pode pratic\u00e1-lo a qualquer momento. N\u00f3s, exorcistas, podemos prever, atrav\u00e9s de algo que nos oriente, quanto tempo ser-nos-\u00e1 necess\u00e1rio para expulsar o dem\u00f4nio de uma pessoa. Por exemplo, uma crian\u00e7a. \u00c9 mais f\u00e1cil expulsar o diabo de uma crian\u00e7a que de um adulto. O mesmo passa-se em rela\u00e7\u00e3o a uma pessoa que nos procura logo ap\u00f3s ter sido possu\u00edda, uma vez que o dem\u00f4nio ainda n\u00e3o teve tempo de deitar ra\u00edzes naquela pessoa. O primeiro exorcismo fala em \u201cerradicar e expulsar o dem\u00f4nio\u201d.<\/span><\/span><\/p>\n<p><span style=\"color: #808080\">Ao contr\u00e1rio, torna-se muito mais dif\u00edcil quando sou procurado por pessoas de 50, 60 anos, e ao fazer-lhes exorcismos falando com o dem\u00f4nio &#8211; pois eu falo diretamente com o dem\u00f4nio quando a pessoa est\u00e1 endemoninhada -, descubro que \u00e0s vezes a pessoa era crian\u00e7a ou ainda se encontrava no pr\u00f3prio seio materno quando sofreu os primeiros ataques do Maligno.&#8221; <span style=\"color: #0000ff\">(<\/span><span style=\"color: #0000ff\">Pe. Gabrielle Amorth)<\/span><\/span><\/p>\n<p><span style=\"color: #808080\"><span style=\"color: #000000\"><strong>4)<\/strong><\/span><\/span><span style=\"font-size: 13.3333px\"><strong> Os dem\u00f4nios t\u00eam nomes?<\/strong><\/span><\/p>\n<p><span style=\"color: #808080\">&#8220;Quando constringidos pelo exorcista a dizer seus nomes, costumam apresent\u00e1-los. Os que t\u00eam nomes b\u00edblicos ou de tradi\u00e7\u00e3o b\u00edblica, s\u00e3o dem\u00f4nios fortes e \u00e9 muito mais trabalhoso exorciz\u00e1-los. Continuamente d\u00e3o nomes como Satan\u00e1s, Asmodeu, Lilite, denomina\u00e7\u00f5es igualmente importantes. O nome L\u00facifer \u00e9 de tradi\u00e7\u00e3o b\u00edblica e n\u00e3o um nome b\u00edblico. Ou seja, n\u00f3s o atribu\u00edmos \u00e0 B\u00edblia, mas esta n\u00e3o cita L\u00facifer. Encontramos freq\u00fcentemente um dem\u00f4nio de nome Zabulom. O nome Zabulom, encontramo-lo na B\u00edblia, mas nunca como dem\u00f4nio. Zabulom \u00e9 uma das 12 tribos de Israel. H\u00e1 um dem\u00f4nio, por\u00e9m, que tomou posse desse nome e \u00e9 um dem\u00f4nio fort\u00edssimo.<\/span><\/p>\n<p><span style=\"color: #808080\">Encontramos nas Sagradas Escrituras o dem\u00f4nio Asmodeu. Deparo-me muit\u00edssimas vezes com ele, porque \u00e9 o dem\u00f4nio que destr\u00f3i os casamentos. Ele rompe os matrim\u00f4nios ou os impede. \u00c9 tremendo!<\/span><\/p>\n<p><span style=\"color: #808080\">Uma pessoa possu\u00edda ou possessa, in genere, pode estar dominada por muitos dem\u00f4nios. Temos um exemplo no Evangelho, quando Nosso Senhor interroga os endemoninhados de Gerasara e pergunta: \u201cComo te chamas?\u201d E o dem\u00f4nio responde: \u201cLegi\u00e3o\u201d, porque s\u00e3o muitos.<\/span><\/p>\n<p><span style=\"color: #808080\"> Lembro o caso de um dem\u00f4nio fort\u00edssimo que possu\u00eda uma freira, uma possess\u00e3o tremenda (\u00e0s vezes, s\u00e3o v\u00edtimas que se oferecem pela convers\u00e3o dos pecadores e sofrem esta esp\u00e9cie de possess\u00e3o). Quando eu lhe perguntava o n\u00famero, respondia-me: \u201cMilhares!\u201d \u201cMilhares!\u201d \u201cMilhares!\u201d <span style=\"color: #0000ff\">(<\/span><span style=\"color: #0000ff\">Pe. Gabrielle Amorth)<\/span><\/span><\/p>\n<p><span style=\"color: #0000ff\"><span style=\"color: #000000\"><strong>5) Qual o rosto de Satan\u00e1s? Ele tem forma?<\/strong><\/span><\/span><\/p>\n<p><span style=\"color: #0000ff\"><span style=\"color: #000000\"><strong><span style=\"color: #808080\">&#8220;<\/span><\/strong><\/span><\/span><span style=\"font-size: 13.3333px\"><span style=\"color: #808080\">Satan\u00e1s \u00e9 um puro espirito. Somos n\u00f3s que, para imagin\u00e1 \u2013 lo damos uma representa\u00e7\u00e3o f\u00edsica a ele; quando aparece, assume um aspecto sens\u00edvel. Por mais feio que o possamos representar, \u00e9 sempre imensamente mais feio; n\u00e3o se trata de feiura f\u00edsica, mas de perf\u00eddia e afastamento de Deus, o sumo bem e o cume de toda beleza. Penso que a representa\u00e7\u00e3o com chifres, rabo e asas de morcego quer significar a degrada\u00e7\u00e3o a que chegou este ser espiritual que, criado bom e esplendoroso se tornou arrepiante e p\u00e9rfido. Deste modo, n\u00f3s, consoante a nossa mentalidade, vamos imaginando \u2013 o um pouco como um homem, que foi mortificado ao n\u00edvel animal (cornos, cascos, rabo, asas&#8230;). Mas trata \u2013 se da nossa imagina\u00e7\u00e3o. Como tamb\u00e9m o dem\u00f4nio, quando quer se tornar visivelmente presente, assume aspecto sens\u00edvel, falso, mas \u00e9 para se mostrar: poderia ser um cavalheiro elegante; varia segundo o efeito que quer provocar: de modo ou atra\u00e7\u00e3o.<\/span><\/span><\/p>\n<p><span style=\"color: #808080\">Quanto aos cheiros (enxofre, queimado, estrume&#8230;), trata \u2013 se de fen\u00f4menos que o dem\u00f4nio pode provocar, como tamb\u00e9m pode provocar fen\u00f4menos f\u00edsicos sobre a mat\u00e9ria e males f\u00edsicos no corpo humano.<\/span><\/p>\n<p><span style=\"color: #808080\">Pode ainda agir na nossa psique atrav\u00e9s de sonhos, pensamentos e fantasias; e podem nos transmitir os seus sentimentos: \u00f3dio e desespero.<\/span><\/p>\n<p><span style=\"color: #808080\">S\u00e3o tudo fen\u00f4menos que se verificam nas pessoas atingidas por males sat\u00e2nicos e, sobretudo, nos casos de possess\u00e3o. Mas a verdadeira feiura deste ser espiritual \u00e9 superior a qualquer imagina\u00e7\u00e3o humana e a qualquer possibilidade de representa\u00e7\u00e3o.&#8221;<\/span> <span style=\"color: #0000ff\">(Pe. Gabrielle Amorth)<\/span><\/p>\n<p><strong>6) Existem possess\u00f5es mais ou menos graves? O dem\u00f4nio pode dar poderes, benef\u00edcios<\/strong>?<\/p>\n<p><span style=\"color: #808080\">&#8220;Existe uma\u00a0vasta s\u00e9rie de possess\u00f5es diab\u00f3licas, diferentes em intensidade e em manifesta\u00e7\u00f5es. Existe diferen\u00e7a de intensidade.<\/span><\/p>\n<p><span style=\"color: #808080\">Veio me procurar, uma jovem de 15 anos, que h\u00e1 alguns dias\u00a0tinha ido assistir, por curiosidade, a um ritual sat\u00e2nico. De volta para casa,\u00a0<em>ficou furiosa, dava pontap\u00e9s e arranhava os familiares que procuravam det\u00ea-la, cuspia neles<\/em>.<\/span><\/p>\n<p><span style=\"color: #808080\"> <\/span><\/p>\n<p><span style=\"color: #808080\"><em>Foram suficientes poucos minutos de exorcismos<\/em> para que fosse completamente libertada. Outras vezes, somam-se\u00a0v\u00e1rias causas, em diferentes idades da vida, e quando a pessoa vem procurar o exorcista\u00a0<em>\u00e9 necess\u00e1rio sanar toda uma s\u00e9rie de feridas<\/em>, exigindo, deste modo, um tratamento de muitos meses, frequentemente muitos anos, para atingir a plena liberta\u00e7\u00e3o.<\/span><\/p>\n<p><span style=\"color: #808080\">Existem\u00a0tamb\u00e9m\u00a0grandes diferen\u00e7as nas manifesta\u00e7\u00f5es externas. Cito dois casos extremos. H\u00e1 pessoas que se tornam furiosas, com uma for\u00e7a sobre-humana, gritam e procuram se atirar contra os presentes; contudo,\u00a0tamb\u00e9m j\u00e1 tive casos de absoluta imobilidade e sil\u00eancio, com uma total falta de rea\u00e7\u00f5es externas, que exigiram grande esfor\u00e7o e a colabora\u00e7\u00e3o de muitos elementos para compreender que se\u00a0tratava realmente de uma possess\u00e3o diab\u00f3lica. Entre estes casos extremos, h\u00e1 espa\u00e7o para uma s\u00e9rie de varia\u00e7\u00f5es intermediarias.<\/span><\/p>\n<p><span style=\"color: #808080\">Outra situa\u00e7\u00e3o \u00e9 a de quem consegue realizar completamente os seus compromissos profissionais e familiares, e afazeres\u00a0de modo que ningu\u00e9m tome conhecimento do seu mal; diferente \u00e9 a condi\u00e7\u00e3o de quem n\u00e3o \u00e9 capaz de fazer nada, de quem tem necessidade de assist\u00eancia cont\u00ednua e, por isso,\u00a0sente um t\u00e9dio mortal para com a vida.<\/span><\/p>\n<p><span style=\"color: #808080\"> <\/span><\/p>\n<p><span style=\"color: #808080\"><em>Passando \u00e0 outra pergunta<\/em>:\u00a0sim, o dem\u00f4nio pode dar poder e benef\u00edcios.\u00a0\u00c9 o que faz, por exemplo,\u00a0<em>com todos os magos e bruxos<\/em>:\u00a0o poder da adivinha\u00e7\u00e3o e de provocar perturba\u00e7\u00f5es; pode tamb\u00e9m\u00a0dar vantagens materiais de riqueza, sucesso, prazeres.<\/span><\/p>\n<p><span style=\"color: #808080\"> Mas uma vez que o dem\u00f4nio apenas pode fazer mal e querer o mal, combina sempre estes dons com grandes sofrimentos. Por isso, aqueles que pedem dons a satan\u00e1s fazem um p\u00e9ssimo neg\u00f3cio: vivem o inferno j\u00e1 nesta terra e, se n\u00e3o se converterem, ir\u00e3o vive-lo na outra vida tamb\u00e9m.&#8221; <\/span><span style=\"color: #0000ff\">( Padre Gabriele Amorth)<\/span><\/p>\n<p><span style=\"color: #000000\"><strong>7) Deus e o dem\u00f4nio falam entre si?<\/strong><\/span><\/p>\n<p><span style=\"color: #808080\">Temos na B\u00edblia que Satan\u00e1s por vezes quer censurar Deus pelos pecados que cometemos, nos acusando diante Dele, mas isso n\u00e3o pode ser considerado um di\u00e1logo aut\u00eantico.<\/span><\/p>\n<p><span style=\"color: #808080\">Ainda que Deus e Satan\u00e1s sejam seres espirituais, e isso poderia fazer com que a comunica\u00e7\u00e3o entre si fosse v\u00e1lida, estas conversas n\u00e3o acontecem!<\/span><\/p>\n<p><span style=\"color: #808080\">Satan\u00e1s n\u00e3o tem interesse de iniciar nenhum tipo de di\u00e1logo com quem ele odeia com todas as suas for\u00e7as. E da parte de Deu n\u00e3o h\u00e1 interesse de falar com aquele que Lhe odeia, com aquele que Lhe insulta e blasfema, pois Deus tem Sua Dignidade! E Deus tamb\u00e9m n\u00e3o quer falar porque na realidade n\u00e3o h\u00e1 nada sobre o que falar com Satan\u00e1s, uma vez que tudo j\u00e1 foi dito!<\/span><\/p>\n<p><strong>8 ) Qual a diferen\u00e7a entre tenta\u00e7\u00e3o e fraqueza humana?<\/strong><\/p>\n<p><span style=\"color: #808080\">Nem sempre \u00e9 poss\u00edvel termos uma no\u00e7\u00e3o clara de que aquilo que estamos sentindo prov\u00e9m da tenta\u00e7\u00e3o do Diabo ou prov\u00e9m da nossa\u00a0concupisc\u00eancia.<\/span><\/p>\n<p><span style=\"color: #808080\">Uma coisa \u00e9 certa, a diferen\u00e7a principal entre uma e outra \u00e9 de onde as mesmas nascem.<\/span><\/p>\n<p><span style=\"color: #808080\">Uma prov\u00e9m diretamente do Diabo, que quer com a mesma nos seduzir e arrastar ao pecado nos retirando da gra\u00e7a de Deus.<\/span><\/p>\n<p><span style=\"color: #808080\">A concupisc\u00eancia \u00e9 aquela inclina\u00e7\u00e3o que nasce de n\u00f3s mesmos, dos desejos da nossa carne que um dia foram corrompidos por consequ\u00eancia do pecado original. N\u00e3o tem a sua fonte ligada diretamente ao Diabo!<\/span><\/p>\n<p><span style=\"color: #808080\">Escrevi um artigo chamado <a href=\"http:\/\/blog.cancaonova.com\/livresdetodomal\/2011\/03\/18\/de-onde-vem-a-tentacao-que-estou-sofrendo\/\" target=\"_blank\"><span style=\"color: #3366ff\">\u201cDe onde vem a tenta\u00e7\u00e3o que estou sofrendo?\u201d<\/span><\/a> que nos ajuda a entender um pouco mais e discernirmos se o que estamos sentindo prov\u00e9m do Diabo ou de\u00a0 n\u00f3s mesmos.<\/span><\/p>\n<p><strong>9) Existe algum problema de eu utilizar incenso dentro de casa?<\/strong><\/p>\n<p><span style=\"color: #808080\">Na teoria n\u00e3o existe problema utilizar incenso dentro de casa no sentido de deixar somente a casa com um bom cheiro! O problema entra quando as pessoas come\u00e7am a confundir o uso do incenso com supersti\u00e7\u00e3o! Quando utilizam o incenso para &#8220;trazer bons flu\u00eddos&#8221; ou &#8220;espantar maus esp\u00edritos&#8221;&#8230;<\/span><\/p>\n<p><span style=\"color: #808080\">\u00c9 necess\u00e1rio portanto saber onde voc\u00ea esta comprando este tipo de material e para qual utilidade ele esta descrito em sua embalagem! Existem com\u00e9rcios que vendem o incenso e s\u00e3o com\u00e9rcios totalmente exot\u00e9ricos e por vezes consagrados a determinadas entidades! Assim como tamb\u00e9m as descri\u00e7\u00f5es nas embalagens dos incensos: Encontramos muitas vezes nas embalagens descri\u00e7\u00f5es como: &#8220;Para trazer paz&#8221;&#8230;&#8221;Para trazer alegria&#8221;e assim por diante! Conheci pessoas \u00a0que trabalhavam com com\u00e9rcios voltados ao exoterismo e que consagravam tudo o que estavam em seus com\u00e9rcios a entidades voltadas a sua cren\u00e7a! <\/span><\/p>\n<p><span style=\"color: #808080\">Portanto cuidado onde se compram estes produtos! Existe muitas lojas religiosas Cat\u00f3licas que trabalham tamb\u00e9m com o com\u00e9rcio de incenso e sabemos que n\u00e3o h\u00e1 nenhum tipo de contamina\u00e7\u00e3o ou algo voltado ao exoterismo! <\/span><\/p>\n<p><strong><br \/>\n<\/strong><\/p>\n<p><span style=\"color: #0000ff\"><span style=\"color: #000000\"><strong><br \/>\n<\/strong><strong> <\/strong><\/span><\/span><\/p>\n","protected":false},"excerpt":{"rendered":"<p>Caso queira fazer a sua pergunta ou tirar uma d\u00favida sobre os assuntos tratados ou relacionados a este Blog, me adicione ao seu TWITTER e deixa l\u00e1 a sua pergunta. Na medida do\u00a0poss\u00edvel estarei postando as mesmas aqui em meu&#8230; <a href=\"https:\/\/blog.cancaonova.com\/livresdetodomal\/perguntas-e-respostas-2\/\">Continue lendo <span class=\"meta-nav\">&rarr;<\/span><\/a><\/p>\n","protected":false},"author":4498,"featured_media":0,"comment_status":"open","ping_status":"open","sticky":false,"template":"","format":"standard","meta":{"_mi_skip_tracking":false,"_monsterinsights_sitenote_active":false,"_monsterinsights_sitenote_note":"","_monsterinsights_sitenote_category":0,"footnotes":""},"categories":[13411],"tags":[99315,7,16859,30470,6781,17172],"_links":{"self":[{"href":"https:\/\/blog.cancaonova.com\/livresdetodomal\/wp-json\/wp\/v2\/posts\/1916"}],"collection":[{"href":"https:\/\/blog.cancaonova.com\/livresdetodomal\/wp-json\/wp\/v2\/posts"}],"about":[{"href":"https:\/\/blog.cancaonova.com\/livresdetodomal\/wp-json\/wp\/v2\/types\/post"}],"author":[{"embeddable":true,"href":"https:\/\/blog.cancaonova.com\/livresdetodomal\/wp-json\/wp\/v2\/users\/4498"}],"replies":[{"embeddable":true,"href":"https:\/\/blog.cancaonova.com\/livresdetodomal\/wp-json\/wp\/v2\/comments?post=1916"}],"version-history":[{"count":1,"href":"https:\/\/blog.cancaonova.com\/livresdetodomal\/wp-json\/wp\/v2\/posts\/1916\/revisions"}],"predecessor-version":[{"id":1917,"href":"https:\/\/blog.cancaonova.com\/livresdetodomal\/wp-json\/wp\/v2\/posts\/1916\/revisions\/1917"}],"wp:attachment":[{"href":"https:\/\/blog.cancaonova.com\/livresdetodomal\/wp-json\/wp\/v2\/media?parent=1916"}],"wp:term":[{"taxonomy":"category","embeddable":true,"href":"https:\/\/blog.cancaonova.com\/livresdetodomal\/wp-json\/wp\/v2\/categories?post=1916"},{"taxonomy":"post_tag","embeddable":true,"href":"https:\/\/blog.cancaonova.com\/livresdetodomal\/wp-json\/wp\/v2\/tags?post=1916"}],"curies":[{"name":"wp","href":"https:\/\/api.w.org\/{rel}","templated":true}]}}