{"id":3786,"date":"2018-03-28T09:55:05","date_gmt":"2018-03-28T12:55:05","guid":{"rendered":"http:\/\/blog.cancaonova.com\/livresdetodomal\/?p=3786"},"modified":"2018-03-28T09:57:16","modified_gmt":"2018-03-28T12:57:16","slug":"preciso-de-ajuda-quem-procurar","status":"publish","type":"post","link":"https:\/\/blog.cancaonova.com\/livresdetodomal\/preciso-de-ajuda-quem-procurar\/","title":{"rendered":"Preciso de ajuda! Quem procurar?"},"content":{"rendered":"<h2 style=\"text-align: center\"><strong> Deus n\u00e3o tem Suas m\u00e3os atadas&#8230;<\/strong><\/h2>\n<p><img loading=\"lazy\" decoding=\"async\" class=\"wp-image-3797 aligncenter\" src=\"http:\/\/blog.cancaonova.com\/livresdetodomal\/files\/2012\/06\/Livres-de-todo-Mal-300x208.jpg\" alt=\"\" width=\"369\" height=\"256\" srcset=\"https:\/\/blog.cancaonova.com\/livresdetodomal\/files\/2012\/06\/Livres-de-todo-Mal-300x208.jpg 300w, https:\/\/blog.cancaonova.com\/livresdetodomal\/files\/2012\/06\/Livres-de-todo-Mal.jpg 800w\" sizes=\"(max-width: 369px) 100vw, 369px\" \/>Em um dos Acampamento de <strong>Cura e Liberta\u00e7\u00e3o<\/strong> que tivemos aqui em Cachoeira Paulista no ano de 2012, na qual tivemos a presen\u00e7a de <a href=\"http:\/\/blog.cancaonova.com\/livresdetodomal\/quem-e-padre-jose-fortea\/\" target=\"_blank\" rel=\"noopener\"><span style=\"color: #3366ff\">Padre Jos\u00e9 Fortea<\/span><\/a>, um padre Exorcista da Espanha, al\u00e9m de acompanha-lo nos dias em que ele ficou aqui na Can\u00e7\u00e3o Nova, nos tornamos grandes amigos ap\u00f3s este encontro, pude num dia conversar com ele por mais de uma hora sobre alguns casos de liberta\u00e7\u00e3o que pessoalmente estava acompanhando.<\/p>\n<p>Nesta conversa Deus falou forte ao meu cora\u00e7\u00e3o com uma frase na qual <a href=\"http:\/\/blog.cancaonova.com\/livresdetodomal\/quem-e-padre-jose-fortea\/\" target=\"_blank\" rel=\"noopener\"><span style=\"color: #3366ff\">Padre Jos\u00e9 Fortea<\/span><\/a> disse \u00e0 mim quando perguntei exatamente sobre a dificuldade que as pessoas tem aqui no Brasil de conseguir encontrar um Padre que seja realmente Exorcista,&nbsp;<!--more...Continue lendo...-->para que n\u00e3o se sintam t\u00e3o desamparadas em seus problemas espirituais, ou ainda a dificuldade de encontrar pessoas que se dediquem ao Minist\u00e9rio de Cura e Liberta\u00e7\u00e3o que as pudesse ajudar a compreender se de fato os seus problemas s\u00e3o ou n\u00e3o espirituais, perguntei o que ele recomendaria \u00e0 estas pessoas&#8230;.<\/p>\n<p><a href=\"http:\/\/blog.cancaonova.com\/livresdetodomal\/quem-e-padre-jose-fortea\/\" target=\"_blank\" rel=\"noopener\"><span style=\"color: #3366ff\">Padre Jose Fortea<\/span><\/a>, na sua simplicidade e humildade, me aconselhou que estas pessoas continuassem a participar de seus grupos de ora\u00e7\u00e3o. Que ent\u00e3o se reunissem em grupos de intercess\u00e3o para rezarem o Ter\u00e7o, rezarem os salmos, louvar ao Senhor com c\u00e2nticos, e clamarem \u00e0 Deus que Ele livre estas pessoas de todo o Mal.<br \/>\nAinda enfatizou que estes tipos de ora\u00e7\u00e3o na qual citei acima servem para <strong><em>DEBILITAR<\/em><\/strong> a a\u00e7\u00e3o do Mal sobre a vida das pessoas, e finalizou dizendo:<\/p>\n<p>&#8220;<em><strong>Danilo, Deus n\u00e3o tem Suas m\u00e3os atadas somente porque estas pessoas n\u00e3o conseguem encontrar o aux\u00edlio de que precisariam, Deus n\u00e3o tem Suas m\u00e3os atadas.<\/strong><\/em>&#8221;<\/p>\n<p>Isso me surpreendeu muito, apesar de ser algo que no fundo eu j\u00e1 sabia! Mas naquele momento caiu como uma palavra de <strong>ESPERAN\u00c7A <\/strong>do pr\u00f3prio Deus para mim, e para que eu pudesse tamb\u00e9m transmitir isso ao povo de Deus!<\/p>\n<p>Na verdade quero somente completar tudo isso na qual ele falou, dizendo \u00e0 voc\u00ea que se encontra com qualquer problema espiritual, que tem suas lutas di\u00e1rias, seus sofrimentos, ou que conhece pessoas que vivem estas realidades:<\/p>\n<p>Quero dizer a voc\u00ea que <em><strong>Deus n\u00e3o tem Suas m\u00e3os atadas para poder agir em sua vida<\/strong>, Deus n\u00e3o tem Suas m\u00e3os atadas para te Curar desta doen\u00e7a que te causa tanta dor e agonia, Deus n\u00e3o tem Suas m\u00e3os atadas para te Libertar deste pecado que h\u00e1 muito tempo voc\u00ea tem carregado e n\u00e3o tem conseguido vencer; <strong>Deus n\u00e3o tem Suas m\u00e3os atadas!<\/strong> Deus n\u00e3o tem Suas m\u00e3o atadas para Libertar de toda a opress\u00e3o do Dem\u00f4nio voc\u00ea e sua fam\u00edlia, Deus n\u00e3o tem Suas m\u00e3os atadas para livrar voc\u00ea desta situa\u00e7\u00e3o de adult\u00e9rio&#8230;<\/em><br \/>\nMas preste muita aten\u00e7\u00e3o, porque apesar de Deus n\u00e3o ter Suas m\u00e3os atadas, voc\u00ea precisa fazer aquilo que lhe cabe, aquilo que \u00e9 da sua parte: Voc\u00ea precisa <strong>rezar<\/strong>,<strong> rezar<\/strong> e <strong>rezar<\/strong>&#8230; N\u00e3o adianta voc\u00ea ter a consci\u00eancia que tem um problema espiritual e querer somente encontrar um Padre Exorcistas para rezar por voc\u00ea, ou ainda algu\u00e9m ministeriado em Cura e Liberta\u00e7\u00e3o, se voc\u00ea n\u00e3o fizer o m\u00ednimo que depende de voc\u00ea que \u00e9 <strong>rezar<\/strong>!<\/p>\n<p>Me lembro como se fosse ontem: Em um dos Acampamento passados de <strong>Cura e Liberta\u00e7\u00e3o<\/strong> com <span style=\"color: #3366ff\"><a href=\"http:\/\/blog.cancaonova.com\/livresdetodomal\/padre-rufus-entra-para-a-eternidade\/\" target=\"_blank\" rel=\"noopener\"><span style=\"color: #3366ff\">Padre Rufus<\/span><\/a> <\/span>voltaram alguns casos de Liberta\u00e7\u00e3o na qual o Padre Rufus j\u00e1 havia atendido em anos anteriores, na qual ele se lembrou que havia atendido, mas que porque n\u00e3o fizeram aquilo que ele havia recomendado como um caminho para a liberta\u00e7\u00e3o, ele n\u00e3o as atendeu novamente! Exatamente isso, Padre Rufus disse que de nada adiantava as pessoas virem, receberem ora\u00e7\u00e3o e depois retornarem a vida de pecado, abandonavam a ora\u00e7\u00e3o; e ainda cobravam de Deus serem libertas do Mal.<\/p>\n<p>E voc\u00ea pode estar se perguntando agora: <strong>&#8220;Mas somente a ora\u00e7\u00e3o pessoal ou a intercess\u00e3o s\u00e3o suficientes para me libertar de uma opress\u00e3o maligna ou de uma possess\u00e3o?<\/strong>&#8221;<\/p>\n<p>E te respondo com toda a certeza: <em>Nem sempre, pois h\u00e1 casos que somente com Exorcismos a pessoa \u00e9 totalmente liberta, h\u00e1 casos que pessoas ministeriadas precisam rezar e acompanhar, <strong>MAS EM TODOS OS CASOS<\/strong> se n\u00e3o houver a <strong>COOPERA\u00c7\u00c3O <\/strong>da sua <strong>VIDA DE ORA\u00c7\u00c3O<\/strong> e <strong>EMPENHO<\/strong>, toda e qualquer tentativa ser\u00e1 in\u00fatil!<\/em><\/p>\n<p><strong>Para encerrar e concluir<\/strong>: Deus n\u00e3o tem Suas m\u00e3os atadas para realizar em sua vida aquilo que voc\u00ea de fato precisa; mas Ele quer que voc\u00ea d\u00ea passos e colabore neste processo de Cura e Liberta\u00e7\u00e3o! Quer voc\u00ea encontre ou n\u00e3o a ajuda que procura, quer tenhamos a consci\u00eancia de que determinadas situa\u00e7\u00f5es s\u00e3o dif\u00edceis de resolver sem estas ajudas; a certeza \u00e9: Deus n\u00e3o esta com Suas m\u00e3os atadas, e tudo providenciar\u00e1, se o que depender de n\u00f3s for realizado.<\/p>\n<p><strong>Espero que tenha ficado claro para voc\u00ea!<\/strong><\/p>\n<p>Deus aben\u00e7oe voce!<\/p>\n<p style=\"text-align: justify\"><em><a href=\"http:\/\/www.mylivesignature.com\" target=\"_blank\" rel=\"noopener\"><img decoding=\"async\" style=\"border: 0 !important;background: transparent\" src=\"http:\/\/signatures.mylivesignature.com\/54491\/45\/EFB9864329F8DE170A020E5C11DB9261.png\" alt=\"\"\/><\/a><\/em><\/p>\n<p>&#8211; Nos siga no <a href=\"https:\/\/www.instagram.com\/livresdetodomal\" target=\"_blank\" rel=\"noopener\">Instagram<\/a><br \/>\n&#8211; Acompanhe tamb\u00e9m nossa Pagina no <a title=\"Acesse nossa Pagina no Facebook\" href=\"https:\/\/www.facebook.com\/livresdetodomal\" target=\"_blank\" rel=\"noopener\">Facebook<\/a><br \/>\n&#8211; Se inscreva em nosso canal no <a href=\"https:\/\/www.youtube.com\/channel\/UCtTV6_p58praRda6Thn9MGw\" target=\"_blank\" rel=\"noopener\">Youtube<\/a><br \/>\n&#8211; Me acompanhe diariamente pelo <a title=\"Acesse meu Twitter\" href=\"https:\/\/twitter.com\/danilogesualdo\" target=\"_blank\" rel=\"noopener\">Twitter<\/a><\/p>\n<p style=\"text-align: justify\"><em><strong>Leia tamb\u00e9m:<\/strong><\/em><\/p>\n<p style=\"text-align: justify\">1. <a href=\"http:\/\/blog.cancaonova.com\/livresdetodomal\/nao-entre-no-combate-de-maneira-leviana\/\" target=\"_blank\" rel=\"noopener\">N\u00e3o entre no Combate de maneira Leviana<\/a><\/p>\n<p style=\"text-align: justify\">2. <a href=\"http:\/\/blog.cancaonova.com\/livresdetodomal\/os-perigos-no-ministerio-de-libertacao\/\" target=\"_blank\" rel=\"noopener\">Os perigos no Minist\u00e9rio de Liberta\u00e7\u00e3o<\/a><\/p>\n<p style=\"text-align: justify\">3. <a href=\"http:\/\/blog.cancaonova.com\/livresdetodomal\/as-faces-da-nova-era\/\" target=\"_blank\" rel=\"noopener\">As faces da Nova Era<\/a><\/p>\n<table border=\"0\">\n<tbody>\n<tr>\n<td><img style=\"margin-left: 0px;margin-right: 5px;border: 0px\" alt=\"\" border=\"0\"\/><\/td>\n<td><span style=\"color: #0000ff\">Danilo Gesualdo, \u00e9 membro da Comunidade Can\u00e7\u00e3o Nova e atua junto ao Minist\u00e9rio de Cura e Liberta\u00e7\u00e3o, residindo em nossa sede em Cachoeira Paulista.<br \/>\nPara contato me envie um e-mail:<\/span> <strong>livresdetodomal@cancaonova.com<\/strong><\/td>\n<\/tr>\n<\/tbody>\n<\/table>\n<p style=\"border-bottom: 1px dotted #3A6DA1\">&nbsp;<\/p>\n","protected":false},"excerpt":{"rendered":"<p>Deus n\u00e3o tem Suas m\u00e3os atadas&#8230; Em um dos Acampamento de Cura e Liberta\u00e7\u00e3o que tivemos aqui em Cachoeira Paulista no ano de 2012, na qual tivemos a presen\u00e7a de Padre Jos\u00e9 Fortea, um padre Exorcista da Espanha, al\u00e9m de&#8230; <a href=\"https:\/\/blog.cancaonova.com\/livresdetodomal\/preciso-de-ajuda-quem-procurar\/\">Continue lendo <span class=\"meta-nav\">&rarr;<\/span><\/a><\/p>\n","protected":false},"author":4498,"featured_media":0,"comment_status":"open","ping_status":"open","sticky":false,"template":"","format":"standard","meta":{"_mi_skip_tracking":false,"_monsterinsights_sitenote_active":false,"_monsterinsights_sitenote_note":"","_monsterinsights_sitenote_category":0,"footnotes":""},"categories":[97589],"tags":[6721,8201,78038,7,99320,36854,16908],"_links":{"self":[{"href":"https:\/\/blog.cancaonova.com\/livresdetodomal\/wp-json\/wp\/v2\/posts\/3786"}],"collection":[{"href":"https:\/\/blog.cancaonova.com\/livresdetodomal\/wp-json\/wp\/v2\/posts"}],"about":[{"href":"https:\/\/blog.cancaonova.com\/livresdetodomal\/wp-json\/wp\/v2\/types\/post"}],"author":[{"embeddable":true,"href":"https:\/\/blog.cancaonova.com\/livresdetodomal\/wp-json\/wp\/v2\/users\/4498"}],"replies":[{"embeddable":true,"href":"https:\/\/blog.cancaonova.com\/livresdetodomal\/wp-json\/wp\/v2\/comments?post=3786"}],"version-history":[{"count":78,"href":"https:\/\/blog.cancaonova.com\/livresdetodomal\/wp-json\/wp\/v2\/posts\/3786\/revisions"}],"predecessor-version":[{"id":8338,"href":"https:\/\/blog.cancaonova.com\/livresdetodomal\/wp-json\/wp\/v2\/posts\/3786\/revisions\/8338"}],"wp:attachment":[{"href":"https:\/\/blog.cancaonova.com\/livresdetodomal\/wp-json\/wp\/v2\/media?parent=3786"}],"wp:term":[{"taxonomy":"category","embeddable":true,"href":"https:\/\/blog.cancaonova.com\/livresdetodomal\/wp-json\/wp\/v2\/categories?post=3786"},{"taxonomy":"post_tag","embeddable":true,"href":"https:\/\/blog.cancaonova.com\/livresdetodomal\/wp-json\/wp\/v2\/tags?post=3786"}],"curies":[{"name":"wp","href":"https:\/\/api.w.org\/{rel}","templated":true}]}}