{"id":5476,"date":"2020-02-20T09:09:10","date_gmt":"2020-02-20T12:09:10","guid":{"rendered":"http:\/\/blog.cancaonova.com\/livresdetodomal\/?p=5476"},"modified":"2020-02-20T09:11:18","modified_gmt":"2020-02-20T12:11:18","slug":"exorcista-espanhol-padre-jose-fortea-nos-fala-sobre-o-inicio-da-quaresma","status":"publish","type":"post","link":"https:\/\/blog.cancaonova.com\/livresdetodomal\/exorcista-espanhol-padre-jose-fortea-nos-fala-sobre-o-inicio-da-quaresma\/","title":{"rendered":"Exorcista espanhol, Padre Jos\u00e9 Fortea nos fala sobre o in\u00edcio da Quaresma"},"content":{"rendered":"<h2 style=\"text-align: center\">Exorcista aponta o que \u00e9 necess\u00e1rio refletir para o in\u00edcio da Quaresma.<\/h2>\n<div id=\"attachment_5477\" style=\"width: 379px\" class=\"wp-caption aligncenter\"><a href=\"http:\/\/blog.cancaonova.com\/livresdetodomal\/files\/2013\/02\/Padre-Jose-Fortea-5.jpg\"><img loading=\"lazy\" decoding=\"async\" aria-describedby=\"caption-attachment-5477\" class=\"wp-image-5477 \" src=\"http:\/\/blog.cancaonova.com\/livresdetodomal\/files\/2013\/02\/Padre-Jose-Fortea-5-300x199.jpg\" alt=\"Exorcista espanhol, Padre Jos\u00e9 Fortea nos fala sobre o in\u00edcio da Quaresma \" width=\"369\" height=\"245\" srcset=\"https:\/\/blog.cancaonova.com\/livresdetodomal\/files\/2013\/02\/Padre-Jose-Fortea-5-300x199.jpg 300w, https:\/\/blog.cancaonova.com\/livresdetodomal\/files\/2013\/02\/Padre-Jose-Fortea-5.jpg 800w\" sizes=\"(max-width: 369px) 100vw, 369px\" \/><\/a><p id=\"caption-attachment-5477\" class=\"wp-caption-text\">Padre Jos\u00e9 Fortea, Exorcista<\/p><\/div>\n<p>&#8220;<em>Come\u00e7amos a Quaresma. Prop\u00f3sitos de penit\u00eancia, de pequenas penit\u00eancias mas que possam ser levadas at\u00e9 o fim. Metas concretas e moderadas, por\u00e9m realistas.<\/em><br \/>\n<em> Eu farei todo o poss\u00edvel para que a <strong>Quaresma n\u00e3o acabe em uma mera cole\u00e7\u00e3o de aspira\u00e7\u00f5es n\u00e3o cumpridas<\/strong>. <!--more...Continue lendo...-->Contabilidade da alma, \u00e9 o conselho de Santo In\u00e1cio de Loyola.<\/em><\/p>\n<p><em>N\u00e3o sou um grande asceta. E isto eu lamento. Tenho meus pequenos prop\u00f3sitos de luta interior.<\/em><br \/>\n<em> Humildes batalhas que mant\u00e9m o calor da luta para expulsar todos os filisteus de minha alma. Batalhas ganhas, batalhas perdidas.<\/em><\/p>\n<p><strong><a href=\"http:\/\/blog.cancaonova.com\/livresdetodomal\/o-caminho-da-tentacao\/\" target=\"_blank\" rel=\"noopener\">:: O caminho da Tenta\u00e7\u00e3o<\/a><\/strong><br \/>\n<strong><a href=\"http:\/\/blog.cancaonova.com\/livresdetodomal\/minha-vida-precisa-mudar\/\" target=\"_blank\" rel=\"noopener\">:: Minha vida precisa mudar!<\/a><\/strong><br \/>\n<strong><a href=\"http:\/\/blog.cancaonova.com\/livresdetodomal\/preciso-de-cura-libertacao-ou-exorcismo-parte-1\/\" target=\"_blank\" rel=\"noopener\">:: Preciso de Cura, Liberta\u00e7\u00e3o ou Exorcismo<\/a><\/strong><\/p>\n<p><em>Muitas pessoas me admiram por eu ter orado anos e anos por pessoas possu\u00eddas. <strong>Mas a verdade \u00e9 que um asceta \u00e9 muito mais valioso que um exorcista.<\/strong> <strong>Ser um asceta \u00e9 mais dif\u00edcil do que ser um exorcista.<\/strong> O asceta, sem embargo, n\u00e3o \u00e9 valorizado. Muitas vezes se passa at\u00e9 mesmo por louco. Mas eu os asseguro que n\u00e3o se pode comparar a luz, o amor, e o valor de uma alma de algu\u00e9m que foi cruxificado com Cristo, ao lado de um exorcista que n\u00e3o seja um asceta. E eu os asseguro que muitos exorcistas na hist\u00f3ria n\u00e3o foram ascetas. Mas mesmo assim o poder do sacerd\u00f3cio atuava neles.<\/em><\/p>\n<p><em>Deus queira me ajudar para que nesta quaresma, eu consiga dar alguns passos adiante. Para que Deus dilua algumas gotas de asceticismo em meu cora\u00e7\u00e3o.<\/em><\/p>\n<p><em>Que o Jejum sagrado da Quarta &#8211; Feira de Cinzas, consagre os dias que est\u00e3o por vir.<\/em>&#8221;<\/p>\n<p><strong>Padre Jos\u00e9 Fortea<\/strong>.<\/p>\n<p>&nbsp;<strong>Deus aben\u00e7oe voc\u00ea!<\/strong><\/p>\n<p style=\"text-align: justify\"><em><a href=\"http:\/\/www.mylivesignature.com\" target=\"_blank\" rel=\"noopener\"><img decoding=\"async\" style=\"border: 0 !important;background: transparent\" src=\"http:\/\/signatures.mylivesignature.com\/54491\/45\/EFB9864329F8DE170A020E5C11DB9261.png\" alt=\"\"\/><\/a><\/em><\/p>\n<p>&#8211; Nos siga no <a href=\"https:\/\/www.instagram.com\/danilo_gesualdo\" target=\"_blank\" rel=\"noopener\"><span style=\"color: #0000ff\">Instagram<\/span><\/a><br \/>\n&#8211; Acompanhe tamb\u00e9m nossa Pagina no <a href=\"https:\/\/www.facebook.com\/livresdetodomal\" target=\"_blank\" rel=\"noopener\"><span style=\"color: #0000ff\">Facebook<\/span><\/a><br \/>\n&#8211; Se inscreva em nosso canal no <a href=\"https:\/\/www.youtube.com\/channel\/UCtTV6_p58praRda6Thn9MGw\" target=\"_blank\" rel=\"noopener\"><span style=\"color: #0000ff\">Youtube<\/span><\/a><br \/>\n&#8211; Me acompanhe diariamente pelo <a href=\"https:\/\/twitter.com\/danilogesualdo\" target=\"_blank\" rel=\"noopener\"><span style=\"color: #0000ff\">Twitter<\/span><\/a><\/p>\n<p style=\"text-align: justify\"><em><strong>Leia tamb\u00e9m:<\/strong><\/em><\/p>\n<p style=\"text-align: justify\">1.&nbsp;<a href=\"http:\/\/blog.cancaonova.com\/livresdetodomal\/que-fraquezas-e-pecados-estao-predominando-em-minha-vida\/\" target=\"_blank\" rel=\"noopener\"><span style=\"color: #3366ff\">Que fraquezas e pecados est\u00e3o predominando em minha vida?<\/span><\/a><\/p>\n<p style=\"text-align: justify\">2.<a href=\"http:\/\/blog.cancaonova.com\/livresdetodomal\/santo-agostinho-desmascarando-nova-era\/\" target=\"_blank\" rel=\"noopener\"><span style=\"color: #3366ff\"> Santo Agostinho desmascarando a Nova Era<\/span><\/a><\/p>\n<p style=\"text-align: justify\">3.&nbsp;<a href=\"http:\/\/blog.cancaonova.com\/livresdetodomal\/tibieza-o-veneno-diabolico-que-inebria-almas\/\" target=\"_blank\" rel=\"noopener\"><span style=\"color: #3366ff\">Tibieza: O veneno diab\u00f3lico que inebria as almas<\/span><\/a><br \/>\n&#8212;&#8212;&#8212;&#8212;&#8212;&#8212;&#8212;&#8212;&#8212;&#8212;&#8212;&#8212;&#8212;&#8212;&#8212;&#8212;&#8212;&#8212;&#8212;&#8212;&#8212;&#8212;&#8212;&#8212;&#8212;&#8212;&#8212;&#8212;&#8212;&#8212;&#8212;&#8212;&#8212;&#8212;&#8212;&#8212;&#8212;&#8212;&#8212;&#8212;&#8212;&#8212;<\/p>\n<p><img style=\"margin-left: 0px;margin-right: 5px;border: 0px\" alt=\"\" border=\"0\"\/><span style=\"color: #0000ff\">Danilo Gesualdo \u00e9 membro da Comunidade Can\u00e7\u00e3o Nova e atua junto ao Minist\u00e9rio de Cura e Liberta\u00e7\u00e3o.<br \/>\nPara contato, envie um e-mail para:&nbsp;<\/span><strong>livresdetodomal@cancaonova.com<\/strong>&nbsp;<\/p>\n<table border=\"0\">\n<tbody>\n<tr>\n<td><img style=\"margin-left: 0px;margin-right: 5px;border: 0px\" alt=\"\" border=\"0\"\/><\/td>\n<\/tr>\n<\/tbody>\n<\/table>\n<p style=\"border-bottom: 1px dotted #3A6DA1\">&nbsp;<\/p>\n","protected":false},"excerpt":{"rendered":"<p>Exorcista aponta o que \u00e9 necess\u00e1rio refletir para o in\u00edcio da Quaresma. &#8220;Come\u00e7amos a Quaresma. Prop\u00f3sitos de penit\u00eancia, de pequenas penit\u00eancias mas que possam ser levadas at\u00e9 o fim. Metas concretas e moderadas, por\u00e9m realistas. Eu farei todo o poss\u00edvel&#8230; <a href=\"https:\/\/blog.cancaonova.com\/livresdetodomal\/exorcista-espanhol-padre-jose-fortea-nos-fala-sobre-o-inicio-da-quaresma\/\">Continue lendo <span class=\"meta-nav\">&rarr;<\/span><\/a><\/p>\n","protected":false},"author":4498,"featured_media":5477,"comment_status":"open","ping_status":"open","sticky":false,"template":"","format":"standard","meta":{"_mi_skip_tracking":false,"_monsterinsights_sitenote_active":false,"_monsterinsights_sitenote_note":"","_monsterinsights_sitenote_category":0,"footnotes":""},"categories":[15731,97589],"tags":[78038,18792,261,99320,561],"_links":{"self":[{"href":"https:\/\/blog.cancaonova.com\/livresdetodomal\/wp-json\/wp\/v2\/posts\/5476"}],"collection":[{"href":"https:\/\/blog.cancaonova.com\/livresdetodomal\/wp-json\/wp\/v2\/posts"}],"about":[{"href":"https:\/\/blog.cancaonova.com\/livresdetodomal\/wp-json\/wp\/v2\/types\/post"}],"author":[{"embeddable":true,"href":"https:\/\/blog.cancaonova.com\/livresdetodomal\/wp-json\/wp\/v2\/users\/4498"}],"replies":[{"embeddable":true,"href":"https:\/\/blog.cancaonova.com\/livresdetodomal\/wp-json\/wp\/v2\/comments?post=5476"}],"version-history":[{"count":42,"href":"https:\/\/blog.cancaonova.com\/livresdetodomal\/wp-json\/wp\/v2\/posts\/5476\/revisions"}],"predecessor-version":[{"id":9281,"href":"https:\/\/blog.cancaonova.com\/livresdetodomal\/wp-json\/wp\/v2\/posts\/5476\/revisions\/9281"}],"wp:featuredmedia":[{"embeddable":true,"href":"https:\/\/blog.cancaonova.com\/livresdetodomal\/wp-json\/wp\/v2\/media\/5477"}],"wp:attachment":[{"href":"https:\/\/blog.cancaonova.com\/livresdetodomal\/wp-json\/wp\/v2\/media?parent=5476"}],"wp:term":[{"taxonomy":"category","embeddable":true,"href":"https:\/\/blog.cancaonova.com\/livresdetodomal\/wp-json\/wp\/v2\/categories?post=5476"},{"taxonomy":"post_tag","embeddable":true,"href":"https:\/\/blog.cancaonova.com\/livresdetodomal\/wp-json\/wp\/v2\/tags?post=5476"}],"curies":[{"name":"wp","href":"https:\/\/api.w.org\/{rel}","templated":true}]}}