{"id":7031,"date":"2016-04-29T08:41:24","date_gmt":"2016-04-29T11:41:24","guid":{"rendered":"http:\/\/blog.cancaonova.com\/livresdetodomal\/?p=7031"},"modified":"2022-03-29T16:19:26","modified_gmt":"2022-03-29T19:19:26","slug":"oracao-de-libertacao-ii","status":"publish","type":"post","link":"https:\/\/blog.cancaonova.com\/livresdetodomal\/oracao-de-libertacao-ii\/","title":{"rendered":"Ora\u00e7\u00e3o de Liberta\u00e7\u00e3o II"},"content":{"rendered":"<p><strong>Ora\u00e7\u00e3o de Liberta\u00e7\u00e3o &#8211; Por Padre Duarte Sousa Lara<\/strong><\/p>\n<p><a href=\"http:\/\/blog.cancaonova.com\/livresdetodomal\/files\/2015\/04\/Oracao-libertacao-Livres-de-todo-Mal.jpg\"><img loading=\"lazy\" decoding=\"async\" class=\"alignleft size-medium wp-image-7041\" src=\"http:\/\/blog.cancaonova.com\/livresdetodomal\/files\/2015\/04\/Oracao-libertacao-Livres-de-todo-Mal-300x226.jpg\" alt=\"Oracao de Libertacao II\" width=\"300\" height=\"226\" srcset=\"https:\/\/blog.cancaonova.com\/livresdetodomal\/files\/2015\/04\/Oracao-libertacao-Livres-de-todo-Mal-300x226.jpg 300w, https:\/\/blog.cancaonova.com\/livresdetodomal\/files\/2015\/04\/Oracao-libertacao-Livres-de-todo-Mal.jpg 520w\" sizes=\"(max-width: 300px) 100vw, 300px\" \/><\/a><em>Esta Ora\u00e7\u00e3o deve ser feita num ambiente que seja prop\u00edcio a Ora\u00e7\u00e3o e de prefer\u00eancia sem interrup\u00e7\u00f5es.<\/em><br \/>\n<em> Esta Ora\u00e7\u00e3o tem aprova\u00e7\u00e3o Eclesi\u00e1stica, e\u00a0voc\u00ea\u00a0pode rezar individualmente ou por outras pessoas.<\/em><\/p>\n<p>&#8220;<strong>Livrai-nos do Mal<\/strong>&#8221; (Mt 6,13)<\/p>\n<p>O Senhor Jesus na \u00faltima peti\u00e7\u00e3o do Pai-Nosso exorta todos os seus disc\u00edpulos a pedir continuamente ao Pai do C\u00e9u a liberta\u00e7\u00e3o do Mal. Explicando o sentido desta \u00faltima peti\u00e7\u00e3o da ora\u00e7\u00e3o do Senhor o Catecismo da Igreja Cat\u00f3lica afirma que \u00abnesta peti\u00e7\u00e3o, <strong>o Mal n\u00e3o \u00e9 uma abstra\u00e7\u00e3o<\/strong>, mas designa uma pessoa, Satan\u00e1s, o Maligno, o anjo que se op\u00f5e a Deus. O \u201cDiabo\u201d (\u201cdia-bolos\u201d) \u00e9 aquele que \u201cse atravessa\u201d no des\u00edgnio de Deus e na sua \u201cobra de salva\u00e7\u00e3o\u201d realizada em Cristo\u00bb (n. 2851). \u00abAo pedirmos para sermos libertados do Maligno, pedimos igualmente para sermos livres de todos os males, presentes, passados e futuros, dos quais ele \u00e9 autor e instigador\u00bb (n. 2854).<br \/>\nEsta ora\u00e7\u00e3o de liberta\u00e7\u00e3o que se segue pede ao nosso Pai do C\u00e9u a liberta\u00e7\u00e3o do Maligno e de todos os males dos quais ele \u00e9 o autor e instigador. Pode ser rezada pedindo a Deus a liberta\u00e7\u00e3o do influxo diab\u00f3lico para si pr\u00f3prio ou intercedendo por uma outra pessoa.<\/p>\n<p><strong><em>Iniciemos:<\/em><\/strong><!--moreContinue lendo...--><\/p>\n<p><strong>Em nome do Pai, e do Filho, e do Esp\u00edrito Santo.<\/strong><br \/>\nR. <em>Am\u00e9m.<\/em><\/p>\n<p><strong>S\u00e3o Miguel Arcanjo<\/strong>, defendei-nos neste combate, sede o nosso refugio contra as maldades e as ciladas do Dem\u00f4nio. Instantemente Vos pedimos, e v\u00f3s \u00f3h principe da Mil\u00edcia Celeste, precipitai no Inferno a Satan\u00e1s e a todos os esp\u00edritos Malignos que andam pelo mundo para perder as almas. Am\u00e9m.<\/p>\n<p><strong>Leitura do Livro do Deuteron\u00f4mio (Dt 18,9-12)<\/strong><\/p>\n<p>&#8220;Quando tiveres entrado na terra que o Senhor, teu Deus, te d\u00e1, n\u00e3o te por\u00e1s a imitar as pr\u00e1ticas abomin\u00e1veis da gente daquele terra. N\u00e3o se ache no meio de ti quem fa\u00e7a passar pelo fogo seu filho ou sua filha, nem quem se d\u00ea \u00e0 adivinha\u00e7\u00e3o, \u00e0 astrologia, aos agouros, ao feiticismo, \u00e0 magia, ao espiritismo, \u00e0 adivinha\u00e7\u00e3o ou \u00e2 invoca\u00e7\u00e3o dos mortos, porque o Senhor, teu Deus, abomina aqueles que se d\u00e3o a essas pr\u00e1ticas, e \u00e9 por causa dessas abomina\u00e7\u00f5es que o Senhor, teu Deus, expulsa diante de ti essas na\u00e7\u00f5es.<\/p>\n<p><strong>Palavra do Senhor.<\/strong><br \/>\nR. <em>Gra\u00e7as a Deus<\/em>.<\/p>\n<p><strong>Salmo 105 (106), 34-40<\/strong><\/p>\n<p>Refr\u00e3o:<strong>Pela Vossa infinita miseric\u00f3rdia, salvai-nos Senhor.<\/strong><\/p>\n<p>&#8220;N\u00e3o exterminaram os povos,<br \/>\ncomo o Senhor lhe tinha mandado,<br \/>\nmas misturaram-se com os pag\u00e3os<br \/>\ne imitaram os seus costumes.<\/p>\n<p>Prestaram culto aos seus \u00eddolos<br \/>\nque foram para eles uma armadilha.<br \/>\nE imolaram seus filhos<br \/>\ne suas filhas aos dem\u00f3nios.<\/p>\n<p>Derramaram sangue inocente<br \/>\no sangue de seus filhos e filhas,<br \/>\nque imolaram aos \u00eddolos de Can\u00e3a,<br \/>\ne o pa\u00eds ficou manchado de sangue.<\/p>\n<p>Contaminaram-se com as suas pr\u00f3prias obras,<br \/>\nprostitu\u00edram-se com seus crimes.<br \/>\nPor isso a ira do Senhor se inflamou<br \/>\ncontra o seu povo.&#8221;<\/p>\n<p><strong>Leitura do Evangelho de S\u00e3o Marcos<\/strong> <strong>(Mc 16,15-20)<\/strong>:<\/p>\n<p>&#8220;E disse-lhes: Ide por todo o mundo e pregai o Evangelho a toda criatura.Quem crer e for batizado ser\u00e1 salvo, mas quem n\u00e3o crer ser\u00e1 condenado.Estes milagres acompanhar\u00e3o os que crerem: expulsar\u00e3o os dem\u00f4nios em meu nome, falar\u00e3o novas l\u00ednguas,\u00a0manusear\u00e3o serpentes e, se beberem algum veneno mortal, n\u00e3o lhes far\u00e1 mal; impor\u00e3o as m\u00e3os aos enfermos e eles ficar\u00e3o curados. Depois que o Senhor Jesus lhes falou, foi levado ao c\u00e9u e est\u00e1 sentado \u00e0 direita de Deus.\u00a0Os disc\u00edpulos partiram e pregaram por toda parte. O Senhor cooperava com eles e confirmava a sua palavra com os milagres que a acompanhavam.&#8221;<\/p>\n<p><strong>Palavra da salva\u00e7\u00e3o.<\/strong><br \/>\nR. <em>Gl\u00f3ria a V\u00f3s Senhor.<\/em><\/p>\n<p>N. : <strong>Renuncias a satan\u00e1s e a todos os seus anjos?<\/strong><br \/>\nR. Sim, renuncio.<\/p>\n<p><strong>Renuncias a todas as suas incita\u00e7\u00f5es ao pecado e \u00e0 rebeli\u00e3o contra Deus?<\/strong><br \/>\nR. Sim, renuncio.<\/p>\n<p><strong>Renuncias a todas as suas sedu\u00e7\u00f5es: \u00e0 magia, \u00e0 feiti\u00e7aria, \u00e0 bruxaria, \u00e0 astrologia, \u00e0 adivinha\u00e7\u00e3o, \u00e0 invoca\u00e7\u00e3o dos mortos, ao espiritismo, \u00e0 idolatria, aos cultos sat\u00e2nicos, \u00e0 m\u00fasica sat\u00e2nica, \u00e0 supersti\u00e7\u00e3o e a todas as formas de ocultismo?<\/strong><br \/>\nR. Sim, renuncio.<\/p>\n<p><strong>Cr\u00eas em Deus, Pai todo-poderoso, criador do c\u00e9u e da terra?<\/strong><br \/>\nR. Sim, creio.<\/p>\n<p><strong>Cr\u00eas em Jesus Cristo, seu \u00fanico Filho, Nosso Senhor, que nasceu da Virgem Maria, padeceu e foi sepultado, ressuscitou dos mortos, est\u00e1 sentado \u00e0 direita do Pai e vir\u00e1 de novo para julgar os vivos e o mortos?<\/strong><br \/>\nR. Sim, creio.<\/p>\n<p><strong>Cr\u00eas no Esp\u00edrito Santo, na santa Igreja cat\u00f3lica, na comunh\u00e3o dos santos, na remiss\u00e3o dos pecados, na ressurrei\u00e7\u00e3o da carne e na vida eterna?<\/strong><br \/>\nR. Sim, creio.<\/p>\n<p><strong>Esta \u00e9 a nossa f\u00e9. Esta \u00e9 a f\u00e9 da Igreja, que nos gloriamos de professar, em Jesus Cristo, Nosso Senhor.<\/strong><br \/>\nR. Am\u00e9m<\/p>\n<p>Fi\u00e9is aos ensinamentos do Salvador ousamos dizer:<\/p>\n<p>&#8220;<strong>Pai nosso que estais nos c\u00e9us, santificado seja o Vosso nome, venha a n\u00f3s o Vosso reino, seja feita a Vossa Vontade assim na terra como no c\u00e9u. O p\u00e3o nosso de cada dia nos dai hoje, perdoai-nos as nossas ofensas, assim como n\u00f3s perdoamos a quem nos tem ofendido e n\u00e3o nos deixeis cair em tenta\u00e7\u00e3o mas livrai-nos do Mal.<\/strong>&#8221;<\/p>\n<p>Livrai-nos de todo Mal e de toda a perturba\u00e7\u00e3o diab\u00f3lica, V\u00f3s que pela morte e ressurrei\u00e7\u00e3o de Jesus Cristo, vosso amado Filho, nos libertastes do poder das trevas e da morte e nos transferiste para o vosso Reino de luz e santidade, libertai agora este <strong>nosso irm\u00e3o N.<\/strong> de todo o dom\u00ednio e liga\u00e7\u00e3o com satan\u00e1s e os seus anjos. Libertai-o de todas as for\u00e7as do Mal, esmagai-as, destru\u00ed-as, para que o<strong> N.<\/strong> possa ficar bom e viver segundo a vossa sant\u00edssima Vontade.<br \/>\nLibertai-o de todos os malef\u00edcios, das bruxarias, da magia negra, das missas negras, dos feiti\u00e7os, das maldi\u00e7\u00f5es, do mau-olhado, dos ritos sat\u00e2nicos, dos cultos sat\u00e2nicos, das consagra\u00e7\u00f5es a Satan\u00e1s. Destrui qualquer liga\u00e7\u00e3o com Satan\u00e1s e com todas as pessoas ligadas a Satan\u00e1s, vivas ou defuntas. Libertai-o de toda a infesta\u00e7\u00e3o diab\u00f3lica, de toda a possess\u00e3o diab\u00f3lica, de toda a obsess\u00e3o diab\u00f3lica, e de tudo aquilo que \u00e9 pecado ou consequ\u00eancia do pecado. Destrui todos estes males no inferno para que nunca mais atormentem o<strong> N.<\/strong> nem nenhuma outra criatura no mundo. Deus Pai todo-poderoso, pe\u00e7o-Vos, em nome de Jesus Cristo Salvador e pela intercess\u00e3o da Virgem Imaculada que ordeneis a todos os esp\u00edritos imundos, a todas as presen\u00e7as que atormentam o<strong> N.,<\/strong> a deix\u00e1-lo imediatamente, a deix\u00e1-lo definitivamente e a ir para o inferno eterno, encadeados por <strong>S\u00e3o Miguel Arcanjo<\/strong>, por<strong> S\u00e3o Gabriel, <\/strong>por<strong> S\u00e3o Rafael,<\/strong> pelos nossos <strong>Anjos da Guarda<\/strong>, esmagados debaixo do calcanhar da <strong>Sant\u00edssima Virgem Maria<\/strong> nossa <strong>M\u00e3e Imaculada<\/strong>.<br \/>\nV\u00f3s que criastes o homem \u00e0 vossa imagem e semelhan\u00e7a na santidade e na justi\u00e7a, e depois do pecado n\u00e3o o abandonastes, antes com s\u00e1bia provid\u00eancia cuidastes da sua salva\u00e7\u00e3o pelo mist\u00e9rio da encarna\u00e7\u00e3o, paix\u00e3o, morte e ressurrei\u00e7\u00e3o do vosso muito amado Filho, salvai este vosso servo e libertai-o do Mal e da escravid\u00e3o do inimigo; afastai dele o esp\u00edrito de mentira, soberba, lux\u00faria, avareza, ira, inveja, gula, pregui\u00e7a e de toda a esp\u00e9cie de maldade. Recebei-o no vosso Reino, abri o seu cora\u00e7\u00e3o para entender o vosso Evangelho, para que viva sempre como filho da luz, d\u00ea testemunho da verdade e pratique obras de caridade segundo os vossos mandamentos. Com o sopro da Vossa boca expulsai, Senhor, os esp\u00edritos malignos: ordenai que se retirem porque chegou o vosso Reino. <strong>Por Nosso Senhor Jesus Cristo, Vosso Filho, que \u00e9 Deus convosco na unidade do Esp\u00edrito Santo.<\/strong><br \/>\nR. Am\u00e9m<\/p>\n<p><strong>O Senhor te livre de todo o mal, em nome do Pai, e do Filho e do Esp\u00edrito Santo.<\/strong><br \/>\nR. Am\u00e9m<\/p>\n<p><strong>Bendigamos ao Senhor.<\/strong><br \/>\nR. Damos gra\u00e7as a Deus.<\/p>\n<p style=\"text-align: justify\"><em><a href=\"http:\/\/www.mylivesignature.com\" target=\"_blank\" rel=\"noopener\"><img decoding=\"async\" style=\"border: 0 !important;background: transparent\" src=\"http:\/\/signatures.mylivesignature.com\/54491\/45\/EFB9864329F8DE170A020E5C11DB9261.png\" alt=\"\" \/><\/a><\/em>&#8211; Nos siga no <a href=\"https:\/\/www.instagram.com\/danilo_gesualdo\" target=\"_blank\" rel=\"noopener noreferrer\">Instagram<\/a><br \/>\n&#8211; Acompanhe tamb\u00e9m nossa Pagina no <a title=\"Acesse nossa Pagina no Facebook\" href=\"https:\/\/www.facebook.com\/livresdetodomal\" target=\"_blank\" rel=\"noopener noreferrer\">Facebook<\/a><br \/>\n&#8211; Se inscreva em nosso canal no <a href=\"https:\/\/www.youtube.com\/channel\/UCtTV6_p58praRda6Thn9MGw\" target=\"_blank\" rel=\"noopener noreferrer\">Youtube<\/a><br \/>\n&#8211; Me acompanhe diariamente pelo <a title=\"Acesse meu Twitter\" href=\"https:\/\/twitter.com\/danilogesualdo\" target=\"_blank\" rel=\"noopener noreferrer\">Twitter<\/a><\/p>\n<p style=\"text-align: justify\"><em><strong>Leia tamb\u00e9m:<\/strong><\/em><\/p>\n<p style=\"text-align: justify\">1. <a href=\"http:\/\/blog.cancaonova.com\/livresdetodomal\/passos-para-a-cura-interior\/\" target=\"_blank\" rel=\"noopener\">Passos para a Cura Interior<\/a><\/p>\n<p style=\"text-align: justify\">2. <a href=\"http:\/\/blog.cancaonova.com\/livresdetodomal\/nao-entre-no-combate-de-maneira-leviana\/\" target=\"_blank\" rel=\"noopener\">N\u00e3o entre no Combate de maneira leviana<\/a><\/p>\n<p style=\"text-align: justify\">3. <a href=\"http:\/\/blog.cancaonova.com\/livresdetodomal\/o-que-e-a-magia\/\" target=\"_blank\" rel=\"noopener\">O que \u00e9 a Magia?<\/a><\/p>\n<p><strong>Sobre o Autor:<\/strong><\/p>\n<table border=\"0\">\n<tbody>\n<tr>\n<td><img style=\"margin-left: 0px;margin-right: 5px;border: 0px\" alt=\"\" border=\"0\" \/><\/td>\n<td><span style=\"color: #0000ff\">Danilo Gesualdo, \u00e9 membro da Comunidade Can\u00e7\u00e3o Nova e atua junto ao Minist\u00e9rio de Cura e Liberta\u00e7\u00e3o, residindo em nossa sede em Cachoeira Paulista.<br \/>\nPara contato me envie um e-mail:<\/span> <strong>livresdetodomal@cancaonova.com<\/strong><\/td>\n<\/tr>\n<\/tbody>\n<\/table>\n","protected":false},"excerpt":{"rendered":"<p>Ora\u00e7\u00e3o de Liberta\u00e7\u00e3o &#8211; Por Padre Duarte Sousa Lara Esta Ora\u00e7\u00e3o deve ser feita num ambiente que seja prop\u00edcio a Ora\u00e7\u00e3o e de prefer\u00eancia sem interrup\u00e7\u00f5es. Esta Ora\u00e7\u00e3o tem aprova\u00e7\u00e3o Eclesi\u00e1stica, e\u00a0voc\u00ea\u00a0pode rezar individualmente ou por outras pessoas. &#8220;Livrai-nos do&#8230;<\/p>\n","protected":false},"author":4498,"featured_media":0,"comment_status":"open","ping_status":"open","sticky":false,"template":"","format":"standard","meta":{"_mi_skip_tracking":false,"_monsterinsights_sitenote_active":false,"_monsterinsights_sitenote_note":"","_monsterinsights_sitenote_category":0,"footnotes":""},"categories":[97589],"tags":[],"_links":{"self":[{"href":"https:\/\/blog.cancaonova.com\/livresdetodomal\/wp-json\/wp\/v2\/posts\/7031"}],"collection":[{"href":"https:\/\/blog.cancaonova.com\/livresdetodomal\/wp-json\/wp\/v2\/posts"}],"about":[{"href":"https:\/\/blog.cancaonova.com\/livresdetodomal\/wp-json\/wp\/v2\/types\/post"}],"author":[{"embeddable":true,"href":"https:\/\/blog.cancaonova.com\/livresdetodomal\/wp-json\/wp\/v2\/users\/4498"}],"replies":[{"embeddable":true,"href":"https:\/\/blog.cancaonova.com\/livresdetodomal\/wp-json\/wp\/v2\/comments?post=7031"}],"version-history":[{"count":13,"href":"https:\/\/blog.cancaonova.com\/livresdetodomal\/wp-json\/wp\/v2\/posts\/7031\/revisions"}],"predecessor-version":[{"id":9500,"href":"https:\/\/blog.cancaonova.com\/livresdetodomal\/wp-json\/wp\/v2\/posts\/7031\/revisions\/9500"}],"wp:attachment":[{"href":"https:\/\/blog.cancaonova.com\/livresdetodomal\/wp-json\/wp\/v2\/media?parent=7031"}],"wp:term":[{"taxonomy":"category","embeddable":true,"href":"https:\/\/blog.cancaonova.com\/livresdetodomal\/wp-json\/wp\/v2\/categories?post=7031"},{"taxonomy":"post_tag","embeddable":true,"href":"https:\/\/blog.cancaonova.com\/livresdetodomal\/wp-json\/wp\/v2\/tags?post=7031"}],"curies":[{"name":"wp","href":"https:\/\/api.w.org\/{rel}","templated":true}]}}