{"id":745,"date":"2015-07-16T00:26:13","date_gmt":"2015-07-16T02:26:13","guid":{"rendered":"http:\/\/blog.cancaonova.com\/livresdetodomal\/?p=745"},"modified":"2015-07-19T11:38:10","modified_gmt":"2015-07-19T13:38:10","slug":"os-dons-que-satanas-concede","status":"publish","type":"post","link":"https:\/\/blog.cancaonova.com\/livresdetodomal\/os-dons-que-satanas-concede\/","title":{"rendered":"Os dons que Satan\u00e1s concede!"},"content":{"rendered":"<p><strong>&#8220;Tamb\u00e9m Satan\u00e1s d\u00e1 poderes \u00e0queles que lhe s\u00e3o devotos.&#8221; (Padre Gabriele Amorth)<\/strong><\/p>\n<p><a href=\"http:\/\/blog.cancaonova.com\/livresdetodomal\/files\/2011\/11\/Demonio-Livres-de-todo-Mal.jpg\"><img loading=\"lazy\" decoding=\"async\" class=\"alignleft size-medium wp-image-7194\" src=\"http:\/\/blog.cancaonova.com\/livresdetodomal\/files\/2011\/11\/Demonio-Livres-de-todo-Mal-300x260.jpg\" alt=\"Os dons que Satan\u00e1s concede!\" width=\"300\" height=\"260\" srcset=\"https:\/\/blog.cancaonova.com\/livresdetodomal\/files\/2011\/11\/Demonio-Livres-de-todo-Mal-300x260.jpg 300w, https:\/\/blog.cancaonova.com\/livresdetodomal\/files\/2011\/11\/Demonio-Livres-de-todo-Mal.jpg 343w\" sizes=\"(max-width: 300px) 100vw, 300px\" \/><\/a>Quem nos ajudar\u00e1 a entender esta quest\u00e3o \u00e9 <strong>Padre Gabriele Amorth.<\/strong> Ele \u00e9 um dos mais experientes Exorcistas da atualidade, que apesar de sua idade avan\u00e7ada ainda continua em sua acirrada luta contra Satan\u00e1s e seus anjos.<\/p>\n<p>Vamos ver o que <strong>Padre Gabriele Amorth<\/strong> nos diz sobre isso:<\/p>\n<p><em>&#8220;Por vezes acontece que, como ele \u00e9 um aut\u00eantico mentiroso, quem recebe estes poderes n\u00e3o compreendem imediatamente a sua proveni\u00eancia, ou n\u00e3o querem compreender, t\u00e3o felizes que ficam por receber estes dons gratuitos.<\/em><\/p>\n<p><em>Pode acontecer que uma pessoa tenha o <strong>dom da clarivid\u00eancia<\/strong>; outras vezes basta que ponham \u00e0 frente uma folha de papel branco, e uma caneta na m\u00e3o, para redigir espontaneamente p\u00e1ginas de mensagens; outras ainda t\u00eam a impress\u00e3o de se desdobrar e que uma parte do seu ser pode penetrar em casas e ambientes mesmo long\u00ednquos; \u00e9 muito comum que algumas pessoas ou\u00e7am uma voz que por vezes sugere ora\u00e7\u00e3o e muitas outras coisas.<\/em><!--moreContinue lendo...--><\/p>\n<p><em>Poderia continuar esta lista.\u00a0<strong>Qual \u00e9 a fonte destes dons particulares? Trata-se de carismas do Esp\u00edrito Santo? S\u00e3o presentes de origem diab\u00f3lica? Ou trata-se muito simplesmente de fen\u00f4menos metaf\u00edsicos?<\/strong> A verdade s\u00f3 pode ser estabelecida depois de um estudo ou de um discernimento efetuado por pessoas competentes.<\/em><\/p>\n<p><em>Quando S. Paulo estava em Tiatira, aconteceu ser perseguido por uma escrava\u00a0<strong>que tinha o dom de adivinhar <\/strong>e que, com este dom, dava muito lucro aos seus patr\u00f5es.\u00a0<span style=\"text-decoration: underline\">Mas era um dom de origem diab\u00f3lica<\/span>, que desapareceu logo quando\u00a0<strong>S. Paulo expulsou o esp\u00edrito maligno (Act 16, 16-18<\/strong>).<\/em><\/p>\n<p><em>A t\u00edtulo de exemplo examinemos alguns extratos dum testemunho assinado por Erasmo di Bari e publicado no Rinnovamento dello Spirito Santo, em Setembro de 1987. As observa\u00e7\u00f5es que figuram entre par\u00eantesis s\u00e3o colocadas por n\u00f3s:<\/em><\/p>\n<p><em><strong>&#8216;Fiz h\u00e1 v\u00e1rios anos, a experi\u00eancia do jogo do copo sem saber que se tratava de uma forma de espiritismo. As mensagens tinham uma linguagem de paz e de fraternidade<\/strong> (repare-se como o dem\u00f4nio sabe dissimular sob a apar\u00eancia de bem). Algum tempo depois, recebi poderes estranhos, exatamente em Lourdes (este detalhe tamb\u00e9m \u00e9 digno de interesse)<\/em><\/p>\n<p><em>Eu possu\u00eda essa faculdade que a parapsicologia define como extrasensorial, isto \u00e9:\u00a0clarivid\u00eancia, leitura do pensamento, diagn\u00f3stico cl\u00ednico, leitura do cora\u00e7\u00e3o e da vida das pessoas vivas ou mortas, assim como outros poderes. Alguns meses mais tarde, apareceu-me outra faculdade: a de suprimir a dor f\u00edsica pela imposi\u00e7\u00e3o das m\u00e3os aliviando ou suprimindo o estado de sofrimento; seria aquilo a que chamam a paranoterapia?<\/em><\/p>\n<p><em>Gra\u00e7as a todos estes poderes, eu podia comunicar facilmente com toda a gente, mas, depois destes encontros, as pessoas ficavam chocadas com o que eu dizia, e ficavam profundamente perturbadas porque eu as condenava pelos pecados que tinham cometido, uma vez que eu via o mais profundo da sua alma.\u00a0<strong>Entretanto, ao ler a Palavra de Deus, dei-me conta de que a minha vida n\u00e3o tinha mudado absolutamente nada. Eu continuava a ser irasc\u00edvel, suscept\u00edvel \u00e0s ofensas, lento em perdoar, f\u00e1cil nos ressentimentos.<\/strong> Tinha medo de carregar a minha cruz, medo do desconhecido que o futuro e a morte representam.<\/em><\/p>\n<p><em>Depois de longas peregrina\u00e7\u00f5es e de m\u00faltiplos tormentos, Jesus guiou-me at\u00e9 ao Renovamento. Encontrei l\u00e1 alguns irm\u00e3os que fizeram ora\u00e7\u00e3o por mim e, ent\u00e3o,\u00a0<strong>compreendi que o que me acontecia n\u00e3o era de origem divina, mas fruto do maligno.<\/strong> Posso testemunhar que vi o poder de Jesus. Reconheci isso e confessei os meus pecados cometidos no passado, arrependi-me, renunciei a toda a pr\u00e1tica oculta. Esses poderes desaparecem e Deus perdoou-me; por isso eu lhe quero dar gra\u00e7as.&#8217;\u00a0<\/em><\/p>\n<p><em>N\u00e3o esque\u00e7amos que a B\u00edblia tamb\u00e9m nos fornece exemplos de fatos extraordin\u00e1rios id\u00eanticos, realizados por Deus e pelo dem\u00f4nio. Alguns dos prod\u00edgios que Mois\u00e9s realizou por ordem de Deus diante do Fara\u00f3, s\u00e3o realizados igualmente pelos magos da corte. Eis porque, quando se trata de fen\u00f4menos deste g\u00eanero, n\u00e3o basta ter em conta o fato em si: \u00e9 preciso coloc\u00e1-lo no seu contexto para determinar a causa.<\/em><\/p>\n<p><em>Devo acrescentar que acontece que muitas vezes as pessoas atingidas por dist\u00farbios mal\u00e9ficos possuem uma sensibilidade particular: apreendem imediatamente se uma pessoa tem negatividade, predizem acontecimentos futuros, t\u00eam uma tend\u00eancia muito clara para querer impor as m\u00e3os sobre indiv\u00edduos psiquicamente fr\u00e1geis. Tem por vezes tamb\u00e9m a impress\u00e3o de poder influir em assuntos do seu pr\u00f3ximo, desejando-lhe mal com uma maldade que est\u00e1 neles pr\u00f3prios, quase com prepot\u00eancia.<\/em>\u00a0<span style=\"color: #3366ff\">( Padre Gabriele Amorth &#8211; Um exorcista conta &#8211; nos)<\/span><\/p>\n<p>Espero que tenha ficado claro esta quest\u00e3o!<\/p>\n<p>Rezo por suas inten\u00e7\u00f5es! Reze tamb\u00e9m por mim!<\/p>\n<p style=\"text-align: justify\"><strong>Deus aben\u00e7oe\u00a0voc\u00ea!<\/strong><\/p>\n<p style=\"text-align: justify\"><em><a href=\"http:\/\/www.mylivesignature.com\" target=\"_blank\"><img decoding=\"async\" style=\"border: 0 !important;background: transparent\" src=\"http:\/\/signatures.mylivesignature.com\/54491\/45\/EFB9864329F8DE170A020E5C11DB9261.png\" alt=\"\" \/><\/a><\/em><\/p>\n<p style=\"text-align: justify\">&#8211; Acompanhe tamb\u00e9m nossa Pagina no <a title=\"Acesse nossa Pagina no Facebook\" href=\"https:\/\/www.facebook.com\/livresdetodomal\" target=\"_blank\">Facebook<\/a><br \/>\n&#8211; Me acompanhe diariamente pelo <a title=\"Acesse meu Twitter\" href=\"https:\/\/twitter.com\/danilogesualdo\" target=\"_blank\">Twitter<\/a><\/p>\n<p style=\"text-align: justify\"><em><strong>Leia tamb\u00e9m:<\/strong><\/em><\/p>\n<p style=\"text-align: justify\">1. <a href=\"http:\/\/blog.cancaonova.com\/livresdetodomal\/passos-para-discernirmos-a-acao-do-demonio\/\" target=\"_blank\">Passos para discernirmos a a\u00e7\u00e3o do Dem\u00f4nio<\/a><\/p>\n<p style=\"text-align: justify\">2. <a href=\"http:\/\/blog.cancaonova.com\/livresdetodomal\/como-deus-cresce-em-mim\/\" target=\"_blank\">Como Deus cresce em mim?<\/a><\/p>\n<p style=\"text-align: justify\">3.<a href=\"http:\/\/blog.cancaonova.com\/livresdetodomal\/afaste-se-de-quem-te-afasta-de-deus\/\" target=\"_blank\"> Afaste &#8211; se de quem te afasta de Deus!<\/a><\/p>\n<table border=\"0\">\n<tbody>\n<tr>\n<td><img style=\"margin-left: 0px;margin-right: 5px;border: 0px\" alt=\"\" border=\"0\" \/><\/td>\n<td><span style=\"color: #0000ff\">Danilo Gesualdo, \u00e9 membro da Comunidade Can\u00e7\u00e3o Nova e atua junto ao Minist\u00e9rio de Cura e Liberta\u00e7\u00e3o, residindo em nossa sede em Cachoeira Paulista.<br \/>\nPara contato me envie um e-mail:<\/span> <strong>livresdetodomal@cancaonova.com<\/strong><br \/>\nSaiba mais sobre: <a href=\"http:\/\/blog.cancaonova.com\/livresdetodomal\/about\/\"><span style=\"color: #0000ff\"> Danilo Gesualdo<\/span><\/a> ou siga &#8211; o no <a href=\"http:\/\/www.twitter.com\/danilogesualdo\">Twitter (danilogesualdo)<\/a><\/td>\n<\/tr>\n<\/tbody>\n<\/table>\n<p style=\"border-bottom: 1px dotted #3A6DA1\">\n","protected":false},"excerpt":{"rendered":"<p>&#8220;Tamb\u00e9m Satan\u00e1s d\u00e1 poderes \u00e0queles que lhe s\u00e3o devotos.&#8221; (Padre Gabriele Amorth) Quem nos ajudar\u00e1 a entender esta quest\u00e3o \u00e9 Padre Gabriele Amorth. Ele \u00e9 um dos mais experientes Exorcistas da atualidade, que apesar de sua idade avan\u00e7ada ainda continua&#8230;<\/p>\n","protected":false},"author":4498,"featured_media":0,"comment_status":"open","ping_status":"open","sticky":false,"template":"","format":"standard","meta":{"_mi_skip_tracking":false,"_monsterinsights_sitenote_active":false,"_monsterinsights_sitenote_note":"","_monsterinsights_sitenote_category":0,"footnotes":""},"categories":[97589],"tags":[47731,6,5001,6961,36857,23214],"_links":{"self":[{"href":"https:\/\/blog.cancaonova.com\/livresdetodomal\/wp-json\/wp\/v2\/posts\/745"}],"collection":[{"href":"https:\/\/blog.cancaonova.com\/livresdetodomal\/wp-json\/wp\/v2\/posts"}],"about":[{"href":"https:\/\/blog.cancaonova.com\/livresdetodomal\/wp-json\/wp\/v2\/types\/post"}],"author":[{"embeddable":true,"href":"https:\/\/blog.cancaonova.com\/livresdetodomal\/wp-json\/wp\/v2\/users\/4498"}],"replies":[{"embeddable":true,"href":"https:\/\/blog.cancaonova.com\/livresdetodomal\/wp-json\/wp\/v2\/comments?post=745"}],"version-history":[{"count":78,"href":"https:\/\/blog.cancaonova.com\/livresdetodomal\/wp-json\/wp\/v2\/posts\/745\/revisions"}],"predecessor-version":[{"id":7199,"href":"https:\/\/blog.cancaonova.com\/livresdetodomal\/wp-json\/wp\/v2\/posts\/745\/revisions\/7199"}],"wp:attachment":[{"href":"https:\/\/blog.cancaonova.com\/livresdetodomal\/wp-json\/wp\/v2\/media?parent=745"}],"wp:term":[{"taxonomy":"category","embeddable":true,"href":"https:\/\/blog.cancaonova.com\/livresdetodomal\/wp-json\/wp\/v2\/categories?post=745"},{"taxonomy":"post_tag","embeddable":true,"href":"https:\/\/blog.cancaonova.com\/livresdetodomal\/wp-json\/wp\/v2\/tags?post=745"}],"curies":[{"name":"wp","href":"https:\/\/api.w.org\/{rel}","templated":true}]}}