{"id":104,"date":"2010-07-13T14:37:14","date_gmt":"2010-07-13T17:37:14","guid":{"rendered":"http:\/\/blog.cancaonova.com\/maranatha\/?p=104"},"modified":"2010-07-13T14:37:14","modified_gmt":"2010-07-13T17:37:14","slug":"voce-foi-chamado","status":"publish","type":"post","link":"https:\/\/blog.cancaonova.com\/maranatha\/2010\/07\/13\/voce-foi-chamado\/","title":{"rendered":"Voc\u00ea foi chamado?"},"content":{"rendered":"<p style=\"text-align: center;\">Bom demais, \u00e9 ser seminarista Can\u00e7\u00e3o Nova!<\/p>\n<p style=\"text-align: justify;\"><a href=\"http:\/\/blog.cancaonova.com\/maranatha\/files\/2010\/07\/dsc03324.jpg\"><img loading=\"lazy\" decoding=\"async\" class=\"aligncenter size-medium wp-image-105\" title=\"SeminaristasCN\" src=\"http:\/\/blog.cancaonova.com\/maranatha\/files\/2010\/07\/dsc03324-300x225.jpg\" alt=\"\" width=\"300\" height=\"225\" \/><\/a><\/p>\n<p style=\"text-align: justify;\">\n<p style=\"text-align: center; \"><em>&#8220;Meu apelo de hoje, a v\u00f3s jovens, [&#8230;] \u00e9 que n\u00e3o desperdiceis vossa juventude. N\u00e3o tenteis fugir dela. Vivei-a intensamente. Consagrai-a aos elevados ideais da f\u00e9 e da solidariedade humana.&#8221;<\/em><\/p>\n<p style=\"text-align: center; \"><em>(Papa Bento XVI, no encontro com os jovens, Est\u00e1dio do Pacaembu-SP)<\/em><\/p>\n<p style=\"text-align: justify;\">Se voc\u00ea sente Deus lhe chamando, n\u00e3o hesite em responder-lhe. Voca\u00e7\u00e3o \u00e9 sempre resposta a um chamado. Se Deus lhe chamou, repito, responda com generosidade de cora\u00e7\u00e3o, sem nada reter.<\/p>\n<p style=\"text-align: justify;\"><a href=\"http:\/\/blog.cancaonova.com\/vocacional\/a-vocacao-cancao-nova\/\" target=\"_blank\">Entre em contato conosco<\/a> e comece seu caminho de discernimento vocacional.<\/p>\n<p style=\"text-align: justify;\">Deus aben\u00e7oe sua busca para corresponder ao chamado dele.<\/p>\n<p style=\"text-align: justify;\">\n<p style=\"text-align: justify;\">Grande abra\u00e7o,<\/p>\n<p style=\"text-align: justify;\">Maranath\u00e1!!<\/p>\n<p style=\"text-align: justify;\"><strong>Edmilson Dias<\/strong><\/p>\n<p style=\"text-align: justify;\">Seminarista &#8211;\u00a0Can\u00e7\u00e3o Nova<\/p>\n<p style=\"text-align: justify;\">\n<p style=\"text-align: justify;\">\n<p style=\"text-align: justify;\">\n","protected":false},"excerpt":{"rendered":"<p>Bom demais, \u00e9 ser seminarista Can\u00e7\u00e3o Nova! &#8220;Meu apelo de hoje, a v\u00f3s jovens, [&#8230;] \u00e9 que n\u00e3o desperdiceis vossa juventude. N\u00e3o tenteis fugir dela. Vivei-a intensamente. Consagrai-a aos elevados ideais da f\u00e9 e da solidariedade humana.&#8221; (Papa Bento XVI,&#8230;<\/p>\n","protected":false},"author":4457,"featured_media":0,"comment_status":"closed","ping_status":"open","sticky":false,"template":"","format":"standard","meta":{"_mi_skip_tracking":false,"_monsterinsights_sitenote_active":false,"_monsterinsights_sitenote_note":"","_monsterinsights_sitenote_category":0,"footnotes":""},"categories":[33522],"tags":[9701,62739,5011,5911,33523,33190,33267,51,26212,2231,33528,7391,19321],"_links":{"self":[{"href":"https:\/\/blog.cancaonova.com\/maranatha\/wp-json\/wp\/v2\/posts\/104"}],"collection":[{"href":"https:\/\/blog.cancaonova.com\/maranatha\/wp-json\/wp\/v2\/posts"}],"about":[{"href":"https:\/\/blog.cancaonova.com\/maranatha\/wp-json\/wp\/v2\/types\/post"}],"author":[{"embeddable":true,"href":"https:\/\/blog.cancaonova.com\/maranatha\/wp-json\/wp\/v2\/users\/4457"}],"replies":[{"embeddable":true,"href":"https:\/\/blog.cancaonova.com\/maranatha\/wp-json\/wp\/v2\/comments?post=104"}],"version-history":[{"count":8,"href":"https:\/\/blog.cancaonova.com\/maranatha\/wp-json\/wp\/v2\/posts\/104\/revisions"}],"predecessor-version":[{"id":114,"href":"https:\/\/blog.cancaonova.com\/maranatha\/wp-json\/wp\/v2\/posts\/104\/revisions\/114"}],"wp:attachment":[{"href":"https:\/\/blog.cancaonova.com\/maranatha\/wp-json\/wp\/v2\/media?parent=104"}],"wp:term":[{"taxonomy":"category","embeddable":true,"href":"https:\/\/blog.cancaonova.com\/maranatha\/wp-json\/wp\/v2\/categories?post=104"},{"taxonomy":"post_tag","embeddable":true,"href":"https:\/\/blog.cancaonova.com\/maranatha\/wp-json\/wp\/v2\/tags?post=104"}],"curies":[{"name":"wp","href":"https:\/\/api.w.org\/{rel}","templated":true}]}}