{"id":128,"date":"2010-07-14T11:17:35","date_gmt":"2010-07-14T14:17:35","guid":{"rendered":"http:\/\/blog.cancaonova.com\/maranatha\/?p=128"},"modified":"2010-07-19T11:06:15","modified_gmt":"2010-07-19T14:06:15","slug":"deus-abraca-e-fala","status":"publish","type":"post","link":"https:\/\/blog.cancaonova.com\/maranatha\/2010\/07\/14\/deus-abraca-e-fala\/","title":{"rendered":"Deus abra\u00e7a e fala"},"content":{"rendered":"<p align=\"center\">Num gesto, uma reflex\u00e3o:<\/p>\n<p align=\"center\">Qual o alcance de um abra\u00e7o sincero e desinteressado?<\/p>\n<p align=\"center\">Quem poder\u00e1 medir a efic\u00e1cia de um sorriso, a um &#8220;bom dia&#8221; acompanhado?<\/p>\n<p align=\"center\"><img loading=\"lazy\" decoding=\"async\" class=\"alignnone size-medium wp-image-129\" title=\"AbracoMonsenhor\" src=\"http:\/\/blog.cancaonova.com\/maranatha\/files\/2010\/07\/4-missa-sao-paulo-12-300x201.jpg\" alt=\"\" width=\"300\" height=\"201\" \/><\/p>\n<p align=\"center\">Bra\u00e7os abertos, aten\u00e7\u00e3o voltada<\/p>\n<p align=\"center\">Para aquele que vem chegando<\/p>\n<p align=\"center\">Com os p\u00e9s cansados e o cora\u00e7\u00e3o expectante.<\/p>\n<p align=\"center\">Abra\u00e7o divino, no fraterno disfar\u00e7ado&#8230;<\/p>\n<p align=\"center\">\n<p align=\"center\">\n<p align=\"center\">Enquanto vinha para o trabalho, hoje me recordei de como fui recebido ontem ao chegar: simplicidade e magnitude num gesto inesperado.<\/p>\n<p align=\"center\">E, de fato, aqueles bra\u00e7os abertos eram para me acolher!<\/p>\n<p align=\"center\">Hoje pela manh\u00e3, eu andava e, refletindo, comigo Deus falava:<\/p>\n<p align=\"center\"><em>&#8220;Cumpro as minhas promessas, n\u00e3o deixe de acreditar, n\u00e3o desvie dos Meus prop\u00f3sitos!&#8221;<\/em><\/p>\n<p align=\"center\">Tenho aprendido que na simplicidade Deus quer nos falar, e que,<\/p>\n<p align=\"center\">na simplicidade de nossos atos, Ele pode manifestar-se.<\/p>\n<p align=\"center\">Sim, \u00e9 certo: Ele vir\u00e1!<\/p>\n<p align=\"center\">E conta comigo, conosco, na prepara\u00e7\u00e3o dos cora\u00e7\u00f5es para esse grande dia.<\/p>\n<p align=\"center\">Do abra\u00e7o eterno, da felicidade sem fim!<\/p>\n<p align=\"center\">\n<p align=\"center\"><em>&#8220;Ele enxugar\u00e1 toda l\u00e1grima dos seus olhos. A morte n\u00e3o existir\u00e1 mais, e n\u00e3o haver\u00e1 mais luto, nem grito, nem dor, porque as coisas anteriores passaram&#8221; (Ap. 21,4)<\/em><\/p>\n<p align=\"center\">\n<p style=\"text-align: center;\">Grande abra\u00e7o,<\/p>\n<p style=\"text-align: center;\">\n<p style=\"text-align: center;\">Maranath\u00e1!!<\/p>\n<p style=\"text-align: center;\">\n<p style=\"text-align: center;\"><strong>Edmilson Dias<\/strong><\/p>\n<p style=\"text-align: center;\">Seminarista &#8211; Can\u00e7\u00e3o Nova<\/p>\n<p align=\"center\">\n<p align=\"center\">\n","protected":false},"excerpt":{"rendered":"<p>Num gesto, uma reflex\u00e3o: Qual o alcance de um abra\u00e7o sincero e desinteressado? Quem poder\u00e1 medir a efic\u00e1cia de um sorriso, a um &#8220;bom dia&#8221; acompanhado? Bra\u00e7os abertos, aten\u00e7\u00e3o voltada Para aquele que vem chegando Com os p\u00e9s cansados e&#8230;<\/p>\n","protected":false},"author":4457,"featured_media":0,"comment_status":"closed","ping_status":"open","sticky":false,"template":"","format":"standard","meta":{"_mi_skip_tracking":false,"_monsterinsights_sitenote_active":false,"_monsterinsights_sitenote_note":"","_monsterinsights_sitenote_category":0,"footnotes":""},"categories":[33187,17986],"tags":[33553,19452,33554,4541,19781,33557,114,15975,16211,33523,33190,33267,10251,25923,33555,19737,26212,9061,33556,27268,31606,311,17410],"_links":{"self":[{"href":"https:\/\/blog.cancaonova.com\/maranatha\/wp-json\/wp\/v2\/posts\/128"}],"collection":[{"href":"https:\/\/blog.cancaonova.com\/maranatha\/wp-json\/wp\/v2\/posts"}],"about":[{"href":"https:\/\/blog.cancaonova.com\/maranatha\/wp-json\/wp\/v2\/types\/post"}],"author":[{"embeddable":true,"href":"https:\/\/blog.cancaonova.com\/maranatha\/wp-json\/wp\/v2\/users\/4457"}],"replies":[{"embeddable":true,"href":"https:\/\/blog.cancaonova.com\/maranatha\/wp-json\/wp\/v2\/comments?post=128"}],"version-history":[{"count":12,"href":"https:\/\/blog.cancaonova.com\/maranatha\/wp-json\/wp\/v2\/posts\/128\/revisions"}],"predecessor-version":[{"id":151,"href":"https:\/\/blog.cancaonova.com\/maranatha\/wp-json\/wp\/v2\/posts\/128\/revisions\/151"}],"wp:attachment":[{"href":"https:\/\/blog.cancaonova.com\/maranatha\/wp-json\/wp\/v2\/media?parent=128"}],"wp:term":[{"taxonomy":"category","embeddable":true,"href":"https:\/\/blog.cancaonova.com\/maranatha\/wp-json\/wp\/v2\/categories?post=128"},{"taxonomy":"post_tag","embeddable":true,"href":"https:\/\/blog.cancaonova.com\/maranatha\/wp-json\/wp\/v2\/tags?post=128"}],"curies":[{"name":"wp","href":"https:\/\/api.w.org\/{rel}","templated":true}]}}