{"id":198,"date":"2010-08-23T16:33:44","date_gmt":"2010-08-23T19:33:44","guid":{"rendered":"http:\/\/blog.cancaonova.com\/maranatha\/?p=198"},"modified":"2010-08-23T16:33:44","modified_gmt":"2010-08-23T19:33:44","slug":"e-hoje","status":"publish","type":"post","link":"https:\/\/blog.cancaonova.com\/maranatha\/2010\/08\/23\/e-hoje\/","title":{"rendered":"\u00c9 hoje!!"},"content":{"rendered":"<p style=\"text-align: justify;\">Hoje \u00e9 um <a href=\"http:\/\/noticias.cancaonova.com\/debate\" target=\"_blank\">dia hist\u00f3rico para a TV Cat\u00f3lica no Brasil<\/a>. A partir das 22h de hoje (23) poderemos acompanhar atrav\u00e9s do <a href=\"http:\/\/cancaonova.com\" target=\"_blank\">Sistema Can\u00e7\u00e3o Nova de Comunica\u00e7\u00e3o<\/a> e da <a href=\"http:\/\/a12.com.br\" target=\"_blank\">Rede Aparecida<\/a> o debate\u00a0entre os candidatos \u00e0 presid\u00eancia da Rep\u00fablica. \u00c9 a primeira vez que um debate entre presidenci\u00e1veis \u00e9 realizado por emissoras de inspira\u00e7\u00e3o cat\u00f3lica.<\/p>\n<p style=\"text-align: center;\"><a href=\"http:\/\/blog.cancaonova.com\/maranatha\/files\/2010\/08\/tv-aparecida-e-tv-cancao-nova.jpg\"><img loading=\"lazy\" decoding=\"async\" class=\"alignnone size-medium wp-image-199\" title=\"tv-aparecida-e-tv-cancao-nova\" src=\"http:\/\/blog.cancaonova.com\/maranatha\/files\/2010\/08\/tv-aparecida-e-tv-cancao-nova-300x199.jpg\" alt=\"\" width=\"300\" height=\"199\" \/><\/a><\/p>\n<p style=\"text-align: justify;\">Lembremo-nos de que f\u00e9 e pol\u00edtica n\u00e3o s\u00e3o realidades dissociadas. N\u00f3s, crist\u00e3os, somos convidados a exercer nossa cidadania votando em candidatos que tenha planos de governo que corresponda ao que cremos. <a href=\"http:\/\/noticias.cancaonova.com\/noticia.php?id=277489\" target=\"_blank\">Dom Dimas Lara<\/a>, secret\u00e1rio geral da CNBB, alertou-nos recentemente que <a href=\"http:\/\/noticias.cancaonova.com\/noticia.php?id=277489\" target=\"_blank\">&#8220;os cat\u00f3licos jamais poder\u00e3o concordar com quaisquer programas de governo, acordos internacionais, leis ou decis\u00f5es judiciais que venham a sacrificar a vida de um inocente, ainda que em nome de um suposto estado de direito [&#8230;]&#8221;<\/a>.<\/p>\n<p style=\"text-align: justify;\">Precisamos <a href=\"http:\/\/noticias.cancaonova.com\/debate\" target=\"_blank\">conhecer cada candidat<\/a>o para fazer a melhor escolha, bem como acompanhar seu governo e fazer as devidas cobran\u00e7as a respeito do que foi dito no seu tempo de campanha.<\/p>\n<p style=\"text-align: justify;\">Parab\u00e9ns \u00e0 Rede Aparecida e ao Sistema Can\u00e7\u00e3o Nova de Comunica\u00e7\u00e3o por esse marco na hist\u00f3ria da TV Cat\u00f3lica no Brasil.<\/p>\n<p style=\"text-align: justify;\">Sobretudo, rezemos pelo nosso Brasil, Terra de Santa Cruz.<\/p>\n<p style=\"text-align: justify;\">Grande abra\u00e7o,<\/p>\n<p style=\"text-align: justify;\">Maranath\u00e1!!<\/p>\n<p style=\"text-align: justify;\">Edmilson Dias<\/p>\n<p style=\"text-align: justify;\">Seminarista &#8211;\u00a0Can\u00e7\u00e3o Nova<\/p>\n","protected":false},"excerpt":{"rendered":"<p>Hoje \u00e9 um dia hist\u00f3rico para a TV Cat\u00f3lica no Brasil. A partir das 22h de hoje (23) poderemos acompanhar atrav\u00e9s do Sistema Can\u00e7\u00e3o Nova de Comunica\u00e7\u00e3o e da Rede Aparecida o debate\u00a0entre os candidatos \u00e0 presid\u00eancia da Rep\u00fablica. \u00c9&#8230;<\/p>\n","protected":false},"author":4457,"featured_media":0,"comment_status":"closed","ping_status":"open","sticky":false,"template":"","format":"standard","meta":{"_mi_skip_tracking":false,"_monsterinsights_sitenote_active":false,"_monsterinsights_sitenote_note":"","_monsterinsights_sitenote_category":0,"footnotes":""},"categories":[17986],"tags":[34376,33523,33267,34378,34377,2551,11531,26212,58,34379,22328,39],"_links":{"self":[{"href":"https:\/\/blog.cancaonova.com\/maranatha\/wp-json\/wp\/v2\/posts\/198"}],"collection":[{"href":"https:\/\/blog.cancaonova.com\/maranatha\/wp-json\/wp\/v2\/posts"}],"about":[{"href":"https:\/\/blog.cancaonova.com\/maranatha\/wp-json\/wp\/v2\/types\/post"}],"author":[{"embeddable":true,"href":"https:\/\/blog.cancaonova.com\/maranatha\/wp-json\/wp\/v2\/users\/4457"}],"replies":[{"embeddable":true,"href":"https:\/\/blog.cancaonova.com\/maranatha\/wp-json\/wp\/v2\/comments?post=198"}],"version-history":[{"count":7,"href":"https:\/\/blog.cancaonova.com\/maranatha\/wp-json\/wp\/v2\/posts\/198\/revisions"}],"predecessor-version":[{"id":206,"href":"https:\/\/blog.cancaonova.com\/maranatha\/wp-json\/wp\/v2\/posts\/198\/revisions\/206"}],"wp:attachment":[{"href":"https:\/\/blog.cancaonova.com\/maranatha\/wp-json\/wp\/v2\/media?parent=198"}],"wp:term":[{"taxonomy":"category","embeddable":true,"href":"https:\/\/blog.cancaonova.com\/maranatha\/wp-json\/wp\/v2\/categories?post=198"},{"taxonomy":"post_tag","embeddable":true,"href":"https:\/\/blog.cancaonova.com\/maranatha\/wp-json\/wp\/v2\/tags?post=198"}],"curies":[{"name":"wp","href":"https:\/\/api.w.org\/{rel}","templated":true}]}}