{"id":286,"date":"2010-12-30T09:42:56","date_gmt":"2010-12-30T12:42:56","guid":{"rendered":"http:\/\/blog.cancaonova.com\/maranatha\/?p=286"},"modified":"2010-12-30T09:48:22","modified_gmt":"2010-12-30T12:48:22","slug":"ano-novo-tempo-de-esperanca","status":"publish","type":"post","link":"https:\/\/blog.cancaonova.com\/maranatha\/2010\/12\/30\/ano-novo-tempo-de-esperanca\/","title":{"rendered":"Ano novo, tempo de esperan\u00e7a!"},"content":{"rendered":"<p style=\"text-align: justify;\"><strong><em>&#8220;\u00c9 importante saber: eu posso sempre continuar a esperar, ainda que pela minha vida ou pelo momento hist\u00f3rico que estou a viver aparentemente n\u00e3o tenha mais qualquer motivo para esperar&#8221;<\/em><em> (<a href=\"http:\/\/www.vatican.va\/holy_father\/benedict_xvi\/encyclicals\/documents\/hf_ben-xvi_enc_20071130_spe-salvi_po.html\" target=\"_blank\">Spe Salvi <\/a>35)<\/em><em>.<\/em><\/strong><\/p>\n<p style=\"text-align: justify;\">A imin\u00eancia do novo ano civil, da mudan\u00e7a do calend\u00e1rio, al\u00e9m de levar-nos a fazermos um balan\u00e7o geral de nossas vidas, de tudo o que vivemos, precisa tamb\u00e9m nos envolver de esperan\u00e7a.<\/p>\n<p style=\"text-align: justify;\">Diversas vezes nos fixamos nos fatos que n\u00e3o deram muito certo ao longo do ano que passou e limitamos nossa esperan\u00e7a para o ano que se aproxima. Frequentemente perdemos o \u00e2nimo e deixamos de sonhar com dias melhores.<\/p>\n<p style=\"text-align: justify;\">Deus, todavia, nos convida a uma vida de esperan\u00e7a. Podemos esperar um tempo melhor e o teremos na medida em que nossa esperan\u00e7a estiver alicer\u00e7ada na rocha firme que \u00e9 Jesus.<\/p>\n<p style=\"text-align: center;\"><a href=\"http:\/\/blog.cancaonova.com\/maranatha\/files\/2010\/12\/blog.jpg\"><img loading=\"lazy\" decoding=\"async\" class=\"size-medium wp-image-288 aligncenter\" title=\"feliz 2011\" src=\"http:\/\/blog.cancaonova.com\/maranatha\/files\/2010\/12\/blog-300x225.jpg\" alt=\"\" width=\"300\" height=\"225\" \/><\/a><\/p>\n<p style=\"text-align: center;\"><em>No mundo passareis tribula\u00e7\u00f5es, mas tende \u00e2nimo, pois eu venci o mundo (Jo16,33). <\/em><\/p>\n<p style=\"text-align: justify;\">Esperar um tempo novo n\u00e3o \u00e9 se iludir imaginando que n\u00e3o haver\u00e1 dificuldades a serem enfrentadas, obst\u00e1culos a serem vencidos. Mas \u00e9 saber que n\u00e3o vivemos sozinhos e que n\u00e3o lutamos em v\u00e3o.<\/p>\n<p style=\"text-align: justify;\">Esperar um novo tempo \u00e9 caracter\u00edstica daqueles que sabem em <em>Quem<\/em> confiam: n\u00e3o nas estruturas humanas &#8211; que s\u00e3o falhas &#8211; nem mesmo nas autoridades, nem mesmo nas pessoas pr\u00f3ximas a n\u00f3s, mas a esperan\u00e7a da nossa vida est\u00e1 <em>n&#8217;Aquele<\/em> que venceu a morte e manifestou a ressurrei\u00e7\u00e3o. Nossa confian\u00e7a se solidifica em Jesus Cristo.<\/p>\n<p style=\"text-align: justify;\">Fa\u00e7a, sim, um balan\u00e7o do ano que est\u00e1 para encerrar, mas n\u00e3o se esque\u00e7a de que um tempo novo \u00e9 poss\u00edvel! Se esse ano foi bom, o novo poder\u00e1 ser ainda melhor, na medida em que estivermos unidos ao Senhor da Vida, aquele que nos d\u00e1 esperan\u00e7a.<\/p>\n<p style=\"text-align: justify;\">Entretanto se, olhando para o ano que est\u00e1 se encerrando, n\u00e3o conseguimos ver nada al\u00e9m de dores, l\u00e1grimas e afli\u00e7\u00f5es, tenhamos a coragem de olhar para a cruz de nosso Senhor e percebamos que ela n\u00e3o \u00e9 o fim, mas o come\u00e7o de um tempo novo. Na medida em que permitimos que verdadeiramente Jesus seja o centro da nossa vida, todas as outras coisas v\u00e3o tomando seu devido lugar. Tamb\u00e9m da nossa cruz pode brotar ressurrei\u00e7\u00e3o &#8211; se com Jesus soubermos passar por ela.<\/p>\n<p style=\"text-align: justify;\"><strong>Rezemos: <em>Senhor, te pedimos, envolva-nos com Teu Santo Esp\u00edrito, e ajude-nos a esperar com confian\u00e7a a manifesta\u00e7\u00e3o da Tua gra\u00e7a. Frequentemente desanimamos conosco mesmo e com pessoas \u00e0 nossa volta e deixamos de sonhar. Te suplicamos: renove a esperan\u00e7a em nosso cora\u00e7\u00e3o e conceda-nos um ano novo, a partir da renova\u00e7\u00e3o das esperan\u00e7as no nosso cora\u00e7\u00e3o. <\/em><\/strong><em><strong>Confiamos em ti Senhor. Vinde em nosso aux\u00edlio! Bendito sejais, Senhor, agora e para sempre. <\/strong><\/em><em><strong>Am\u00e9m.<\/strong><\/em><\/p>\n<p style=\"text-align: justify;\">Feliz 2011 pra voc\u00ea!!<\/p>\n<p style=\"text-align: justify;\">Grande abra\u00e7o,<\/p>\n<p style=\"text-align: justify;\">Maranath\u00e1!!<\/p>\n<p style=\"text-align: justify;\"><strong>Edmilson Dias<\/strong><\/p>\n<p style=\"text-align: justify;\">Seminarista &#8211; Comunidade Can\u00e7\u00e3o Nova<\/p>\n","protected":false},"excerpt":{"rendered":"<p>&#8220;\u00c9 importante saber: eu posso sempre continuar a esperar, ainda que pela minha vida ou pelo momento hist\u00f3rico que estou a viver aparentemente n\u00e3o tenha mais qualquer motivo para esperar&#8221; (Spe Salvi 35). A imin\u00eancia do novo ano civil, da&#8230;<\/p>\n","protected":false},"author":4457,"featured_media":0,"comment_status":"closed","ping_status":"open","sticky":false,"template":"","format":"standard","meta":{"_mi_skip_tracking":false,"_monsterinsights_sitenote_active":false,"_monsterinsights_sitenote_note":"","_monsterinsights_sitenote_category":0,"footnotes":""},"categories":[67],"tags":[25951,16018,27160,25486,20602,33190,33267,18520,10251,36834,18498,18410],"_links":{"self":[{"href":"https:\/\/blog.cancaonova.com\/maranatha\/wp-json\/wp\/v2\/posts\/286"}],"collection":[{"href":"https:\/\/blog.cancaonova.com\/maranatha\/wp-json\/wp\/v2\/posts"}],"about":[{"href":"https:\/\/blog.cancaonova.com\/maranatha\/wp-json\/wp\/v2\/types\/post"}],"author":[{"embeddable":true,"href":"https:\/\/blog.cancaonova.com\/maranatha\/wp-json\/wp\/v2\/users\/4457"}],"replies":[{"embeddable":true,"href":"https:\/\/blog.cancaonova.com\/maranatha\/wp-json\/wp\/v2\/comments?post=286"}],"version-history":[{"count":13,"href":"https:\/\/blog.cancaonova.com\/maranatha\/wp-json\/wp\/v2\/posts\/286\/revisions"}],"predecessor-version":[{"id":297,"href":"https:\/\/blog.cancaonova.com\/maranatha\/wp-json\/wp\/v2\/posts\/286\/revisions\/297"}],"wp:attachment":[{"href":"https:\/\/blog.cancaonova.com\/maranatha\/wp-json\/wp\/v2\/media?parent=286"}],"wp:term":[{"taxonomy":"category","embeddable":true,"href":"https:\/\/blog.cancaonova.com\/maranatha\/wp-json\/wp\/v2\/categories?post=286"},{"taxonomy":"post_tag","embeddable":true,"href":"https:\/\/blog.cancaonova.com\/maranatha\/wp-json\/wp\/v2\/tags?post=286"}],"curies":[{"name":"wp","href":"https:\/\/api.w.org\/{rel}","templated":true}]}}