{"id":311,"date":"2011-01-31T13:53:11","date_gmt":"2011-01-31T16:53:11","guid":{"rendered":"http:\/\/blog.cancaonova.com\/maranatha\/?p=311"},"modified":"2011-01-31T13:53:11","modified_gmt":"2011-01-31T16:53:11","slug":"sonhar-os-sonhos-de-deus","status":"publish","type":"post","link":"https:\/\/blog.cancaonova.com\/maranatha\/2011\/01\/31\/sonhar-os-sonhos-de-deus\/","title":{"rendered":"Sonhar os sonhos de Deus"},"content":{"rendered":"<p style=\"text-align: justify\">No dia 31 de Janeiro a Igreja celebra a festa do grande ap\u00f3stolo da juventude,<a href=\"http:\/\/wiki.cancaonova.com\/index.php\/Salesianos\" target=\"_blank\"> S\u00e3o Jo\u00e3o Bosco<\/a> &#8211; fundador da Fam\u00edlia Salesiana. Um homem que empenhou sua vida na salva\u00e7\u00e3o das almas, em prol do resgate da juventude.<\/p>\n<p><object classid=\"d27cdb6e-ae6d-11cf-96b8-444553540000\" width=\"480\" height=\"385\"><param name=\"allowFullScreen\" value=\"true\" \/><param name=\"allowscriptaccess\" value=\"always\" \/><param name=\"src\" value=\"http:\/\/www.youtube.com\/v\/5UI_OhQDi5w?fs=1&amp;hl=pt_BR&amp;rel=0\" \/><param name=\"allowfullscreen\" value=\"true\" \/><embed type=\"application\/x-shockwave-flash\" width=\"480\" height=\"385\" src=\"http:\/\/www.youtube.com\/v\/5UI_OhQDi5w?fs=1&amp;hl=pt_BR&amp;rel=0\" allowscriptaccess=\"always\" allowfullscreen=\"true\"><\/embed><\/object><\/p>\n<p style=\"text-align: justify\">Neste dia pe\u00e7amos, pela intercess\u00e3o de Dom Bosco, a gra\u00e7a de sonharmos os sonhos de Deus e de lutarmos para que tais sonhos se tornem realidade. Sobretudo que a nossa vida provoque esperan\u00e7a na vida daqueles que vivem \u00e0 nossa volta.<\/p>\n<p style=\"text-align: justify\">\n<p style=\"text-align: justify\">Dom Bosco, educai-nos para a santidade.<\/p>\n<p style=\"text-align: justify\">Grande abra\u00e7o,<\/p>\n<p style=\"text-align: justify\">Maranath\u00e1!!<\/p>\n<p style=\"text-align: justify\"><strong>Edmilson Dias<\/strong><\/p>\n<p style=\"text-align: justify\">Seminarista \u2013 Comunidade Can\u00e7\u00e3o Nova<\/p>\n","protected":false},"excerpt":{"rendered":"<p>No dia 31 de Janeiro a Igreja celebra a festa do grande ap\u00f3stolo da juventude, S\u00e3o Jo\u00e3o Bosco &#8211; fundador da Fam\u00edlia Salesiana. Um homem que empenhou sua vida na salva\u00e7\u00e3o das almas, em prol do resgate da juventude. Neste&#8230;<\/p>\n","protected":false},"author":4457,"featured_media":0,"comment_status":"closed","ping_status":"open","sticky":false,"template":"","format":"standard","meta":{"_mi_skip_tracking":false,"_monsterinsights_sitenote_active":false,"_monsterinsights_sitenote_note":"","_monsterinsights_sitenote_category":0,"footnotes":""},"categories":[36734],"tags":[40714,16723,33343,33190,33267,19321],"_links":{"self":[{"href":"https:\/\/blog.cancaonova.com\/maranatha\/wp-json\/wp\/v2\/posts\/311"}],"collection":[{"href":"https:\/\/blog.cancaonova.com\/maranatha\/wp-json\/wp\/v2\/posts"}],"about":[{"href":"https:\/\/blog.cancaonova.com\/maranatha\/wp-json\/wp\/v2\/types\/post"}],"author":[{"embeddable":true,"href":"https:\/\/blog.cancaonova.com\/maranatha\/wp-json\/wp\/v2\/users\/4457"}],"replies":[{"embeddable":true,"href":"https:\/\/blog.cancaonova.com\/maranatha\/wp-json\/wp\/v2\/comments?post=311"}],"version-history":[{"count":15,"href":"https:\/\/blog.cancaonova.com\/maranatha\/wp-json\/wp\/v2\/posts\/311\/revisions"}],"predecessor-version":[{"id":326,"href":"https:\/\/blog.cancaonova.com\/maranatha\/wp-json\/wp\/v2\/posts\/311\/revisions\/326"}],"wp:attachment":[{"href":"https:\/\/blog.cancaonova.com\/maranatha\/wp-json\/wp\/v2\/media?parent=311"}],"wp:term":[{"taxonomy":"category","embeddable":true,"href":"https:\/\/blog.cancaonova.com\/maranatha\/wp-json\/wp\/v2\/categories?post=311"},{"taxonomy":"post_tag","embeddable":true,"href":"https:\/\/blog.cancaonova.com\/maranatha\/wp-json\/wp\/v2\/tags?post=311"}],"curies":[{"name":"wp","href":"https:\/\/api.w.org\/{rel}","templated":true}]}}