{"id":353,"date":"2011-04-15T15:07:42","date_gmt":"2011-04-15T18:07:42","guid":{"rendered":"http:\/\/blog.cancaonova.com\/maranatha\/?p=353"},"modified":"2011-07-19T15:33:09","modified_gmt":"2011-07-19T18:33:09","slug":"reconsiderar-os-progressos","status":"publish","type":"post","link":"https:\/\/blog.cancaonova.com\/maranatha\/2011\/04\/15\/reconsiderar-os-progressos\/","title":{"rendered":"Reconsiderar os Progressos"},"content":{"rendered":"<p><img loading=\"lazy\" decoding=\"async\" class=\"size-medium wp-image-354 alignleft\" src=\"http:\/\/blog.cancaonova.com\/maranatha\/files\/2011\/04\/ReconsiderarProgressos-300x197.jpg\" alt=\"\" width=\"300\" height=\"197\" srcset=\"https:\/\/blog.cancaonova.com\/maranatha\/files\/2011\/04\/ReconsiderarProgressos-300x197.jpg 300w, https:\/\/blog.cancaonova.com\/maranatha\/files\/2011\/04\/ReconsiderarProgressos.jpg 400w\" sizes=\"(max-width: 300px) 100vw, 300px\" \/><\/p>\n<p style=\"text-align: justify\">Em nossa caminhada de crescimento nem sempre conseguimos atingir nossas metas e objetivos. Entretanto, o caminhar pode tornar-se ainda mais enfadonho se nos fixarmos no negativo do que vivemos.<\/p>\n<p style=\"text-align: justify\">No \u00e1rduo peregrinar da vida crist\u00e3, vale a pena refletir sobre os nossos progressos. <strong>\u00c9 preciso valorizar os passos que j\u00e1 demos, e n\u00e3o permitir que as nossas grandes ou min\u00fasculas evolu\u00e7\u00f5es caiam no esquecimento.<\/strong><\/p>\n<p style=\"text-align: center\">\n<p style=\"text-align: justify\">Obviamente n\u00e3o se trata de estagnar no ponto em que estamos, mas, considerando nossas conquistas, avan\u00e7ar decididamente rumo \u00e0 meta, conforme nos orienta a Sagrada Escritura: <em>\u201cseja qual for o grau ao qual chegamos, o que importa \u00e9 prosseguir decididamente\u201d<\/em> (Fl 3,16).<\/p>\n<p style=\"text-align: justify\">Reconsiderar \u00e9 encarar com aten\u00e7\u00e3o outra vez. \u00c9 repetir o ato de deter-se minuciosamente sobre determinada situa\u00e7\u00e3o. Reconsideremos, portanto, nossos progressos e que a gra\u00e7a de Deus nos conceda, a partir desta revis\u00e3o, nova din\u00e2mica e ardor!<\/p>\n<p style=\"text-align: justify\">Grande abra\u00e7o,<\/p>\n<p style=\"text-align: justify\">Maranath\u00e1!!<\/p>\n<p style=\"text-align: justify\"><strong>Edmilson Dias<\/strong><\/p>\n<p style=\"text-align: justify\">Seminarista &#8211; Comunidade Can\u00e7\u00e3o Nova<\/p>\n","protected":false},"excerpt":{"rendered":"<p>Em nossa caminhada de crescimento nem sempre conseguimos atingir nossas metas e objetivos. Entretanto, o caminhar pode tornar-se ainda mais enfadonho se nos fixarmos no negativo do que vivemos. No \u00e1rduo peregrinar da vida crist\u00e3, vale a pena refletir sobre&#8230;<\/p>\n","protected":false},"author":4457,"featured_media":0,"comment_status":"closed","ping_status":"open","sticky":false,"template":"","format":"standard","meta":{"_mi_skip_tracking":false,"_monsterinsights_sitenote_active":false,"_monsterinsights_sitenote_note":"","_monsterinsights_sitenote_category":0,"footnotes":""},"categories":[33192],"tags":[44619,19445,15601,33343,33190,33267,10251,26212,25995,62671],"_links":{"self":[{"href":"https:\/\/blog.cancaonova.com\/maranatha\/wp-json\/wp\/v2\/posts\/353"}],"collection":[{"href":"https:\/\/blog.cancaonova.com\/maranatha\/wp-json\/wp\/v2\/posts"}],"about":[{"href":"https:\/\/blog.cancaonova.com\/maranatha\/wp-json\/wp\/v2\/types\/post"}],"author":[{"embeddable":true,"href":"https:\/\/blog.cancaonova.com\/maranatha\/wp-json\/wp\/v2\/users\/4457"}],"replies":[{"embeddable":true,"href":"https:\/\/blog.cancaonova.com\/maranatha\/wp-json\/wp\/v2\/comments?post=353"}],"version-history":[{"count":7,"href":"https:\/\/blog.cancaonova.com\/maranatha\/wp-json\/wp\/v2\/posts\/353\/revisions"}],"predecessor-version":[{"id":496,"href":"https:\/\/blog.cancaonova.com\/maranatha\/wp-json\/wp\/v2\/posts\/353\/revisions\/496"}],"wp:attachment":[{"href":"https:\/\/blog.cancaonova.com\/maranatha\/wp-json\/wp\/v2\/media?parent=353"}],"wp:term":[{"taxonomy":"category","embeddable":true,"href":"https:\/\/blog.cancaonova.com\/maranatha\/wp-json\/wp\/v2\/categories?post=353"},{"taxonomy":"post_tag","embeddable":true,"href":"https:\/\/blog.cancaonova.com\/maranatha\/wp-json\/wp\/v2\/tags?post=353"}],"curies":[{"name":"wp","href":"https:\/\/api.w.org\/{rel}","templated":true}]}}