{"id":437,"date":"2011-06-24T10:53:51","date_gmt":"2011-06-24T13:53:51","guid":{"rendered":"http:\/\/blog.cancaonova.com\/maranatha\/?p=437"},"modified":"2011-06-29T19:17:35","modified_gmt":"2011-06-29T22:17:35","slug":"forca-suave-de-deus","status":"publish","type":"post","link":"https:\/\/blog.cancaonova.com\/maranatha\/2011\/06\/24\/forca-suave-de-deus\/","title":{"rendered":"For\u00e7a suave de Deus"},"content":{"rendered":"<p style=\"text-align: justify\"><a href=\"http:\/\/blog.cancaonova.com\/maranatha\/files\/2011\/06\/Papa-Bento-XVI-1.jpg\"><img loading=\"lazy\" decoding=\"async\" class=\"alignleft size-medium wp-image-441\" src=\"http:\/\/blog.cancaonova.com\/maranatha\/files\/2011\/06\/Papa-Bento-XVI-1-211x300.jpg\" alt=\"\" width=\"211\" height=\"300\" \/><\/a>Neste post apresento a voc\u00ea alguns trechos da <a title=\"Leia na \u00edntegra!\" href=\"http:\/\/noticias.cancaonova.com\/noticia.php?id=282315\" target=\"_blank\">homilia <\/a>proferida pelo Santo Padre, \u00a0Papa Bento XVI, na celebra\u00e7\u00e3o de Corpus Christi deste ano. Fa\u00e7o-o como incentivo para voc\u00ea l\u00ea-la<a title=\"Leia agora!\" href=\"http:\/\/noticias.cancaonova.com\/noticia.php?id=282315\" target=\"_blank\"> na \u00edntegra<\/a>!<\/p>\n<p style=\"text-align: justify\"><em>&#8220;A comunh\u00e3o eucar\u00edstica me une \u00e0 pessoa que tenho ao lado, e com a qual talvez n\u00e3o tenha sequer um bom relacionamento, mas tamb\u00e9m aos irm\u00e3os distantes, em todas as partes do mundo. Daqui, da Eucaristia, deriva portanto o sentido profundo da presen\u00e7a social da Igreja&#8221;.<\/em><\/p>\n<p style=\"text-align: justify\"><em>&#8220;N\u00e3o h\u00e1 nada de m\u00e1gico no Cristianismo. N\u00e3o existem atalhos, mas tudo passa atrav\u00e9s da l\u00f3gica humilde e paciente do gr\u00e3o de trigo que se quebra para dar vida, <strong>a l\u00f3gica da f\u00e9 que move as montanhas com a for\u00e7a suave de Deus<\/strong>. Por isso Deus quis continuar a renovar a humanidade, a hist\u00f3ria e o cosmo atrav\u00e9s dessa cadeia de transforma\u00e7\u00f5es, da qual a Eucaristia \u00e9 o sacramento&#8221;.<\/em><\/p>\n<p style=\"text-align: justify\"><em>&#8220;Sem ilus\u00f5es, sem utopias ideol\u00f3gicas, n\u00f3s caminhamos pelas estradas do mundo, levando dentro de n\u00f3s o Corpo do Senhor, como a Virgem Maria no mist\u00e9rio da Visita\u00e7\u00e3o. Com a humildade de saber-nos simples gr\u00e3os, preservamos a firme certeza de que o amor de Deus, encarnado em Cristo, \u00e9 mais forte que o mal, a viol\u00eancia e a morte. <strong>Sabemos que Deus prepara para todos os homens c\u00e9us novos e terra nova, em que reinam a paz e a justi\u00e7a \u2013 e na f\u00e9 entrevemos o mundo novo, que \u00e9 a nossa verdadeira p\u00e1tria&#8221;.<\/strong><\/em><\/p>\n<p style=\"text-align: justify\">Com Bento XVI tamb\u00e9m quero rezar: <em>&#8220;Obrigado, Senhor Jesus! <strong>Obrigado pela tua fidelidade, que sustenta a nossa esperan\u00e7a<\/strong>. Permanece conosco, porque j\u00e1 \u00e9 noite. &#8216;Bom Pastor, verdadeiro P\u00e3o, \u00f3 Jesus, piedade de n\u00f3s; nutri-nos, defendei-nos, levai-nos aos bens eternos, na terra dos viventes!&#8217;. Am\u00e9m&#8221;<\/em>.<\/p>\n<p style=\"text-align: justify\">Grande abra\u00e7o,<\/p>\n<p style=\"text-align: justify\">Maranath\u00e1!!<\/p>\n<p style=\"text-align: justify\"><strong>Edmilson Dias<\/strong><\/p>\n<p style=\"text-align: justify\">Seminarista &#8211; Comunidade Can\u00e7\u00e3o Nova<\/p>\n","protected":false},"excerpt":{"rendered":"<p>Neste post apresento a voc\u00ea alguns trechos da homilia proferida pelo Santo Padre, \u00a0Papa Bento XVI, na celebra\u00e7\u00e3o de Corpus Christi deste ano. Fa\u00e7o-o como incentivo para voc\u00ea l\u00ea-la na \u00edntegra! &#8220;A comunh\u00e3o eucar\u00edstica me une \u00e0 pessoa que tenho&#8230;<\/p>\n","protected":false},"author":4457,"featured_media":0,"comment_status":"closed","ping_status":"open","sticky":false,"template":"","format":"standard","meta":{"_mi_skip_tracking":false,"_monsterinsights_sitenote_active":false,"_monsterinsights_sitenote_note":"","_monsterinsights_sitenote_category":0,"footnotes":""},"categories":[67,3401,17986],"tags":[9701,5011,15975,33190,33267,10251,3671,2551,2231,17410],"_links":{"self":[{"href":"https:\/\/blog.cancaonova.com\/maranatha\/wp-json\/wp\/v2\/posts\/437"}],"collection":[{"href":"https:\/\/blog.cancaonova.com\/maranatha\/wp-json\/wp\/v2\/posts"}],"about":[{"href":"https:\/\/blog.cancaonova.com\/maranatha\/wp-json\/wp\/v2\/types\/post"}],"author":[{"embeddable":true,"href":"https:\/\/blog.cancaonova.com\/maranatha\/wp-json\/wp\/v2\/users\/4457"}],"replies":[{"embeddable":true,"href":"https:\/\/blog.cancaonova.com\/maranatha\/wp-json\/wp\/v2\/comments?post=437"}],"version-history":[{"count":8,"href":"https:\/\/blog.cancaonova.com\/maranatha\/wp-json\/wp\/v2\/posts\/437\/revisions"}],"predecessor-version":[{"id":455,"href":"https:\/\/blog.cancaonova.com\/maranatha\/wp-json\/wp\/v2\/posts\/437\/revisions\/455"}],"wp:attachment":[{"href":"https:\/\/blog.cancaonova.com\/maranatha\/wp-json\/wp\/v2\/media?parent=437"}],"wp:term":[{"taxonomy":"category","embeddable":true,"href":"https:\/\/blog.cancaonova.com\/maranatha\/wp-json\/wp\/v2\/categories?post=437"},{"taxonomy":"post_tag","embeddable":true,"href":"https:\/\/blog.cancaonova.com\/maranatha\/wp-json\/wp\/v2\/tags?post=437"}],"curies":[{"name":"wp","href":"https:\/\/api.w.org\/{rel}","templated":true}]}}