{"id":447,"date":"2011-06-29T19:16:20","date_gmt":"2011-06-29T22:16:20","guid":{"rendered":"http:\/\/blog.cancaonova.com\/maranatha\/?p=447"},"modified":"2019-05-04T21:43:16","modified_gmt":"2019-05-05T00:43:16","slug":"amigo-de-deus-sacerdote-ha-60-anos","status":"publish","type":"post","link":"https:\/\/blog.cancaonova.com\/maranatha\/2011\/06\/29\/amigo-de-deus-sacerdote-ha-60-anos\/","title":{"rendered":"Amigo de Deus, sacerdote h\u00e1 60 anos!"},"content":{"rendered":"<p style=\"text-align: justify\">Nesta quarta-feira, 29 de junho de 2011, o Sumo Pont\u00edfice, Bento XVI celebra seu <a href=\"http:\/\/noticias.cancaonova.com\/noticia.php?id=282385\" target=\"_blank\" rel=\"noopener\">60\u00ba anivers\u00e1rio de ordena\u00e7\u00e3o sacerdotal<\/a> e revela um dado inerente \u00e0 sua vida de entrega pela Igreja do Senhor: sua amizade com Deus.<\/p>\n<p style=\"text-align: justify\">Tenho notado que a <em>amizade <\/em>\u00e9 um tema recorrente nos discursos de Bento XVI. Em sua <a href=\"http:\/\/noticias.cancaonova.com\/noticia.php?id=282387\" target=\"_blank\" rel=\"noopener\">homilia <\/a>por ocasi\u00e3o desta data t\u00e3o significativa n\u00e3o foi diferente, o sucessor de Pedro discorreu a partir das palavras de Jesus: <strong>&#8220;J\u00e1 n\u00e3o sois servos, mas amigos&#8221;<\/strong> (cf. <em>Jo<\/em> 15, 15).<\/p>\n<p style=\"text-align: justify\"><a href=\"http:\/\/blog.cancaonova.com\/maranatha\/files\/2011\/06\/papa-bento-xvi-1561-300x207.jpg\"><img loading=\"lazy\" decoding=\"async\" class=\"alignleft size-full wp-image-451\" src=\"http:\/\/blog.cancaonova.com\/maranatha\/files\/2011\/06\/papa-bento-xvi-1561-300x207.jpg\" alt=\"\" width=\"300\" height=\"207\"><\/a>Bento XVI ressaltou que nesta frase est\u00e1 encerrado o programa inteiro de uma vida sacerdotal. Destaco aqui um alguns trechos da referida homilia: &#8220;<em>O que \u00e9 verdadeiramente a amizade? [&#8230;]&nbsp; A amizade \u00e9 uma comunh\u00e3o do pensar e do querer. O Senhor n\u00e3o se cansa de nos dizer a mesma coisa: &#8220;Conhe\u00e7o os meus e os meus conhecem-Me&#8221;<\/em> <em>(cf. Jo 10, 14). O Pastor chama os seus pelo nome (cf. Jo 10, 3). Ele conhece-me por nome. N\u00e3o sou um ser an\u00f4nimo qualquer, na infinidade do universo. Conhece-me de modo muito pessoal. E eu? Conhe\u00e7o-O a Ele? A amizade que Ele me dedica pode apenas traduzir-se em que tamb\u00e9m eu O procure conhecer cada vez melhor; que eu, na Escritura, nos Sacramentos, no encontro da ora\u00e7\u00e3o, na comunh\u00e3o dos Santos, nas pessoas que se aproximam de mim mandadas por Ele, procure conhecer sempre mais a Ele pr\u00f3prio. <strong>A amizade n\u00e3o \u00e9 apenas conhecimento; \u00e9 sobretudo comunh\u00e3o do querer. Significa que a minha vontade cresce rumo ao &#8220;sim&#8221; da ades\u00e3o \u00e0 d\u2019Ele.<\/strong> De fato, a sua vontade n\u00e3o \u00e9 uma vontade externa e alheia a mim mesmo, \u00e0 qual mais ou menos voluntariamente me submeto ou ent\u00e3o nem sequer me submeto. N\u00e3o! <strong>Na amizade, a minha vontade, crescendo, une-se \u00e0 d\u2019Ele: a sua vontade torna-se a minha, e \u00e9 precisamente assim que me torno de verdade eu mesmo. Al\u00e9m da comunh\u00e3o de pensamento e de vontade, o Senhor menciona um terceiro e novo elemento: Ele d\u00e1 a sua vida por n\u00f3s <\/strong>(cf. Jo 15, 13; 10, 15)&#8221;. <\/em><\/p>\n<p style=\"text-align: justify\">&nbsp;<\/p>\n<p style=\"text-align: justify\">Uma vez mais, <a title=\"Leia a homilia na \u00edntegra\" href=\"http:\/\/noticias.cancaonova.com\/noticia.php?id=282387\" target=\"_blank\" rel=\"noopener\">indico a voc\u00ea<\/a> o contato com as palavras deste santo homem, que denotam um cora\u00e7\u00e3o unido ao d&#8217;Aquele que demonstrou ter <em>maior amor<\/em> ao <em>dar a vida pelos amigos<\/em> (cf Jo15,13).<\/p>\n<p>&nbsp;<\/p>\n<p style=\"text-align: justify\">S\u00f3 nos resta rezar com o papa: &#8220;<strong><em>Senhor, ajudai-me a conhecer-Vos cada vez melhor! Ajudai-me a identificar-me cada vez mais com a vossa vontade! Ajudai-me a viver a minha exist\u00eancia, n\u00e3o para mim mesmo, mas a viv\u00ea-la juntamente convoco para os outros! Ajudai-me a tornar-me sempre mais vosso amigo!&#8221;<\/em><\/strong><\/p>\n<p style=\"text-align: justify\">Feliz em partilhar esta riqueza com voc\u00ea,<\/p>\n<p style=\"text-align: justify\">Grande abra\u00e7o,<\/p>\n<p>Maranath\u00e1!!<\/p>\n<p><strong>Edmilson Dias<\/strong><\/p>\n<p>Seminarista \u2013 Comunidade Can\u00e7\u00e3o Nova<\/p>\n","protected":false},"excerpt":{"rendered":"<p>Nesta quarta-feira, 29 de junho de 2011, o Sumo Pont\u00edfice, Bento XVI celebra seu 60\u00ba anivers\u00e1rio de ordena\u00e7\u00e3o sacerdotal e revela um dado inerente \u00e0 sua vida de entrega pela Igreja do Senhor: sua amizade com Deus. Tenho notado que&#8230;<\/p>\n","protected":false},"author":4457,"featured_media":466,"comment_status":"closed","ping_status":"open","sticky":false,"template":"","format":"standard","meta":{"_mi_skip_tracking":false,"_monsterinsights_sitenote_active":false,"_monsterinsights_sitenote_note":"","_monsterinsights_sitenote_category":0,"footnotes":""},"categories":[67,3401],"tags":[],"_links":{"self":[{"href":"https:\/\/blog.cancaonova.com\/maranatha\/wp-json\/wp\/v2\/posts\/447"}],"collection":[{"href":"https:\/\/blog.cancaonova.com\/maranatha\/wp-json\/wp\/v2\/posts"}],"about":[{"href":"https:\/\/blog.cancaonova.com\/maranatha\/wp-json\/wp\/v2\/types\/post"}],"author":[{"embeddable":true,"href":"https:\/\/blog.cancaonova.com\/maranatha\/wp-json\/wp\/v2\/users\/4457"}],"replies":[{"embeddable":true,"href":"https:\/\/blog.cancaonova.com\/maranatha\/wp-json\/wp\/v2\/comments?post=447"}],"version-history":[{"count":11,"href":"https:\/\/blog.cancaonova.com\/maranatha\/wp-json\/wp\/v2\/posts\/447\/revisions"}],"predecessor-version":[{"id":880,"href":"https:\/\/blog.cancaonova.com\/maranatha\/wp-json\/wp\/v2\/posts\/447\/revisions\/880"}],"wp:featuredmedia":[{"embeddable":true,"href":"https:\/\/blog.cancaonova.com\/maranatha\/wp-json\/wp\/v2\/media\/466"}],"wp:attachment":[{"href":"https:\/\/blog.cancaonova.com\/maranatha\/wp-json\/wp\/v2\/media?parent=447"}],"wp:term":[{"taxonomy":"category","embeddable":true,"href":"https:\/\/blog.cancaonova.com\/maranatha\/wp-json\/wp\/v2\/categories?post=447"},{"taxonomy":"post_tag","embeddable":true,"href":"https:\/\/blog.cancaonova.com\/maranatha\/wp-json\/wp\/v2\/tags?post=447"}],"curies":[{"name":"wp","href":"https:\/\/api.w.org\/{rel}","templated":true}]}}