{"id":502,"date":"2011-08-04T07:00:59","date_gmt":"2011-08-04T10:00:59","guid":{"rendered":"http:\/\/blog.cancaonova.com\/maranatha\/?p=502"},"modified":"2019-05-04T21:53:55","modified_gmt":"2019-05-05T00:53:55","slug":"nao-tenhais-medo","status":"publish","type":"post","link":"https:\/\/blog.cancaonova.com\/maranatha\/2011\/08\/04\/nao-tenhais-medo\/","title":{"rendered":"N\u00e3o tenhais medo!"},"content":{"rendered":"<div id=\"attachment_503\" style=\"width: 727px\" class=\"wp-caption aligncenter\"><a href=\"http:\/\/blog.cancaonova.com\/maranatha\/files\/2011\/07\/Edmilsoncn-Bom-demais-45.jpg\"><img loading=\"lazy\" decoding=\"async\" aria-describedby=\"caption-attachment-503\" class=\"size-large wp-image-503 \" src=\"http:\/\/blog.cancaonova.com\/maranatha\/files\/2011\/07\/Edmilsoncn-Bom-demais-45-1024x684.jpg\" alt=\"\" width=\"717\" height=\"479\"><\/a><p id=\"caption-attachment-503\" class=\"wp-caption-text\">Cuiab\u00e1\/MT &#8211; Mirante do Parque M\u00e3e Bonif\u00e1cia<\/p><\/div>\n<p style=\"text-align: justify\">Deus quer chegar ao cora\u00e7\u00e3o de cada homem com a Boa Nova da Salva\u00e7\u00e3o. Para isso quis precisar de n\u00f3s!<\/p>\n<p style=\"text-align: justify\">Cabe a cada um corresponder com fidelidade ao chamado que o Senhor lhe fez. Nem todos possuem a mesma voca\u00e7\u00e3o, mas \u00e9 imprescind\u00edvel que cada um assuma a sua e <strong>sem medo<\/strong> lance-se na dire\u00e7\u00e3o da vontade de Deus.<\/p>\n<p style=\"text-align: justify\">Uma vez chamados pelo Senhor, corramos com fervor e alegria na constru\u00e7\u00e3o do Reino!<\/p>\n<p style=\"text-align: justify\"><strong>\u201cPede-me; Dar-te-ei por heran\u00e7a todas as na\u00e7\u00f5es\u201d<\/strong> (Sl 2, 8).<\/p>\n<p style=\"text-align: justify\">Grande abra\u00e7o,<\/p>\n<p style=\"text-align: justify\">Maranath\u00e1!!<\/p>\n<p style=\"text-align: justify\"><strong>Edmilson Dias<\/strong><\/p>\n<p style=\"text-align: justify\">Seminarista \u2013 Comunidade Can\u00e7\u00e3o Nova<\/p>\n","protected":false},"excerpt":{"rendered":"<p>Deus quer chegar ao cora\u00e7\u00e3o de cada homem com a Boa Nova da Salva\u00e7\u00e3o. Para isso quis precisar de n\u00f3s! Cabe a cada um corresponder com fidelidade ao chamado que o Senhor lhe fez. Nem todos possuem a mesma voca\u00e7\u00e3o,&#8230;<\/p>\n","protected":false},"author":4457,"featured_media":503,"comment_status":"closed","ping_status":"open","sticky":false,"template":"","format":"standard","meta":{"_mi_skip_tracking":false,"_monsterinsights_sitenote_active":false,"_monsterinsights_sitenote_note":"","_monsterinsights_sitenote_category":0,"footnotes":""},"categories":[33522],"tags":[62739,5011,33267,6791,26212,141],"_links":{"self":[{"href":"https:\/\/blog.cancaonova.com\/maranatha\/wp-json\/wp\/v2\/posts\/502"}],"collection":[{"href":"https:\/\/blog.cancaonova.com\/maranatha\/wp-json\/wp\/v2\/posts"}],"about":[{"href":"https:\/\/blog.cancaonova.com\/maranatha\/wp-json\/wp\/v2\/types\/post"}],"author":[{"embeddable":true,"href":"https:\/\/blog.cancaonova.com\/maranatha\/wp-json\/wp\/v2\/users\/4457"}],"replies":[{"embeddable":true,"href":"https:\/\/blog.cancaonova.com\/maranatha\/wp-json\/wp\/v2\/comments?post=502"}],"version-history":[{"count":6,"href":"https:\/\/blog.cancaonova.com\/maranatha\/wp-json\/wp\/v2\/posts\/502\/revisions"}],"predecessor-version":[{"id":889,"href":"https:\/\/blog.cancaonova.com\/maranatha\/wp-json\/wp\/v2\/posts\/502\/revisions\/889"}],"wp:featuredmedia":[{"embeddable":true,"href":"https:\/\/blog.cancaonova.com\/maranatha\/wp-json\/wp\/v2\/media\/503"}],"wp:attachment":[{"href":"https:\/\/blog.cancaonova.com\/maranatha\/wp-json\/wp\/v2\/media?parent=502"}],"wp:term":[{"taxonomy":"category","embeddable":true,"href":"https:\/\/blog.cancaonova.com\/maranatha\/wp-json\/wp\/v2\/categories?post=502"},{"taxonomy":"post_tag","embeddable":true,"href":"https:\/\/blog.cancaonova.com\/maranatha\/wp-json\/wp\/v2\/tags?post=502"}],"curies":[{"name":"wp","href":"https:\/\/api.w.org\/{rel}","templated":true}]}}