{"id":533,"date":"2011-07-19T15:41:41","date_gmt":"2011-07-19T18:41:41","guid":{"rendered":"http:\/\/blog.cancaonova.com\/maranatha\/?p=533"},"modified":"2019-05-04T21:41:01","modified_gmt":"2019-05-05T00:41:01","slug":"em-missao-radio-difusora","status":"publish","type":"post","link":"https:\/\/blog.cancaonova.com\/maranatha\/2011\/07\/19\/em-missao-radio-difusora\/","title":{"rendered":"Em miss\u00e3o - R\u00e1dio Difusora"},"content":{"rendered":"<div id=\"attachment_534\" style=\"width: 429px\" class=\"wp-caption aligncenter\"><a href=\"http:\/\/blog.cancaonova.com\/maranatha\/files\/2011\/07\/blog.jpg\"><img loading=\"lazy\" decoding=\"async\" aria-describedby=\"caption-attachment-534\" class=\"size-full wp-image-534 \" src=\"http:\/\/blog.cancaonova.com\/maranatha\/files\/2011\/07\/blog.jpg\" alt=\"\" width=\"419\" height=\"314\"><\/a><p id=\"caption-attachment-534\" class=\"wp-caption-text\">Entre as minhas atividades: produ\u00e7\u00e3o do Blog da Emissora<\/p><\/div>\n<p>Na Comunidade Can\u00e7\u00e3o Nova, neste ano de 2011, tenho a gra\u00e7a de morar na Miss\u00e3o Can\u00e7\u00e3o Nova de Cuiab\u00e1\/MG e de cooperar na evangeliza\u00e7\u00e3o atrav\u00e9s da R\u00e1dio Difusora Bom Jesus de Cuiab\u00e1.<\/p>\n<p>Esta r\u00e1dio \u00e9 uma das mais tradicionais do estado de Mato Grosso e comemora, no m\u00eas de Agosto, &nbsp;52 anos no ar &#8211; sendo um dos principais ve\u00edculos de comunica\u00e7\u00e3o da capital matogrossense.<\/p>\n<p>Acesse o nosso blog: <a href=\"http:\/\/blog.cancaonova.com\/radiodifusora\" target=\"_blank\" rel=\"noopener\">http:\/\/blog.cancaonova.com\/radiodifusora<\/a><\/p>\n<p>_________________________<\/p>\n<p style=\"text-align: justify\"><strong>Um pouco de sua hist\u00f3ria: <\/strong><\/p>\n<p style=\"text-align: justify\">A R\u00e1dio Difusora Bom Jesus de Cuiab\u00e1 foi ao ar oficialmente no dia 23 de agosto de 1959. A emissora comp\u00f5em a Rede Can\u00e7\u00e3o Nova de R\u00e1dio, que integra o <a href=\"http:\/\/cancaonova.com\" target=\"_blank\" rel=\"noopener\">Sistema de Can\u00e7\u00e3o Nova de Comunica\u00e7\u00e3o<\/a>.<\/p>\n<p style=\"text-align: justify\">Sua import\u00e2ncia hist\u00f3rica e atua\u00e7\u00e3o na sociedade matogrossense durante mais meio s\u00e9culo fazem da Difusora 630am uma das emissoras mais ouvidas e querida por v\u00e1rias gera\u00e7\u00f5es de ouvintes.<\/p>\n<p style=\"text-align: justify\">Com uma programa\u00e7\u00e3o evangelizadora, diversificada, muito divertida e din\u00e2mica, voltada para a forma\u00e7\u00e3o crist\u00e3, entretenimento, presta\u00e7\u00e3o de servi\u00e7os, utilidade p\u00fablica, divulga\u00e7\u00e3o da cultura, sa\u00fade e bem estar, lan\u00e7amentos fonogr\u00e1ficos, e promo\u00e7\u00e3o da cidadania.<\/p>\n<p style=\"text-align: justify\">O aprofundamento na forma\u00e7\u00e3o crist\u00e3 se d\u00e1 com a colabora\u00e7\u00e3o de locutores capacitados: te\u00f3logos, fil\u00f3sofos, mestres e doutores na f\u00e9 crist\u00e3. Comunicadores de excel\u00eancia. <strong>Pessoas que fizeram uma profunda experi\u00eancia com Jesus Cristo<\/strong> e por isso podem testemunhar com a vida. Citamos alguns como: Dom Milton Santos &#8211; Arcebispo, Dom Bonif\u00e1cio Piccinini, Padre Bruno Costa, Padre Kleberson Paes, Padre Marcos Roberto, Pe. Paulo Ricardo entre outros. Al\u00e9m da equipe de profissionais mission\u00e1rios de alto escal\u00e3o.<\/p>\n<p style=\"text-align: justify\">A programa\u00e7\u00e3o \u00e9 recheada de atra\u00e7\u00f5es e espiritualidade, alegria e muita interatividade, o ouvinte tem o seu espa\u00e7o e a sua vez, e ainda concorre a v\u00e1rios pr\u00eamios.<\/p>\n<p style=\"text-align: justify\">Sempre atualizada, e adequada aos novos tempos a Difusora 630am, assume o slogan: <strong>UM NOVO TEMPO ESTA NO AR! <\/strong>A emissora passou por transforma\u00e7\u00f5es adaptando-se \u00e0 nova realidade sem perder a ess\u00eancia. Trouxe para os ouvintes muitas novidades, desde a linguagem mais din\u00e2mica, uma programa\u00e7\u00e3o musical atual, at\u00e9 uma pl\u00e1stica que \u00e9 refer\u00eancia para o bom gosto e para a pr\u00f3pria modernidade do r\u00e1dio no pa\u00eds, atingindo especialmente o p\u00fablico \u201c<em>jovem-adulto<\/em>\u201d.<\/p>\n<p style=\"text-align: justify\">Criando perfis em redes sociais como <a href=\"http:\/\/twitter.com\/difusora630am\" target=\"_blank\" rel=\"noopener\">Twitter<\/a>, <a href=\"http:\/\/facebook.com\/radiodifusora\" target=\"_blank\" rel=\"noopener\">Facebook<\/a>, entre outros canais como blogs e web sites, atingimos ouvintes ass\u00edduos \u00e0 nossa programa\u00e7\u00e3o n\u00e3o s\u00f3 no Brasil, mas no mundo inteiro. Registramos ouvintes na Am\u00e9rica Latina; Europa (It\u00e1lia, Portugal, Espanha, Fran\u00e7a) e tamb\u00e9m na \u00c1frica (Angola).<\/p>\n<p style=\"text-align: justify\">Com uma programa\u00e7\u00e3o 24 horas no ar, a R\u00e1dio Difusora Bom Jesus de Cuiab\u00e1 \u00e9 mantida pelos associados do <a href=\"http:\/\/clube.cancaonova.com\" target=\"_blank\" rel=\"noopener\">Clube da Evangeliza\u00e7\u00e3o Can\u00e7\u00e3o Nova<\/a>. A eles nossas ora\u00e7\u00f5es e eterna gratid\u00e3o.<\/p>\n<p style=\"text-align: justify\"><strong>Hist\u00f3rico<\/strong><\/p>\n<p style=\"text-align: justify\">Emissora cat\u00f3lica pertencente \u00e0 Funda\u00e7\u00e3o Bom Jesus de Cuiab\u00e1, fundada por Dom Orlando Chaves (<em>in memorian<\/em>), Bispo Arquidiocesano na \u00e9poca.&nbsp;Desde 1992, a Comunidade Can\u00e7\u00e3o Nova, com sede em Cachoeira Paulista-SP passou a administrar e dirigir a programa\u00e7\u00e3o da R\u00e1dio Difusora a convite de Dom Bonif\u00e1cio Piccinini, Arcebispo Metropolitano de Cuiab\u00e1, hoje em\u00e9rito.<\/p>\n<p style=\"text-align: justify\"><strong>Frequ\u00eancia:<\/strong><\/p>\n<p style=\"text-align: justify\">AM, opera na freq\u00fc\u00eancia de 630 kHz, prefixo ZYI, 384.<\/p>\n<p style=\"text-align: justify\"><strong>Conhe\u00e7a a R\u00e1dio Difusora de Cuiab\u00e1<\/strong><\/p>\n<p style=\"text-align: justify\">A R\u00e1dio difusora est\u00e1 situada no pr\u00e9dio do antigo Semin\u00e1rio da Arquidiocese junto ao do Santu\u00e1rio Eucar\u00edstico de Nossa Senhora do Bom Despacho, tombados pelo Patrim\u00f4nio Hist\u00f3rico Nacional.<\/p>\n<p style=\"text-align: justify\"><strong>Endere\u00e7o:<\/strong><\/p>\n<p style=\"text-align: justify\">Pra\u00e7a do Semin\u00e1rio, 239 &#8211; Centro<\/p>\n<p style=\"text-align: justify\">Cep. 78015-140 &#8211; Cuiab\u00e1 &#8211; MT<\/p>\n<p style=\"text-align: justify\">Fone: (0xx 65) 3617 7900<\/p>\n<p style=\"text-align: justify\">E-mail: radiocuiaba@cancaonova.com<\/p>\n<p style=\"text-align: justify\"><strong><br \/>\n<\/strong><\/p>\n<p><img loading=\"lazy\" decoding=\"async\" class=\"alignleft size-medium wp-image-547\" src=\"http:\/\/blog.cancaonova.com\/maranatha\/files\/2011\/07\/Arte-final-210x300.jpg\" alt=\"\" width=\"168\" height=\"240\" srcset=\"https:\/\/blog.cancaonova.com\/maranatha\/files\/2011\/07\/Arte-final-210x300.jpg 210w, https:\/\/blog.cancaonova.com\/maranatha\/files\/2011\/07\/Arte-final-716x1024.jpg 716w\" sizes=\"(max-width: 168px) 100vw, 168px\" \/><\/p>\n<p style=\"text-align: justify\"><strong>Evento:<\/strong><\/p>\n<p><strong>DifusoraFest<\/strong><\/p>\n<p style=\"text-align: justify\">(Celebra\u00e7\u00e3o Eucar\u00edstica e Show com Salette Ferreira)<\/p>\n<p style=\"text-align: justify\">Dia: 06 de agosto de 2011<\/p>\n<p style=\"text-align: justify\">Hor\u00e1rio: 18h00<\/p>\n<p style=\"text-align: justify\">Local: Rinc\u00e3o do Meu Senhor &#8211; V\u00e1rzea Grande\/MT<\/p>\n<p style=\"text-align: justify\">Informa\u00e7\u00f5es: Fone: (0xx 65) 3617 7900<\/p>\n<p style=\"text-align: justify\">_____________________<\/p>\n<p>Grande abra\u00e7o,<\/p>\n<p>Maranath\u00e1!!<\/p>\n<p><strong>Edmilson Dias<\/strong><\/p>\n<p>Seminarista \u2013 Comunidade Can\u00e7\u00e3o Nova<\/p>\n","protected":false},"excerpt":{"rendered":"<p>Na Comunidade Can\u00e7\u00e3o Nova, neste ano de 2011, tenho a gra\u00e7a de morar na Miss\u00e3o Can\u00e7\u00e3o Nova de Cuiab\u00e1\/MG e de cooperar na evangeliza\u00e7\u00e3o atrav\u00e9s da R\u00e1dio Difusora Bom Jesus de Cuiab\u00e1. Esta r\u00e1dio \u00e9 uma das mais tradicionais do&#8230;<\/p>\n","protected":false},"author":4457,"featured_media":534,"comment_status":"closed","ping_status":"open","sticky":false,"template":"","format":"standard","meta":{"_mi_skip_tracking":false,"_monsterinsights_sitenote_active":false,"_monsterinsights_sitenote_note":"","_monsterinsights_sitenote_category":0,"footnotes":""},"categories":[33522],"tags":[62739,5011,16104,33267,80],"_links":{"self":[{"href":"https:\/\/blog.cancaonova.com\/maranatha\/wp-json\/wp\/v2\/posts\/533"}],"collection":[{"href":"https:\/\/blog.cancaonova.com\/maranatha\/wp-json\/wp\/v2\/posts"}],"about":[{"href":"https:\/\/blog.cancaonova.com\/maranatha\/wp-json\/wp\/v2\/types\/post"}],"author":[{"embeddable":true,"href":"https:\/\/blog.cancaonova.com\/maranatha\/wp-json\/wp\/v2\/users\/4457"}],"replies":[{"embeddable":true,"href":"https:\/\/blog.cancaonova.com\/maranatha\/wp-json\/wp\/v2\/comments?post=533"}],"version-history":[{"count":18,"href":"https:\/\/blog.cancaonova.com\/maranatha\/wp-json\/wp\/v2\/posts\/533\/revisions"}],"predecessor-version":[{"id":878,"href":"https:\/\/blog.cancaonova.com\/maranatha\/wp-json\/wp\/v2\/posts\/533\/revisions\/878"}],"wp:featuredmedia":[{"embeddable":true,"href":"https:\/\/blog.cancaonova.com\/maranatha\/wp-json\/wp\/v2\/media\/534"}],"wp:attachment":[{"href":"https:\/\/blog.cancaonova.com\/maranatha\/wp-json\/wp\/v2\/media?parent=533"}],"wp:term":[{"taxonomy":"category","embeddable":true,"href":"https:\/\/blog.cancaonova.com\/maranatha\/wp-json\/wp\/v2\/categories?post=533"},{"taxonomy":"post_tag","embeddable":true,"href":"https:\/\/blog.cancaonova.com\/maranatha\/wp-json\/wp\/v2\/tags?post=533"}],"curies":[{"name":"wp","href":"https:\/\/api.w.org\/{rel}","templated":true}]}}