{"id":630,"date":"2011-10-16T21:44:25","date_gmt":"2011-10-17T01:44:25","guid":{"rendered":"http:\/\/blog.cancaonova.com\/maranatha\/?p=630"},"modified":"2019-05-04T21:38:54","modified_gmt":"2019-05-05T00:38:54","slug":"16-de-outubro-de-1978","status":"publish","type":"post","link":"https:\/\/blog.cancaonova.com\/maranatha\/2011\/10\/16\/16-de-outubro-de-1978\/","title":{"rendered":"16 de Outubro de 1978"},"content":{"rendered":"<p><iframe loading=\"lazy\" title=\"Papa Jo\u00c3\u00a3o Paulo II elei\u00c3\u00a7\u00c3\u00a3o em 1978 (legendado)\" width=\"600\" height=\"450\" src=\"https:\/\/www.youtube.com\/embed\/hb3W8DGEN_k?feature=oembed&amp;rel=0\" frameborder=\"0\" allow=\"accelerometer; autoplay; clipboard-write; encrypted-media; gyroscope; picture-in-picture; web-share\" referrerpolicy=\"strict-origin-when-cross-origin\" allowfullscreen><\/iframe><\/p>\n<p style=\"text-align: justify\">Eu ainda n\u00e3o havia nascido quando se proclamou o \u201c<em>Habemus Papam\u201d<\/em> de 16 de outubro do ano de 1978. Talvez nem mesmo voc\u00ea, mas \u00e9 certo que o mundo n\u00e3o foi mais o mesmo depois da elei\u00e7\u00e3o de Jo\u00e3o Paulo II \u2013 <a href=\"http:\/\/noticias.cancaonova.com\/joaopauloii\/\" target=\"_blank\" rel=\"noopener\">recentemente beatificado<\/a>.<\/p>\n<p style=\"text-align: justify\">Homem simples, movido pelo Esp\u00edrito Santo e profundamente mariano, Jo\u00e3o Paulo II ensinou continuamente que era preciso <em>abrir, ou melhor, escancarar as portas ao Redentor<\/em>. Papa mission\u00e1rio que quebrou muitos recordes, protocolos e paradigmas e fez de sua vida um incans\u00e1vel e eloquente an\u00fancio do Evangelho de Cristo.<\/p>\n<p style=\"text-align: justify\"><em>&#8220;Non abbiate paura!!&#8221; <\/em>[N\u00e3o tenhais medo!!], exorta\u00e7\u00e3o que n\u00e3o s\u00f3 ouvimos com firmeza proclamada pelos l\u00e1bios do querido Jo\u00e3o de Deus, mas que tamb\u00e9m a vimos \u2013 como num outdoor \u2013 estampada em seu rosto, em suas rugas, em seu olhar penetrante, em sua cont\u00ednua aud\u00e1cia pastoral.<\/p>\n<p style=\"text-align: justify\">Semeador da paz e conc\u00f3rdia, um homem incomum que deixou rastros por onde passou. Escritor, poeta, artista, esportista&#8230; jovem at\u00e9 o \u00faltimo suspiro provando que o homem tem a idade do seu sorriso.<\/p>\n<p style=\"text-align: justify\">Agora \u00e9 a nossa vez! Trinta e tr\u00eas anos ap\u00f3s aquele dia hist\u00f3rico, cabe a n\u00f3s ultrapassarmos a admira\u00e7\u00e3o, regar com ora\u00e7\u00e3o tudo o que aprendemos de sua vida, e \u2013 como tamb\u00e9m aprendemos dele \u2013 dar passos destemidos pelo an\u00fancio da Boa Nova, pois n\u00e3o h\u00e1 fronteiras para o Evangelho.<\/p>\n<p style=\"text-align: justify\">Suplico a Deus que, pelos m\u00e9ritos e preces do Beato Jo\u00e3o Paulo II, alcancemos tamb\u00e9m o c\u00e9u e fa\u00e7amos de nossa peregrina\u00e7\u00e3o terrestre um eco daquele exemplo deixado pelo papa da juventude.<\/p>\n<p style=\"text-align: justify\">Grande abra\u00e7o,<\/p>\n<p style=\"text-align: justify\">Maranath\u00e1!!<\/p>\n<p style=\"text-align: justify\"><strong>Edmilson Dias<\/strong><\/p>\n<p style=\"text-align: justify\">Seminarista \u2013 Comunidade Can\u00e7\u00e3o Nova<\/p>\n","protected":false},"excerpt":{"rendered":"<p>Eu ainda n\u00e3o havia nascido quando se proclamou o \u201cHabemus Papam\u201d de 16 de outubro do ano de 1978. Talvez nem mesmo voc\u00ea, mas \u00e9 certo que o mundo n\u00e3o foi mais o mesmo depois da elei\u00e7\u00e3o de Jo\u00e3o Paulo&#8230;<\/p>\n","protected":false},"author":4457,"featured_media":0,"comment_status":"closed","ping_status":"open","sticky":false,"template":"","format":"video","meta":{"_mi_skip_tracking":false,"_monsterinsights_sitenote_active":false,"_monsterinsights_sitenote_note":"","_monsterinsights_sitenote_category":0,"footnotes":""},"categories":[50642],"tags":[25086,27731,5011,33190,33267,33264,6851,26700,7941,701,1031,2231,39],"_links":{"self":[{"href":"https:\/\/blog.cancaonova.com\/maranatha\/wp-json\/wp\/v2\/posts\/630"}],"collection":[{"href":"https:\/\/blog.cancaonova.com\/maranatha\/wp-json\/wp\/v2\/posts"}],"about":[{"href":"https:\/\/blog.cancaonova.com\/maranatha\/wp-json\/wp\/v2\/types\/post"}],"author":[{"embeddable":true,"href":"https:\/\/blog.cancaonova.com\/maranatha\/wp-json\/wp\/v2\/users\/4457"}],"replies":[{"embeddable":true,"href":"https:\/\/blog.cancaonova.com\/maranatha\/wp-json\/wp\/v2\/comments?post=630"}],"version-history":[{"count":8,"href":"https:\/\/blog.cancaonova.com\/maranatha\/wp-json\/wp\/v2\/posts\/630\/revisions"}],"predecessor-version":[{"id":877,"href":"https:\/\/blog.cancaonova.com\/maranatha\/wp-json\/wp\/v2\/posts\/630\/revisions\/877"}],"wp:attachment":[{"href":"https:\/\/blog.cancaonova.com\/maranatha\/wp-json\/wp\/v2\/media?parent=630"}],"wp:term":[{"taxonomy":"category","embeddable":true,"href":"https:\/\/blog.cancaonova.com\/maranatha\/wp-json\/wp\/v2\/categories?post=630"},{"taxonomy":"post_tag","embeddable":true,"href":"https:\/\/blog.cancaonova.com\/maranatha\/wp-json\/wp\/v2\/tags?post=630"}],"curies":[{"name":"wp","href":"https:\/\/api.w.org\/{rel}","templated":true}]}}